{"id":223707,"date":"2024-07-15T20:47:16","date_gmt":"2024-07-15T23:47:16","guid":{"rendered":"https:\/\/diarioregionaldigital.com.br\/?p=223707"},"modified":"2024-07-15T20:47:16","modified_gmt":"2024-07-15T23:47:16","slug":"medalha-do-dia-de-minas-presta-homenagem-a-pessoas-e-instituicoes-com-atuacao-em-defesa-dos-atingidos-pela-tragedia-de-mariana","status":"publish","type":"post","link":"https:\/\/diarioregionaldigital.com.br\/?p=223707","title":{"rendered":"Medalha do Dia de Minas presta homenagem a pessoas e institui\u00e7\u00f5es com atua\u00e7\u00e3o em defesa dos atingidos pela trag\u00e9dia de Mariana"},"content":{"rendered":"<p><main class=\"clear margin-md-bottom-3\"><\/p>\n<div class=\"clear \">\n<p>O governador Romeu Zema preside, nesta ter\u00e7a-feira (16\/7), em Mariana, na regi\u00e3o Central do Estado, a cerim\u00f4nia oficial em comemora\u00e7\u00e3o ao Dia de Minas. Nesta data, simbolicamente, a capital do Estado \u00e9 transferida para Mariana, primeira capital mineira, que comemora 328 anos de funda\u00e7\u00e3o em 2024.\u00a0A entrega das honrarias ser\u00e1 na Pra\u00e7a Minas Gerais, com in\u00edcio da programa\u00e7\u00e3o \u00e0s 8h,\u00a0com uma missa solene na\u00a0Igreja de Nossa Senhora do Carmo.<\/p>\n<p>Neste ano, a tradicional Medalha Dia do Estado de Minas Gerais tem um objetivo ainda mais nobre. Entre pessoas, institui\u00e7\u00f5es, organiza\u00e7\u00f5es e representantes da sociedade civil\u00a0homenageadas, tamb\u00e9m v\u00e3o estar nomes com atua\u00e7\u00e3o em defesa de uma repactua\u00e7\u00e3o justa do acordo referente \u00e0 trag\u00e9dia de Mariana.<\/p>\n<p>H\u00e1 quase uma d\u00e9cada, as fam\u00edlias das v\u00edtimas, atingidos e todos os prejudicados direta e indiretamente pelo desastre aguardam por uma repactua\u00e7\u00e3o justa e adequada, em raz\u00e3o dos erros e inconsist\u00eancias de um acordo malconduzido, com propostas insuficientes e desconectadas do objetivo principal de repara\u00e7\u00e3o integral pelos danos causados.<\/p>\n<p>&nbsp;<\/p>\n<table border=\"0\" cellspacing=\"1\" cellpadding=\"1\" align=\"center\">\n<tbody>\n<tr>\n<td colspan=\"5\"><img decoding=\"async\" src=\"https:\/\/www.agenciaminas.mg.gov.br\/ckeditor_assets\/pictures\/20949\/content_2_olho_topo.jpg\" alt=\"\" \/><\/td>\n<\/tr>\n<tr>\n<td><\/td>\n<td colspan=\"3\" rowspan=\"3\">\n<h1><strong>&#8220;Nesta cidade que tanto representa nosso estado &#8211; primeiro munic\u00edpio e capital de Minas Gerais, a mensagem que queremos refor\u00e7ar &#8211; na figura dos nossos homenageados &#8211; \u00e9 a de compromisso irrestrito para garantir a justa repara\u00e7\u00e3o a todos os atingidos da Bacia do Rio Doce. A trag\u00e9dia em Mariana ocorreu em 2015, e a lentid\u00e3o e a morosidade s\u00e3o as \u00fanicas marcas desse modelo de acordo insuficiente, feito l\u00e1 atr\u00e1s, que n\u00e3o contempla e nem prioriza efetivamente os atingidos&#8221;, afirma\u00a0Romeu Zema.<\/strong><\/h1>\n<\/td>\n<td><\/td>\n<\/tr>\n<tr>\n<td><\/td>\n<td><\/td>\n<\/tr>\n<tr>\n<td><\/td>\n<td><\/td>\n<\/tr>\n<tr>\n<td colspan=\"5\"><img decoding=\"async\" src=\"https:\/\/www.agenciaminas.mg.gov.br\/ckeditor_assets\/pictures\/20950\/content_2_olho_inferior.jpg\" alt=\"\" \/><\/td>\n<\/tr>\n<\/tbody>\n<\/table>\n<p><strong>Negocia\u00e7\u00f5es<\/strong><\/p>\n<p>A trag\u00e9dia ambiental de novembro de 2015, com o rompimento da Barragem de Fund\u00e3o, sob responsabilidade da mineradora Samarco, controlada pela Vale e pela BHP Billiton, tirou a vida de 19 pessoas, al\u00e9m de provocar uma s\u00e9rie de danos socioecon\u00f4micos aos estados de Minas Gerais e do Esp\u00edrito Santo.<\/p>\n<p>O Poder P\u00fablico reconhece que n\u00e3o \u00e9 mais poss\u00edvel que a injusti\u00e7a continue a prevalecer nestes quase dez anos. Por conta disso, o Governo do Estado &#8211; assim como os outros compromitentes &#8211; cobram novo posicionamento das empresas &#8211; Samarco Minera\u00e7\u00e3o S.A, Vale S.A e BHP Billiton Brasil Ltda. &#8211; para que retornem \u00e0 mesa de discuss\u00f5es e possam demonstrar efetivamente sua responsabilidade social e ambiental.<\/p>\n<p>Em a\u00e7\u00e3o mais recente, os Governos de Minas e do Esp\u00edrito Santo, Uni\u00e3o, Minist\u00e9rios P\u00fablicos de Minas Gerais e do Esp\u00edrito Santo, Minist\u00e9rio P\u00fablico Federal (MPF) e Defensorias P\u00fablicas de Minas Gerais, do Esp\u00edrito Santo e da Uni\u00e3o encaminharam ao Tribunal Regional Federal da 6\u00aa Regi\u00e3o (TRF-6) ingressaram com uma peti\u00e7\u00e3o judicial justamente para tentar retomar as negocia\u00e7\u00f5es por uma repactua\u00e7\u00e3o c\u00e9lere e justa.<\/p>\n<p>O processo da busca pela repactua\u00e7\u00e3o do acordo de Mariana teve in\u00edcio em junho de 2021, ap\u00f3s a assinatura da Carta de Premissas entre os governos de Minas Gerais, Esp\u00edrito Santo e a Uni\u00e3o, com as institui\u00e7\u00f5es de Justi\u00e7a. Ele foi iniciado devido \u00e0 experi\u00eancia bem-sucedida no termo firmado ap\u00f3s a trag\u00e9dia de Brumadinho e aos baixos resultados de repara\u00e7\u00e3o no caso do desastre de Mariana.<\/p>\n<p>\u201cNosso objetivo, com os esfor\u00e7os para a repactua\u00e7\u00e3o, \u00e9 garantir que a repara\u00e7\u00e3o tenha efetividade, celeridade e represente, de verdade, os interesses das pessoas, fam\u00edlias e regi\u00f5es atingidas pela trag\u00e9dia. Os Governos de Minas e do Esp\u00edrito Santo e os demais compromitentes n\u00e3o est\u00e3o preocupados com a distribui\u00e7\u00e3o de recursos entre estados e Uni\u00e3o, mas sim em determinar obriga\u00e7\u00f5es, a\u00e7\u00e3o e agilidade, com investimentos em saneamento b\u00e1sico, meio ambiente e outras \u00e1reas que representem benef\u00edcios diretos \u00e0 popula\u00e7\u00e3o&#8221;, enfatiza o governador.<\/p>\n<p><strong>Brumadinho<\/strong><\/p>\n<p>O Acordo Judicial de Brumadinho, assinado pelo Governo de Minas, Minist\u00e9rio P\u00fablico Federal (MPF), Minist\u00e9rio P\u00fablico de Minas Gerais (MPMG) e Defensoria P\u00fablica de Minas Gerais (DPMG) com a Vale, referente ao rompimento das barragens em 2019, \u00e9 um exemplo de como a seriedade nas tratativas e o foco no que de fato importa &#8211; a devida e justa repara\u00e7\u00e3o aos atingidos &#8211; fazem a diferen\u00e7a na busca por justi\u00e7a e garantia de direitos.<\/p>\n<p>Para manter a celeridade e efici\u00eancia no cumprimento do Termo de Repara\u00e7\u00e3o, os compromitentes &#8211; em conjunto com representantes da sociedade civil &#8211; seguem vigilantes e atentos \u00e0s pactua\u00e7\u00f5es, cobrando, fiscalizando e acompanhando os prazos e execu\u00e7\u00e3o de obriga\u00e7\u00f5es assumidas pela empresa.<\/p>\n<p>N\u00e3o por acaso, o Acordo Judicial de Brumadinho \u00e9 um dos mais exigentes de medidas de repara\u00e7\u00e3o j\u00e1 firmados pelo Poder P\u00fablico, com valor global de indeniza\u00e7\u00e3o de R$ 37,6 bilh\u00f5es.<\/p>\n<p>Em junho deste ano, por exemplo, em defesa e benef\u00edcio dos munic\u00edpios atingidos, o Governo de Minas e as Institui\u00e7\u00f5es de Justi\u00e7a solicitaram uma convers\u00e3o de obriga\u00e7\u00e3o para acelerar a realiza\u00e7\u00e3o de projetos de saneamento na regi\u00e3o atingida. Com autoriza\u00e7\u00e3o judicial, foram modificados par\u00e2metros para que os pr\u00f3prios munic\u00edpios pudessem executar mais rapidamente as iniciativas com os recursos previstos para as implementa\u00e7\u00f5es na regi\u00e3o da Bacia do Paraopeba.<\/p>\n<p>A prioriza\u00e7\u00e3o do di\u00e1logo, transpar\u00eancia e participa\u00e7\u00e3o ativa dos atingidos caracterizam o \u00eaxito da elabora\u00e7\u00e3o e execu\u00e7\u00e3o do Acordo Judicial para reparar danos coletivos e difusos decorrentes do rompimento das barragens da Vale em Brumadinho. A realiza\u00e7\u00e3o de Consulta Popular, inclusive, foi fundamental e determinante para a escolha e defini\u00e7\u00e3o das obras priorit\u00e1rias em atendimento \u00e0s demandas da regi\u00e3o atingida.<\/p>\n<p>A trag\u00e9dia em Brumadinho tirou a vida de 272 pessoas e gerou uma s\u00e9rie de impactos sociais, ambientais e econ\u00f4micos na bacia do Rio Paraopeba e em todo o estado de Minas Gerais. Para conhecer os projetos e a\u00e7\u00f5es previstos e todo o detalhamento do Acordo Judicial, acesse\u00a0<a href=\"http:\/\/www.mg.gov.br\/pro-brumadinho\">www.mg.gov.br\/pro-brumadinho<\/a>.<\/p>\n<p><strong>Mar de Lama Nunca Mais<\/strong><\/p>\n<p>A atual gest\u00e3o foi respons\u00e1vel por sancionar a Lei 23.291 de 25\/2\/2019, mais conhecida como &#8220;Mar de Lama Nunca Mais&#8221;, com regras mais r\u00edgidas para a minera\u00e7\u00e3o em Minas Gerais. A legisla\u00e7\u00e3o refor\u00e7a o compromisso do Poder P\u00fablico para garantir que trag\u00e9dias como as de Mariana e Brumadinho jamais voltem a ocorrer no estado.<\/p>\n<p>Al\u00e9m da continuidade na ado\u00e7\u00e3o de medidas para fortalecer a legisla\u00e7\u00e3o ambiental, o Governo de Minas tamb\u00e9m tem se destacado, atualmente, no est\u00edmulo e compromisso com o desenvolvimento de uma economia mais verde e sustent\u00e1vel.<\/p>\n<p>Destaque, por exemplo, como primeiro Estado da Am\u00e9rica Latina e do Caribe a aderir \u00e0 campanha mundial Race to Zero, para neutralizar emiss\u00f5es l\u00edquidas de gases de efeito estufa at\u00e9 2050. Al\u00e9m disso, Minas ocupa posi\u00e7\u00f5es de lideran\u00e7a em gera\u00e7\u00e3o de energia fotovoltaica, com\u00a0proje\u00e7\u00e3o internacional nas discuss\u00f5es e avan\u00e7os em transi\u00e7\u00e3o energ\u00e9tica.<\/p>\n<p><strong>Dia de Minas<\/strong><\/p>\n<p>A Constitui\u00e7\u00e3o Mineira determina que o 16 de julho \u00e9 o Dia de Minas. A data orienta a defini\u00e7\u00e3o daquela que ser\u00e1 chamada como\u00a0Semana de Minas, constituindo per\u00edodo de celebra\u00e7\u00e3o c\u00edvica em todo o estado. Em 16 de julho de 1977, durante sess\u00e3o solene comemorativa do 281\u00ba anivers\u00e1rio de Mariana, o professor Roque Jos\u00e9 Cam\u00eallo prop\u00f4s a institui\u00e7\u00e3o, como data c\u00edvica estadual, do Dia do Estado de Minas Gerais. O projeto recebeu o apoio de acad\u00eamicos, autoridades municipais e da comunidade marianense.<\/p>\n<p>No mesmo dia, em 1979, no 283\u00ba anivers\u00e1rio da cidade, foi pedido apoio ao ent\u00e3o governador Francelino Pereira para o projeto que declarava o 16\/7\u00a0como o Dia do Estado de Minas Gerais. A Lei Estadual instituiu a data comemorativa. Em 1980, foi sancionada a Lei Municipal 561, que instituiu a Medalha do Dia do Estado de Minas Gerais. A Constitui\u00e7\u00e3o do Estado, promulgada em 1989, formalizou a data como Dia de Minas, assim como o 8\/12\u00a0como Dia dos Gerais.<\/p>\n<p><img decoding=\"async\" src=\"https:\/\/www.agenciaminas.mg.gov.br\/ckeditor_assets\/pictures\/21319\/content_medalha_mariana_2.jpg\" alt=\"\" \/><br \/>\n<sub><em>Gil Leonardi \/ Imprensa MG<\/em><\/sub><\/p>\n<p><strong><u>Agraciados com a Medalha Dia do Estado de Minas Gerais &#8211; 2024<\/u><\/strong><br \/>\n<em>(conforme Portaria n\u00ba 007, de 10 de julho de 2024, publicada no Di\u00e1rio Oficial do Munic\u00edpio de Mariana)<\/em><\/p>\n<ul>\n<li><sub>Mateus Sim\u00f5es de Almeida &#8211; vice-governador do Estado de MG<\/sub><\/li>\n<li><sub>Luiz Carlos de Azevedo Corr\u00eaa Jr &#8211; presidente do Tribunal de Justi\u00e7a de MG<\/sub><\/li>\n<li><sub>Alexandre Rocha Santos Padilha \u2013 ministro-chefe da Secretaria de Rela\u00e7\u00f5es Institucionais da Presid\u00eancia da Rep\u00fablica<\/sub><\/li>\n<li><sub>Edilene L\u00f4bo \u2013 ministra substituta do Tribunal Superior Eleitoral<\/sub><\/li>\n<li><sub>Ricardo Machado Rabelo \u2013 desembargador do Tribunal Regional Federal da 6\u00aa Regi\u00e3o<\/sub><\/li>\n<li><sub>Greyce de Queiroz Elias &#8211; deputada federal<\/sub><\/li>\n<li><sub>Miguel \u00c2ngelo Monteiro de Andrade &#8211; deputado federal<\/sub><\/li>\n<li><sub>Camila Barbosa Neves &#8211; secret\u00e1ria de Estado de Planejamento e Gest\u00e3o de MG<\/sub><\/li>\n<li><sub>Charles dos Santos \u2013 deputado estadual<\/sub><\/li>\n<li><sub>Tiago Gomes de Carvalho &#8211; desembargador do Tribunal de Justi\u00e7a de MG<\/sub><\/li>\n<li><sub>Cl\u00e1udia Ferreira Pacheco de Freitas &#8211; secret\u00e1ria-geral da Procuradoria-Geral de Justi\u00e7a de MG<\/sub><\/li>\n<li><sub>Paulo de Tarso Morais Filho &#8211; chefe de gabinete do Minist\u00e9rio P\u00fablico de MG<\/sub><\/li>\n<li><sub>Carlos Eduardo Ferreira Pinto &#8211; promotor de Justi\u00e7a do Minist\u00e9rio P\u00fablico de MG<\/sub><\/li>\n<li><sub>Luis Ot\u00e1vio Milagres de Assis \u2013 secret\u00e1rio adjunto de Planejamento e Gest\u00e3o de MG<\/sub><\/li>\n<li><sub>Felippe Ferreira de Mello &#8211; subsecret\u00e1rio de Gest\u00e3o de Transfer\u00eancias Estaduais da Secretaria de Estado de Governo de MG<\/sub><\/li>\n<li><sub>Tom\u00e1s Tavares Perdig\u00e3o Mendes &#8211; subsecret\u00e1rio de Esportes da Secret\u00e1ria de Estado de Desenvolvimento Social de MG<\/sub><\/li>\n<li><sub>Ricardo Iannotti da Rocha &#8211; subsecret\u00e1rio de Estado para Assuntos Administrativos \u2013 Secretaria da Casa Civil do Governo do Estado do Espirito Santo<\/sub><\/li>\n<li><sub>Halysson Claudino C\u00e2mara dos Santos &#8211; \u00a0tenente-coronel PM &#8211; comandante da Escola de Forma\u00e7\u00e3o de Soldados da Pol\u00edcia Militar de MG<\/sub><\/li>\n<li><sub>Lucas Coelho Ferreira &#8211; prefeito de Caet\u00e9<\/sub><\/li>\n<li><sub>Valmir Rodrigues da Silva &#8211; presidente da Federa\u00e7\u00e3o das Associa\u00e7\u00f5es Comerciais e Empresariais do Estado de Minas Gerais &#8211; Federaminas<\/sub><\/li>\n<li><sub>Frank Sinatra Santos Chaves &#8211; presidente da Federa\u00e7\u00e3o das C\u00e2maras de Dirigentes Lojistas de Minas Gerais \u2013 FCDL<\/sub><\/li>\n<li><sub>Alex Sandro dos Santos &#8211; empres\u00e1rio &#8211; Grupo Mercograff<\/sub><\/li>\n<li><sub>Alice Lorentz de Faria Godinho &#8211; ex-presidente do Comit\u00ea da Bacia Hidrogr\u00e1fica dos Afluentes Mineiros do Rio Mucuri \u2013 Movimento Pr\u00f3 Rio Todos os Santos e Mucuri<\/sub><\/li>\n<li><sub>Aline Diniz Duarte Oliveira &#8211; editora adjunta de Cidades do Jornal O Tempo<\/sub><\/li>\n<li><sub>Amarildo Pereira de Souza &#8211; gabinete da Secretaria de Governo<\/sub><\/li>\n<li><sub>Argeu de Lima G\u00e9o &#8211; presidente do Grupo Ag\u00e9o Agropecu\u00e1ria<\/sub><\/li>\n<li><sub>Arlindo Lu\u00eds Ferreira \u2013 assessor t\u00e9cnico de Governo da Prefeitura Municipal de Mariana<\/sub><\/li>\n<li><sub>Bruno Rangel Avelino da Silva \u2013 advogado<\/sub><\/li>\n<li><sub>Daniel Augusto Perez Fernandes \u2013 advogado &#8211; Assembleia Legislativa do Estado de MG<\/sub><\/li>\n<li><sub>Daniel Fioravante Barbosa &#8211; coordenador do N\u00facleo de Desenvolvimento Institucional da Federa\u00e7\u00e3o das Apaes de MG<\/sub><\/li>\n<li><sub>Denise Strassburger Nunes \u2013 m\u00e9dica oncologista &#8211; Hospital Oncol\u00f3gico<\/sub><\/li>\n<li><sub>Eduardo Damian Duarte \u2013 advogado e professor de Direito<\/sub><\/li>\n<li><sub>\u00c9lcio Pereira Rocha \u2013 fot\u00f3grafo\/empres\u00e1rio<\/sub><\/li>\n<li><sub>Elizabeth Cota &#8211; presidente da UNDINE estadual e vice-presidente nacional<\/sub><\/li>\n<li><sub>F\u00e1bio Lacerda da Silva \u2013 empres\u00e1rio e idealizador do Festival Ore Comigo<\/sub><\/li>\n<li><sub>Felipe Rameh de Paula &#8211; chef de cozinha<\/sub><\/li>\n<li><sub>Jairo Borges de Oliveira \u2013 soldado da Pol\u00edcia Militar de MG<\/sub><\/li>\n<li><sub>Jos\u00e9 Carlos Brito de \u00c1vila Camargo &#8211; jornalista e apresentador de TV<\/sub><\/li>\n<li><sub>Jos\u00e9 Newton Kury de Oliveira Coelho &#8211; engenheiro civil<\/sub><\/li>\n<li><sub>Jos\u00e9 Reinaldo de Lima &#8211; embaixador do Clube Atl\u00e9tico Mineiro<\/sub><\/li>\n<li><sub>Jos\u00e9 Sad J\u00fanior \u2013 advogado<\/sub><\/li>\n<li><sub>Liliana Junger Ribeiro Soares \u2013 jornalista, rep\u00f3rter e apresentadora &#8211; TV Globo Minas<\/sub><\/li>\n<li><sub>Lucas Prado Kallas &#8211; presidente do Conselho da Cedro Participa\u00e7\u00f5es S.A<\/sub><\/li>\n<li><sub>Marciele Proc\u00f3pio Delduque &#8211; presidente da CUFA<\/sub><\/li>\n<li><sub>Maria Alice Melo Coelho &#8211; advogada e diretora de Capta\u00e7\u00e3o da Assopoc<\/sub><\/li>\n<li><sub>Mateus Edson dos Reis \u2013 jornalista &#8211; R\u00e1dio Mariana FM<\/sub><\/li>\n<li><sub>Milen de Souza Lemos \u2013 contador e s\u00f3cio-administrador da Souza Lemos Contabilidade<\/sub><\/li>\n<li><sub>Moacir Rodrigo de Castro Maia \u2013 historiador e escritor<\/sub><\/li>\n<li><sub>Pedro Louren\u00e7o Oliveira \u2013 empres\u00e1rio Supermercado BH<\/sub><\/li>\n<li><sub>Rose Mary Vieira Peixoto \u2013administradora &#8211; SP Contabilidade<\/sub><\/li>\n<li><sub>Samuel Gamarano Gomes \u2013 professor de Educa\u00e7\u00e3o F\u00edsica<\/sub><\/li>\n<li><sub>Valdemar de Jesus Malta &#8211; aposentado \u2013 ex-coordenador da Associa\u00e7\u00e3o de Catadores de Materiais Recicl\u00e1veis (CAMAR) de Mariana<\/sub><\/li>\n<\/ul>\n<p>&nbsp;<\/p>\n<\/div>\n<p><\/main><\/p>\n<p>Fonte: Ag\u00eancia Minas<\/p>\n","protected":false},"excerpt":{"rendered":"<p>O governador Romeu Zema preside, nesta ter\u00e7a-feira (16\/7), em Mariana, na regi\u00e3o Central do Estado, a cerim\u00f4nia oficial em comemora\u00e7\u00e3o ao Dia de Minas. Nesta data, simbolicamente, a capital do Estado \u00e9 transferida para Mariana, primeira capital mineira, que comemora 328 anos de funda\u00e7\u00e3o em 2024.\u00a0A entrega das honrarias ser\u00e1 na Pra\u00e7a Minas Gerais, com [&hellip;]<\/p>\n","protected":false},"author":246,"featured_media":223708,"comment_status":"closed","ping_status":"closed","sticky":false,"template":"","format":"standard","meta":{"footnotes":""},"categories":[302,436,254,252,439],"tags":[],"class_list":["post-223707","post","type-post","status-publish","format-standard","has-post-thumbnail","hentry","category-brasil-mundo","category-destaque-da-semana","category-politica","category-regiao","category-ultima-hora"],"_links":{"self":[{"href":"https:\/\/diarioregionaldigital.com.br\/index.php?rest_route=\/wp\/v2\/posts\/223707","targetHints":{"allow":["GET"]}}],"collection":[{"href":"https:\/\/diarioregionaldigital.com.br\/index.php?rest_route=\/wp\/v2\/posts"}],"about":[{"href":"https:\/\/diarioregionaldigital.com.br\/index.php?rest_route=\/wp\/v2\/types\/post"}],"author":[{"embeddable":true,"href":"https:\/\/diarioregionaldigital.com.br\/index.php?rest_route=\/wp\/v2\/users\/246"}],"replies":[{"embeddable":true,"href":"https:\/\/diarioregionaldigital.com.br\/index.php?rest_route=%2Fwp%2Fv2%2Fcomments&post=223707"}],"version-history":[{"count":1,"href":"https:\/\/diarioregionaldigital.com.br\/index.php?rest_route=\/wp\/v2\/posts\/223707\/revisions"}],"predecessor-version":[{"id":223709,"href":"https:\/\/diarioregionaldigital.com.br\/index.php?rest_route=\/wp\/v2\/posts\/223707\/revisions\/223709"}],"wp:featuredmedia":[{"embeddable":true,"href":"https:\/\/diarioregionaldigital.com.br\/index.php?rest_route=\/wp\/v2\/media\/223708"}],"wp:attachment":[{"href":"https:\/\/diarioregionaldigital.com.br\/index.php?rest_route=%2Fwp%2Fv2%2Fmedia&parent=223707"}],"wp:term":[{"taxonomy":"category","embeddable":true,"href":"https:\/\/diarioregionaldigital.com.br\/index.php?rest_route=%2Fwp%2Fv2%2Fcategories&post=223707"},{"taxonomy":"post_tag","embeddable":true,"href":"https:\/\/diarioregionaldigital.com.br\/index.php?rest_route=%2Fwp%2Fv2%2Ftags&post=223707"}],"curies":[{"name":"wp","href":"https:\/\/api.w.org\/{rel}","templated":true}]}}