{"id":223694,"date":"2024-07-15T20:19:50","date_gmt":"2024-07-15T23:19:50","guid":{"rendered":"https:\/\/diarioregionaldigital.com.br\/?p=223694"},"modified":"2024-07-15T20:19:50","modified_gmt":"2024-07-15T23:19:50","slug":"ginasta-barbara-domingos-fatura-bronze-em-etapa-da-copa-do-mundo","status":"publish","type":"post","link":"https:\/\/diarioregionaldigital.com.br\/?p=223694","title":{"rendered":"Ginasta B\u00e1rbara Domingos fatura bronze em etapa da Copa do Mundo"},"content":{"rendered":"<p>Pela primeira vez classificada a quatro finais de aparelho em uma etapa da Copa do Mundo de gin\u00e1stica r\u00edtmica, a brasileira B\u00e1rbara Domingos faturou a medalha de bronze na prova da fita neste domingo (14), na cidade de Cluj-Napoca (Rom\u00eania). A curitibana de 24 anos, tamb\u00e9m conhecida pelo apelido de Babi, apresentou sua coreografia ao som da m\u00fasica \u201cBad Romance\u201d, da compositora norte-americana Lady Gaga, e obteve nota 32.350. O ouro ficou a ucraniana Taisilia Onofriichuk e a prata com a h\u00fangara Fanni Pigniczki \u2013 ambas receberam nota 32.900, mas Taisilia foi campe\u00e3 pelo crit\u00e9rio de desempate.<\/p>\n<p>O p\u00f3dio foi o terceiro de Babi em torneios organizados pela Federa\u00e7\u00e3o Internacional de Gin\u00e1stica (FIG). No ano passado, a ginasta curitibana, com presen\u00e7a garantida nos Jogos de Paris, j\u00e1 havia faturado bronze na etapa da Copa do Mundo de Sofia (Bulg\u00e1ria) e ouro no Grand Prix de Thiais (Fran\u00e7a).<\/p>\n<p>\u201cEstava um pouco apreensiva com a final de fita. Entre sair da \u00e1rea de competi\u00e7\u00e3o, trocar collant, pegar aparelho e se preparar para entrar. E Babi tem todo um ritual, temos pouco tempo e ela n\u00e3o teve muita brecha para fazer as repeti\u00e7\u00f5es. Tratei de ench\u00ea-la de confian\u00e7a, afirmei que ela n\u00e3o precisava de repeti\u00e7\u00e3o, que estava mais que treinada e pronta, e que era s\u00f3 entrar l\u00e1 e fazer. E ela fez! Era muito dif\u00edcil uma medalha nessa competi\u00e7\u00e3o, numa disputa que reuniu praticamente todas as melhores ginastas do mundo. Mas conseguimos!\u201d, comemorou a treinadora M\u00e1rcia Naves, em depoimento \u00e0 Confedera\u00e7\u00e3o Brasileira de Gin\u00e1stica (CBG).<\/p>\n<p>Nas finais dos demais aparelhos, Babi ficou em quinto lugar tanto no arco (33.700) quanto nas ma\u00e7as (33.450). J\u00e1 na bola, a brasileira foi s\u00e9tima colocada (33.200).<\/p>\n<h2>Conjunto brasileiro &#8211; finais de s\u00e9ries<\/h2>\n<p><a href=\"https:\/\/agenciabrasil.ebc.com.br\/esportes\/noticia\/2024-07\/ginastica-ritmica-brasil-e-prata-em-ultima-competicao-antes-de-paris\"><strong>Ap\u00f3s conquistar a prata na disputa geral do conjunto no s\u00e1bado (14)<\/strong><\/a>, o quinteto brasileiro ficou fora do p\u00f3dio domingo (14). Na final dos cinco arcos, a equipe formada pelas ginastas Sofia Madeira, D\u00e9borah Medrado, Duda Arakaki, Nicole Pircio e Vict\u00f3ria Borges ficou na quarta posi\u00e7\u00e3o com a nota 37.750, O conjunto de Israel conquistou ouro ((39.400) e, na sequ\u00eancia, It\u00e1lia (38.750) e Bulg\u00e1ria (38.700), levaram prata e bronze, respectivamente.<\/p>\n<p>Na s\u00e9ria mista (tr\u00eas fitas e duas bolas), as brasileiras ficaram em oito lugar (29.950). O p\u00f3dio foi assegurado por pa\u00edses n\u00e3o considerados favoritos: a campe\u00e3 foi a Espanha (34.700), seguida por Fran\u00e7a (prata) e Ucr\u00e2nia (bronze) \u2013 ambas obtiveram 33.850, mas a Fran\u00e7a ficou com o ouro pelo crit\u00e9rio de desempate.<\/p>\n<h2>Paris 2024<\/h2>\n<p>O Brasil assegurou presen\u00e7a tanto no individual (Babi Domingos competir\u00e1 com outras 23 ginastas), quanto na disputa por conjunto (o quinteto nacional medir\u00e1 for\u00e7as com outras 70 equipes). A competi\u00e7\u00e3o da gin\u00e1stica r\u00edtmica em Paris ocorrer\u00e1 entre os dias 8 e\u00a010 de agosto.<\/p>\n<p>Fonte: Ag\u00eancia Brasil<\/p>\n","protected":false},"excerpt":{"rendered":"<p>Pela primeira vez classificada a quatro finais de aparelho em uma etapa da Copa do Mundo de gin\u00e1stica r\u00edtmica, a brasileira B\u00e1rbara Domingos faturou a medalha de bronze na prova da fita neste domingo (14), na cidade de Cluj-Napoca (Rom\u00eania). A curitibana de 24 anos, tamb\u00e9m conhecida pelo apelido de Babi, apresentou sua coreografia ao [&hellip;]<\/p>\n","protected":false},"author":246,"featured_media":223695,"comment_status":"closed","ping_status":"closed","sticky":false,"template":"","format":"standard","meta":{"footnotes":""},"categories":[436,440,257,439],"tags":[],"class_list":["post-223694","post","type-post","status-publish","format-standard","has-post-thumbnail","hentry","category-destaque-da-semana","category-destaques-do-dia","category-esporte","category-ultima-hora"],"_links":{"self":[{"href":"https:\/\/diarioregionaldigital.com.br\/index.php?rest_route=\/wp\/v2\/posts\/223694","targetHints":{"allow":["GET"]}}],"collection":[{"href":"https:\/\/diarioregionaldigital.com.br\/index.php?rest_route=\/wp\/v2\/posts"}],"about":[{"href":"https:\/\/diarioregionaldigital.com.br\/index.php?rest_route=\/wp\/v2\/types\/post"}],"author":[{"embeddable":true,"href":"https:\/\/diarioregionaldigital.com.br\/index.php?rest_route=\/wp\/v2\/users\/246"}],"replies":[{"embeddable":true,"href":"https:\/\/diarioregionaldigital.com.br\/index.php?rest_route=%2Fwp%2Fv2%2Fcomments&post=223694"}],"version-history":[{"count":1,"href":"https:\/\/diarioregionaldigital.com.br\/index.php?rest_route=\/wp\/v2\/posts\/223694\/revisions"}],"predecessor-version":[{"id":223696,"href":"https:\/\/diarioregionaldigital.com.br\/index.php?rest_route=\/wp\/v2\/posts\/223694\/revisions\/223696"}],"wp:featuredmedia":[{"embeddable":true,"href":"https:\/\/diarioregionaldigital.com.br\/index.php?rest_route=\/wp\/v2\/media\/223695"}],"wp:attachment":[{"href":"https:\/\/diarioregionaldigital.com.br\/index.php?rest_route=%2Fwp%2Fv2%2Fmedia&parent=223694"}],"wp:term":[{"taxonomy":"category","embeddable":true,"href":"https:\/\/diarioregionaldigital.com.br\/index.php?rest_route=%2Fwp%2Fv2%2Fcategories&post=223694"},{"taxonomy":"post_tag","embeddable":true,"href":"https:\/\/diarioregionaldigital.com.br\/index.php?rest_route=%2Fwp%2Fv2%2Ftags&post=223694"}],"curies":[{"name":"wp","href":"https:\/\/api.w.org\/{rel}","templated":true}]}}