{"id":223691,"date":"2024-07-15T20:09:59","date_gmt":"2024-07-15T23:09:59","guid":{"rendered":"https:\/\/diarioregionaldigital.com.br\/?p=223691"},"modified":"2024-07-15T20:09:59","modified_gmt":"2024-07-15T23:09:59","slug":"governador-destaca-compromisso-com-transicao-energetica-de-minas-em-dialogo-com-jovens","status":"publish","type":"post","link":"https:\/\/diarioregionaldigital.com.br\/?p=223691","title":{"rendered":"Governador destaca compromisso com transi\u00e7\u00e3o energ\u00e9tica de Minas em di\u00e1logo com jovens"},"content":{"rendered":"<p>O governador Romeu Zema e a secret\u00e1ria de Estado de\u00a0<a href=\"https:\/\/social.mg.gov.br\/\" target=\"_blank\" rel=\"noopener\">Desenvolvimento Social<\/a>, Al\u00ea Portela, participaram da abertura do Di\u00e1logo Regional Y20 Minas Gerais, evento organizado por jovens,\u00a0com participa\u00e7\u00e3o de representantes governamentais e sociedade civil, nesta segunda-feira (15\/7), em Belo Horizonte. O objetivo dessa edi\u00e7\u00e3o \u00e9 promover\u00a0espa\u00e7o de discuss\u00e3o e colabora\u00e7\u00e3o entre os participantes sobre transi\u00e7\u00e3o energ\u00e9tica.<\/p>\n<p>No discurso, o governador relembrou alguns problemas enfrentados pelo estado, principalmente em rela\u00e7\u00e3o ao rompimento da barragem de Mariana, em 2015,\u00a0e comparou com a de Brumadinho, em 2019, que na \u00e9poca, a atual gest\u00e3o do\u00a0<a href=\"https:\/\/www.mg.gov.br\/\" target=\"_blank\" rel=\"noopener\">Governo de Minas<\/a>, rapidamente buscou multar os respons\u00e1veis e acolher as v\u00edtimas.<\/p>\n<table border=\"0\" cellspacing=\"1\" cellpadding=\"1\" align=\"center\">\n<tbody>\n<tr>\n<td colspan=\"5\"><img decoding=\"async\" src=\"https:\/\/www.agenciaminas.mg.gov.br\/ckeditor_assets\/pictures\/20949\/content_2_olho_topo.jpg\" alt=\"\" \/><\/td>\n<\/tr>\n<tr>\n<td><\/td>\n<td colspan=\"3\" rowspan=\"3\">\n<h1><strong>&#8220;Quando aconteceu a trag\u00e9dia de Mariana, nada foi feito pelo governo da \u00e9poca. No meu primeiro m\u00eas como governador, a barragem de Brumadinho se rompeu e prontamente aplicamos a maior multa da hist\u00f3ria de uma empresa privada no Brasil&#8221;, afirmou Romeu Zema.\u00a0<\/strong><\/h1>\n<\/td>\n<td><\/td>\n<\/tr>\n<tr>\n<td><\/td>\n<td><\/td>\n<\/tr>\n<tr>\n<td><\/td>\n<td><\/td>\n<\/tr>\n<tr>\n<td colspan=\"5\"><img decoding=\"async\" src=\"https:\/\/www.agenciaminas.mg.gov.br\/ckeditor_assets\/pictures\/20950\/content_2_olho_inferior.jpg\" alt=\"\" \/><\/td>\n<\/tr>\n<\/tbody>\n<\/table>\n<p>&nbsp;<\/p>\n<p>&#8220;Aprimoramos tamb\u00e9m a legisla\u00e7\u00e3o &#8216;Mar de Lama, nunca mais&#8217;, com retirada e descaracteriza\u00e7\u00e3o de barragens a montante. \u00c9 isso o que fazemos. N\u00e3o somos como governos anteriores, que falavam muito e agiam pouco\u201d, disse o governador.<\/p>\n<p>O Acordo de Brumadinho foi assinado pelo Governo de Minas, Minist\u00e9rio P\u00fablico Federal (MPF), Minist\u00e9rio P\u00fablico de Minas Gerais (MPMG) e Defensoria P\u00fablica de Minas Gerais (DPMG) com a empresa Vale. A trag\u00e9dia causou 272 mortes e globalmente o valor da indeniza\u00e7\u00e3o foi de R$ 37,6 bilh\u00f5es.<\/p>\n<p>Zema disse que\u00a0desde o in\u00edcio da sua gest\u00e3o, principalmente, em rela\u00e7\u00e3o a gera\u00e7\u00e3o de energia de 8 GW que o estado fornece. O chefe do Executivo salientou a import\u00e2ncia de a transi\u00e7\u00e3o energ\u00e9tica estar sendo debatida no evento.<\/p>\n<p><strong>Diversifica\u00e7\u00e3o da matriz energ\u00e9tica<\/strong><\/p>\n<p>Minas Gerais tem desempenhado um papel proeminente no contexto da transi\u00e7\u00e3o energ\u00e9tica, demonstrando um compromisso s\u00f3lido com a diversifica\u00e7\u00e3o da matriz energ\u00e9tica e o est\u00edmulo ao uso de fontes renov\u00e1veis e sustent\u00e1veis de energia. Iniciativas como a Pol\u00edtica Estadual de Transi\u00e7\u00e3o Energ\u00e9tica de Minas Gerais (Pete), o Race To Zero e a Pol\u00edtica Estadual de Incentivo ao Uso da Energia Solar refletem o comprometimento em promover um futuro energ\u00e9tico mais limpo e equitativo.<\/p>\n<p>Minas Gerais tem investido em promover a diversifica\u00e7\u00e3o da matriz energ\u00e9tica do estado, em especial com o incentivo \u00e0 produ\u00e7\u00e3o e utiliza\u00e7\u00e3o de energia de fontes renov\u00e1veis, limpas, considerando as especificidades e potencialidades de cada regi\u00e3o sendo exemplo de lideran\u00e7a e inova\u00e7\u00e3o no setor energ\u00e9tico.<\/p>\n<p><strong>Di\u00e1logo\u00a0<\/strong><\/p>\n<p>A iniciativa visa criar uma carta de recomenda\u00e7\u00f5es concretas e consensuais que reflitam as necessidades e prioridades das juventudes mineiras em rela\u00e7\u00e3o \u00e0 agenda da transi\u00e7\u00e3o energ\u00e9tica. Nessa edi\u00e7\u00e3o, o tema \u00a0\u00e9 \u201cCaminhos para a Transi\u00e7\u00e3o Energ\u00e9tica Justa&#8221;.\u00a0Durante o evento, ser\u00e3o realizados pain\u00e9is com especialistas, grupos de trabalhos e workshops. A iniciativa ocorre nestas segunda e ter\u00e7a-feira (15 e 16\/7), no BDMG, em Belo Horizonte.<\/p>\n<p>\u201cEstamos aqui falando de um futuro sustent\u00e1vel, respons\u00e1vel, tecnol\u00f3gico e inovador. Eventos como esse trazem responsabilidades para novas ideias que possam atingir outras pessoas e deixar nosso estado cada vez mais limpo e dedicado para ao meio ambiente\u201d, finalizou o governador.<\/p>\n<p>Fonte: Ag\u00eancia Minas<\/p>\n","protected":false},"excerpt":{"rendered":"<p>O governador Romeu Zema e a secret\u00e1ria de Estado de\u00a0Desenvolvimento Social, Al\u00ea Portela, participaram da abertura do Di\u00e1logo Regional Y20 Minas Gerais, evento organizado por jovens,\u00a0com participa\u00e7\u00e3o de representantes governamentais e sociedade civil, nesta segunda-feira (15\/7), em Belo Horizonte. O objetivo dessa edi\u00e7\u00e3o \u00e9 promover\u00a0espa\u00e7o de discuss\u00e3o e colabora\u00e7\u00e3o entre os participantes sobre transi\u00e7\u00e3o energ\u00e9tica. [&hellip;]<\/p>\n","protected":false},"author":246,"featured_media":223692,"comment_status":"closed","ping_status":"closed","sticky":false,"template":"","format":"standard","meta":{"footnotes":""},"categories":[436,254,252,439],"tags":[],"class_list":["post-223691","post","type-post","status-publish","format-standard","has-post-thumbnail","hentry","category-destaque-da-semana","category-politica","category-regiao","category-ultima-hora"],"_links":{"self":[{"href":"https:\/\/diarioregionaldigital.com.br\/index.php?rest_route=\/wp\/v2\/posts\/223691","targetHints":{"allow":["GET"]}}],"collection":[{"href":"https:\/\/diarioregionaldigital.com.br\/index.php?rest_route=\/wp\/v2\/posts"}],"about":[{"href":"https:\/\/diarioregionaldigital.com.br\/index.php?rest_route=\/wp\/v2\/types\/post"}],"author":[{"embeddable":true,"href":"https:\/\/diarioregionaldigital.com.br\/index.php?rest_route=\/wp\/v2\/users\/246"}],"replies":[{"embeddable":true,"href":"https:\/\/diarioregionaldigital.com.br\/index.php?rest_route=%2Fwp%2Fv2%2Fcomments&post=223691"}],"version-history":[{"count":1,"href":"https:\/\/diarioregionaldigital.com.br\/index.php?rest_route=\/wp\/v2\/posts\/223691\/revisions"}],"predecessor-version":[{"id":223693,"href":"https:\/\/diarioregionaldigital.com.br\/index.php?rest_route=\/wp\/v2\/posts\/223691\/revisions\/223693"}],"wp:featuredmedia":[{"embeddable":true,"href":"https:\/\/diarioregionaldigital.com.br\/index.php?rest_route=\/wp\/v2\/media\/223692"}],"wp:attachment":[{"href":"https:\/\/diarioregionaldigital.com.br\/index.php?rest_route=%2Fwp%2Fv2%2Fmedia&parent=223691"}],"wp:term":[{"taxonomy":"category","embeddable":true,"href":"https:\/\/diarioregionaldigital.com.br\/index.php?rest_route=%2Fwp%2Fv2%2Fcategories&post=223691"},{"taxonomy":"post_tag","embeddable":true,"href":"https:\/\/diarioregionaldigital.com.br\/index.php?rest_route=%2Fwp%2Fv2%2Ftags&post=223691"}],"curies":[{"name":"wp","href":"https:\/\/api.w.org\/{rel}","templated":true}]}}