{"id":223676,"date":"2024-07-12T20:34:40","date_gmt":"2024-07-12T23:34:40","guid":{"rendered":"https:\/\/diarioregionaldigital.com.br\/?p=223676"},"modified":"2024-07-12T20:34:40","modified_gmt":"2024-07-12T23:34:40","slug":"vagou-jf-tem-vagas-de-estagio-em-economia-e-outras-oportunidades","status":"publish","type":"post","link":"https:\/\/diarioregionaldigital.com.br\/?p=223676","title":{"rendered":"&#8220;Vagou JF&#8221; tem vagas de est\u00e1gio em economia e outras oportunidades"},"content":{"rendered":"<p>Segundo informa\u00e7\u00f5es do site da Prefeitura de Juiz de Fora (PJF), nesta sexta-feira, 12 de julho, foram cadastradas vinte e quatro oportunidades no Vagou JF, totalizando 169 vagas. Acesse o <a href=\"https:\/\/www.pjf.mg.gov.br\/vagoujf\/\"><strong>link<\/strong><\/a>\u00a0a seguir para enviar seu curr\u00edculo.<\/p>\n<p><strong>Veja as vagas anunciadas nesta sexta-feira, 12 de julho<\/strong><\/p>\n<p>Auxiliar metal\u00fargico (1)<\/p>\n<p>Auxiliar de marceneiro (1)<\/p>\n<p>Auxiliar de montagem (1)<\/p>\n<p>Tratorista (1)<\/p>\n<p>Auxiliar administrativo (1)<\/p>\n<p>Auxiliar administrativo &#8211; Ergonomia (PCD) (1)<\/p>\n<p>Auxiliar de escrit\u00f3rio (1)<\/p>\n<p>Promotor de vendas (2)<\/p>\n<p>Gestor escolar (1)<\/p>\n<p>Supervisor administrativo (1)<\/p>\n<p>Auxiliar de servi\u00e7os gerais (3)<\/p>\n<p>Auxiliar de dep\u00f3sito (9)<\/p>\n<p>Est\u00e1gio em Economia (1)<\/p>\n","protected":false},"excerpt":{"rendered":"<p>Segundo informa\u00e7\u00f5es do site da Prefeitura de Juiz de Fora (PJF), nesta sexta-feira, 12 de julho, foram cadastradas vinte e quatro oportunidades no Vagou JF, totalizando 169 vagas. Acesse o link\u00a0a seguir para enviar seu curr\u00edculo. Veja as vagas anunciadas nesta sexta-feira, 12 de julho Auxiliar metal\u00fargico (1) Auxiliar de marceneiro (1) Auxiliar de montagem [&hellip;]<\/p>\n","protected":false},"author":246,"featured_media":223677,"comment_status":"closed","ping_status":"closed","sticky":false,"template":"","format":"standard","meta":{"footnotes":""},"categories":[253,436,439],"tags":[],"class_list":["post-223676","post","type-post","status-publish","format-standard","has-post-thumbnail","hentry","category-cidade","category-destaque-da-semana","category-ultima-hora"],"_links":{"self":[{"href":"https:\/\/diarioregionaldigital.com.br\/index.php?rest_route=\/wp\/v2\/posts\/223676","targetHints":{"allow":["GET"]}}],"collection":[{"href":"https:\/\/diarioregionaldigital.com.br\/index.php?rest_route=\/wp\/v2\/posts"}],"about":[{"href":"https:\/\/diarioregionaldigital.com.br\/index.php?rest_route=\/wp\/v2\/types\/post"}],"author":[{"embeddable":true,"href":"https:\/\/diarioregionaldigital.com.br\/index.php?rest_route=\/wp\/v2\/users\/246"}],"replies":[{"embeddable":true,"href":"https:\/\/diarioregionaldigital.com.br\/index.php?rest_route=%2Fwp%2Fv2%2Fcomments&post=223676"}],"version-history":[{"count":1,"href":"https:\/\/diarioregionaldigital.com.br\/index.php?rest_route=\/wp\/v2\/posts\/223676\/revisions"}],"predecessor-version":[{"id":223678,"href":"https:\/\/diarioregionaldigital.com.br\/index.php?rest_route=\/wp\/v2\/posts\/223676\/revisions\/223678"}],"wp:featuredmedia":[{"embeddable":true,"href":"https:\/\/diarioregionaldigital.com.br\/index.php?rest_route=\/wp\/v2\/media\/223677"}],"wp:attachment":[{"href":"https:\/\/diarioregionaldigital.com.br\/index.php?rest_route=%2Fwp%2Fv2%2Fmedia&parent=223676"}],"wp:term":[{"taxonomy":"category","embeddable":true,"href":"https:\/\/diarioregionaldigital.com.br\/index.php?rest_route=%2Fwp%2Fv2%2Fcategories&post=223676"},{"taxonomy":"post_tag","embeddable":true,"href":"https:\/\/diarioregionaldigital.com.br\/index.php?rest_route=%2Fwp%2Fv2%2Ftags&post=223676"}],"curies":[{"name":"wp","href":"https:\/\/api.w.org\/{rel}","templated":true}]}}