{"id":223670,"date":"2024-07-12T20:29:36","date_gmt":"2024-07-12T23:29:36","guid":{"rendered":"https:\/\/diarioregionaldigital.com.br\/?p=223670"},"modified":"2024-07-12T20:29:36","modified_gmt":"2024-07-12T23:29:36","slug":"futebol-selecao-feminina-entra-em-reta-final-de-preparacao-para-paris","status":"publish","type":"post","link":"https:\/\/diarioregionaldigital.com.br\/?p=223670","title":{"rendered":"Futebol: sele\u00e7\u00e3o feminina entra em reta final de prepara\u00e7\u00e3o para Paris"},"content":{"rendered":"<p><a href=\"https:\/\/agenciabrasil.ebc.com.br\/radioagencia-nacional\/esportes\/audio\/2024-07\/arthur-elias-convoca-selecao-feminina-para-jogos-olimpicos-de-paris\"><strong>As 18 jogadoras convocadas pelo t\u00e9cnico Arthur Elias\u00a0<\/strong><\/a>est\u00e3o reunidas no Centro de Treinamento da Confedera\u00e7\u00e3o Brasileira de Futebol (CBF), a Granja Comary, em Teres\u00f3polis (RJ), em prepara\u00e7\u00e3o para a estreia nos Jogos Ol\u00edmpicos de Paris. Al\u00e9m do grupo que vai disputar a Olimp\u00edada, Arthur Elias chamou quatro suplentes, que poder\u00e3o substituir atletas em casos de les\u00f5es, e outras oito jogadoras que v\u00e3o vivenciar o per\u00edodo de concentra\u00e7\u00e3o e auxiliar a comiss\u00e3o t\u00e9cnica nos treinos.<\/p>\n<p>O grupo finaliza o treinamento\u00a0na\u00a0pr\u00f3xima quarta-feira (17), data em que embarca para Bordeaux, cidade francesa que ser\u00e1 a base da sele\u00e7\u00e3o durante os Jogos.<\/p>\n<p><a href=\"https:\/\/agenciabrasil.ebc.com.br\/radioagencia-nacional\/esportes\/audio\/2024-07\/arthur-elias-convoca-selecao-feminina-para-jogos-olimpicos-de-paris\"><strong>As 18 jogadoras convocadas pelo t\u00e9cnico Arthur Elias\u00a0<\/strong><\/a>est\u00e3o reunidas no Centro de Treinamento da Confedera\u00e7\u00e3o Brasileira de Futebol (CBF), a Granja Comary, em Teres\u00f3polis (RJ), em prepara\u00e7\u00e3o para a estreia nos Jogos Ol\u00edmpicos de Paris. Al\u00e9m do grupo que vai disputar a Olimp\u00edada, Arthur Elias chamou quatro suplentes, que poder\u00e3o substituir atletas em casos de les\u00f5es, e outras oito jogadoras que v\u00e3o vivenciar o per\u00edodo de concentra\u00e7\u00e3o e auxiliar a comiss\u00e3o t\u00e9cnica nos treinos.<\/p>\n<p>O grupo finaliza o treinamento\u00a0na\u00a0pr\u00f3xima quarta-feira (17), data em que embarca para Bordeaux, cidade francesa que ser\u00e1 a base da sele\u00e7\u00e3o durante os Jogos.<\/p>\n<p>A equipe convocada pelo t\u00e9cnico Arthur Elias mescla veteranas como Marta, Adriana e Tamires com atletas que representam a renova\u00e7\u00e3o da sele\u00e7\u00e3o, como Jheniffer, Tarciane e Gabi Portilho. Estreante em Olimp\u00edadas, Gabi Portilho atacante do Corinthians, conhece o trabalho de Elia, com que j\u00e1 trabalhou no time\u00a0feminino\u00a0do\u00a0Tim\u00e3o. Ele comandou As Brabas &#8211; apelido da equipe &#8211; at\u00e9 2023 e possui trajet\u00f3ria vitoriosa.<\/p>\n<blockquote><p>\u201cEstou muito feliz. Minha ficha n\u00e3o caiu ainda, acho que s\u00f3 vai cair quando chegar l\u00e1. A gente est\u00e1 super bem. \u00c9 um grupo forte. Independente de quantas atacantes tiverem a gente \u00e9 uma s\u00f3. Isso faz a diferen\u00e7a l\u00e1, todo mundo trabalhando junto, se dedicando. Acho que a gente vai surpreender\u201d, afirmou Portilho.<\/p><\/blockquote>\n<p>Fonte: Ag\u00eancia Brasil<\/p>\n","protected":false},"excerpt":{"rendered":"<p>As 18 jogadoras convocadas pelo t\u00e9cnico Arthur Elias\u00a0est\u00e3o reunidas no Centro de Treinamento da Confedera\u00e7\u00e3o Brasileira de Futebol (CBF), a Granja Comary, em Teres\u00f3polis (RJ), em prepara\u00e7\u00e3o para a estreia nos Jogos Ol\u00edmpicos de Paris. Al\u00e9m do grupo que vai disputar a Olimp\u00edada, Arthur Elias chamou quatro suplentes, que poder\u00e3o substituir atletas em casos de [&hellip;]<\/p>\n","protected":false},"author":246,"featured_media":223669,"comment_status":"closed","ping_status":"closed","sticky":false,"template":"","format":"standard","meta":{"footnotes":""},"categories":[436,440,257,439],"tags":[],"class_list":["post-223670","post","type-post","status-publish","format-standard","has-post-thumbnail","hentry","category-destaque-da-semana","category-destaques-do-dia","category-esporte","category-ultima-hora"],"_links":{"self":[{"href":"https:\/\/diarioregionaldigital.com.br\/index.php?rest_route=\/wp\/v2\/posts\/223670","targetHints":{"allow":["GET"]}}],"collection":[{"href":"https:\/\/diarioregionaldigital.com.br\/index.php?rest_route=\/wp\/v2\/posts"}],"about":[{"href":"https:\/\/diarioregionaldigital.com.br\/index.php?rest_route=\/wp\/v2\/types\/post"}],"author":[{"embeddable":true,"href":"https:\/\/diarioregionaldigital.com.br\/index.php?rest_route=\/wp\/v2\/users\/246"}],"replies":[{"embeddable":true,"href":"https:\/\/diarioregionaldigital.com.br\/index.php?rest_route=%2Fwp%2Fv2%2Fcomments&post=223670"}],"version-history":[{"count":1,"href":"https:\/\/diarioregionaldigital.com.br\/index.php?rest_route=\/wp\/v2\/posts\/223670\/revisions"}],"predecessor-version":[{"id":223672,"href":"https:\/\/diarioregionaldigital.com.br\/index.php?rest_route=\/wp\/v2\/posts\/223670\/revisions\/223672"}],"wp:featuredmedia":[{"embeddable":true,"href":"https:\/\/diarioregionaldigital.com.br\/index.php?rest_route=\/wp\/v2\/media\/223669"}],"wp:attachment":[{"href":"https:\/\/diarioregionaldigital.com.br\/index.php?rest_route=%2Fwp%2Fv2%2Fmedia&parent=223670"}],"wp:term":[{"taxonomy":"category","embeddable":true,"href":"https:\/\/diarioregionaldigital.com.br\/index.php?rest_route=%2Fwp%2Fv2%2Fcategories&post=223670"},{"taxonomy":"post_tag","embeddable":true,"href":"https:\/\/diarioregionaldigital.com.br\/index.php?rest_route=%2Fwp%2Fv2%2Ftags&post=223670"}],"curies":[{"name":"wp","href":"https:\/\/api.w.org\/{rel}","templated":true}]}}