{"id":223661,"date":"2024-07-12T20:20:31","date_gmt":"2024-07-12T23:20:31","guid":{"rendered":"https:\/\/diarioregionaldigital.com.br\/?p=223661"},"modified":"2024-07-12T20:23:40","modified_gmt":"2024-07-12T23:23:40","slug":"governador-supervisiona-melhorias-em-escolas-de-prudente-de-morais-e-sao-jose-da-lapa","status":"publish","type":"post","link":"https:\/\/diarioregionaldigital.com.br\/?p=223661","title":{"rendered":"Governador supervisiona melhorias em escolas de Prudente de Morais e S\u00e3o Jos\u00e9 da Lapa"},"content":{"rendered":"<p>O governador Romeu Zema vistoriou obras de constru\u00e7\u00e3o e reforma de duas escolas, nas cidades de Prudente de Morais e S\u00e3o Jos\u00e9 da Lapa, nesta sexta-feira (12\/7).<\/p>\n<p>Em Prudente de Morais, na regi\u00e3o Central do estado, o governador conheceu a rec\u00e9m-inaugurada Escola Municipal Maria Jos\u00e9 de Oliveira &#8220;Dona Zez\u00e9&#8221;, que tem capacidade para\u00a0 atender 300 alunos das turmas dos anos iniciais do Ensino Fundamental.<\/p>\n<p>A escola foi constru\u00edda com recursos do Projeto M\u00e3os Dadas, pelo qual o\u00a0<a href=\"https:\/\/www.mg.gov.br\/\" target=\"_blank\" rel=\"noopener\">Governo de Minas<\/a>\u00a0direcionou R$ 2,3 milh\u00f5es para a realiza\u00e7\u00e3o das obras, atrav\u00e9s da\u00a0<a href=\"https:\/\/www.educacao.mg.gov.br\/\" target=\"_blank\" rel=\"noopener\">Secretaria de Estado de Educa\u00e7\u00e3o (SEE\/MG)<\/a>.<\/p>\n<p>O governador de Minas Gerais destacou a import\u00e2ncia da parceria que o programa proporciona junto \u00e0s prefeituras mineiras.<\/p>\n<table border=\"0\" cellspacing=\"1\" cellpadding=\"1\" align=\"center\">\n<tbody>\n<tr>\n<td colspan=\"5\"><img decoding=\"async\" src=\"https:\/\/www.agenciaminas.mg.gov.br\/ckeditor_assets\/pictures\/20949\/content_2_olho_topo.jpg\" alt=\"\" \/><\/td>\n<\/tr>\n<tr>\n<td><\/td>\n<td colspan=\"3\" rowspan=\"3\">\n<h1><strong>&#8220;A constru\u00e7\u00e3o da escola Dona Zez\u00e9 foi poss\u00edvel gra\u00e7as \u00e0 ades\u00e3o do munic\u00edpio ao Projeto M\u00e3os Dadas, e com isso o Governo de Minas p\u00f4de participar ativamente dessa obra, contribuindo para que a cidade tenha mais um ambiente de ensino&#8221;, celebrou\u00a0Romeu Zema.<\/strong><\/h1>\n<\/td>\n<td><\/td>\n<\/tr>\n<tr>\n<td><\/td>\n<td><\/td>\n<\/tr>\n<tr>\n<td><\/td>\n<td><\/td>\n<\/tr>\n<tr>\n<td colspan=\"5\"><img decoding=\"async\" src=\"https:\/\/www.agenciaminas.mg.gov.br\/ckeditor_assets\/pictures\/20950\/content_2_olho_inferior.jpg\" alt=\"\" \/><\/td>\n<\/tr>\n<\/tbody>\n<\/table>\n<p>Com a ades\u00e3o ao programa, a prefeitura de Prudente de Morais fez a absor\u00e7\u00e3o de 141 matr\u00edculas dos anos iniciais do Ensino Fundamental da Escola Estadual Jo\u00e3o Rodrigues da Silva.<\/p>\n<p><strong>S\u00e3o Jos\u00e9 da Lapa<\/strong><\/p>\n<p>Tamb\u00e9m nesta sexta-feira, o governador Romeu Zema e o secret\u00e1rio de Estado de Educa\u00e7\u00e3o, Igor de Alvarenga, vistoriaram a Escola Estadual Beatriz Maria de Jesus, em S\u00e3o Jos\u00e9 da Lapa, na regi\u00e3o Metropolitana de Belo Horizonte. A unidade de ensino est\u00e1 passando por uma reforma geral, al\u00e9m da amplia\u00e7\u00e3o do audit\u00f3rio e do laborat\u00f3rio de ci\u00eancias e inform\u00e1tica.<\/p>\n<p>Essas interven\u00e7\u00f5es fazem parte do programa M\u00e3os \u00e0 Obra a na Escola, pelo qual o Governo de Minas direcionou R$ 780,1 mil, sendo R$ 507,9 mil destinados \u00e0 amplia\u00e7\u00e3o dos laborat\u00f3rios e R$ 209,2 mil para a reforma geral. O governador conversou com alunos e conheceu algumas salas de aula, al\u00e9m da biblioteca.<\/p>\n<p>A unidade de ensino possui 970 estudantes e est\u00e1 com 13% das obras executadas.<\/p>\n<p>Fonte: Ag\u00eancia Minas<\/p>\n","protected":false},"excerpt":{"rendered":"<p>O governador Romeu Zema vistoriou obras de constru\u00e7\u00e3o e reforma de duas escolas, nas cidades de Prudente de Morais e S\u00e3o Jos\u00e9 da Lapa, nesta sexta-feira (12\/7). Em Prudente de Morais, na regi\u00e3o Central do estado, o governador conheceu a rec\u00e9m-inaugurada Escola Municipal Maria Jos\u00e9 de Oliveira &#8220;Dona Zez\u00e9&#8221;, que tem capacidade para\u00a0 atender 300 [&hellip;]<\/p>\n","protected":false},"author":246,"featured_media":223663,"comment_status":"closed","ping_status":"closed","sticky":false,"template":"","format":"standard","meta":{"footnotes":""},"categories":[436,261,254,439],"tags":[],"class_list":["post-223661","post","type-post","status-publish","format-standard","has-post-thumbnail","hentry","category-destaque-da-semana","category-economia","category-politica","category-ultima-hora"],"_links":{"self":[{"href":"https:\/\/diarioregionaldigital.com.br\/index.php?rest_route=\/wp\/v2\/posts\/223661","targetHints":{"allow":["GET"]}}],"collection":[{"href":"https:\/\/diarioregionaldigital.com.br\/index.php?rest_route=\/wp\/v2\/posts"}],"about":[{"href":"https:\/\/diarioregionaldigital.com.br\/index.php?rest_route=\/wp\/v2\/types\/post"}],"author":[{"embeddable":true,"href":"https:\/\/diarioregionaldigital.com.br\/index.php?rest_route=\/wp\/v2\/users\/246"}],"replies":[{"embeddable":true,"href":"https:\/\/diarioregionaldigital.com.br\/index.php?rest_route=%2Fwp%2Fv2%2Fcomments&post=223661"}],"version-history":[{"count":1,"href":"https:\/\/diarioregionaldigital.com.br\/index.php?rest_route=\/wp\/v2\/posts\/223661\/revisions"}],"predecessor-version":[{"id":223664,"href":"https:\/\/diarioregionaldigital.com.br\/index.php?rest_route=\/wp\/v2\/posts\/223661\/revisions\/223664"}],"wp:featuredmedia":[{"embeddable":true,"href":"https:\/\/diarioregionaldigital.com.br\/index.php?rest_route=\/wp\/v2\/media\/223663"}],"wp:attachment":[{"href":"https:\/\/diarioregionaldigital.com.br\/index.php?rest_route=%2Fwp%2Fv2%2Fmedia&parent=223661"}],"wp:term":[{"taxonomy":"category","embeddable":true,"href":"https:\/\/diarioregionaldigital.com.br\/index.php?rest_route=%2Fwp%2Fv2%2Fcategories&post=223661"},{"taxonomy":"post_tag","embeddable":true,"href":"https:\/\/diarioregionaldigital.com.br\/index.php?rest_route=%2Fwp%2Fv2%2Ftags&post=223661"}],"curies":[{"name":"wp","href":"https:\/\/api.w.org\/{rel}","templated":true}]}}