{"id":223657,"date":"2024-07-12T20:11:48","date_gmt":"2024-07-12T23:11:48","guid":{"rendered":"https:\/\/diarioregionaldigital.com.br\/?p=223657"},"modified":"2024-07-12T20:12:10","modified_gmt":"2024-07-12T23:12:10","slug":"governo-de-minas-autoriza-realizacao-de-vistorias-moveis-em-veiculos-por-empresas-credenciadas","status":"publish","type":"post","link":"https:\/\/diarioregionaldigital.com.br\/?p=223657","title":{"rendered":"Governo de Minas autoriza realiza\u00e7\u00e3o de vistorias m\u00f3veis em ve\u00edculos por empresas credenciadas"},"content":{"rendered":"<p>A partir de segunda-feira (15\/7), as Empresas Credenciadas de Vistoria (ECV) em Belo Horizonte estar\u00e3o autorizadas a realizar as vistorias m\u00f3veis. Este \u00e9 mais um avan\u00e7o na presta\u00e7\u00e3o do servi\u00e7o de vistoria de identifica\u00e7\u00e3o veicular pela\u00a0<a href=\"https:\/\/www.mg.gov.br\/planejamento\" target=\"_blank\" rel=\"noopener\">Secretaria de Estado de Planejamento e Gest\u00e3o (Seplag-MG)<\/a>, por meio da\u00a0<a href=\"http:\/\/www.transito.mg.gov.br\/\" target=\"_blank\" rel=\"noopener\">Coordenadoria Estadual de Gest\u00e3o de Tr\u00e2nsito (CET-MG)<\/a>.<\/p>\n<div class=\"clear \">\n<p>Essa modalidade de vistoria, que \u00e9 aquela realizada fora das instala\u00e7\u00f5es das ECVs em casos espec\u00edficos, ser\u00e1 implementada na capital inicialmente, por meio de uma opera\u00e7\u00e3o assistida em ambiente controlado para que, caso seja necess\u00e1rio, a CET-MG possa realizar ajustes no fluxo de atendimento, antes da expans\u00e3o para todo o estado.<\/p>\n<p>As distribui\u00e7\u00f5es das vistorias ser\u00e3o feitas de forma rand\u00f4mica e equitativa, por meio de sistema informatizado. A presta\u00e7\u00e3o do servi\u00e7o ir\u00e1 beneficiar a popula\u00e7\u00e3o com amplia\u00e7\u00e3o da oferta e melhoria da qualidade do servi\u00e7o. Mesmo com a mudan\u00e7a do atendimento das vistorias m\u00f3veis realizadas pelas ECVs, o\u00a0<a href=\"https:\/\/www.mg.gov.br\/\" target=\"_blank\" rel=\"noopener\">Governo de Minas<\/a>\u00a0n\u00e3o ir\u00e1 aumentar o valor do servi\u00e7o para o cidad\u00e3o.<\/p>\n<p>\u201cEstamos cumprindo o compromisso que assumimos e continuaremos trabalhando para ampliar os benef\u00edcios e melhorar o atendimento ao cidad\u00e3o, que \u00e9 o nosso maior foco, e garantir efici\u00eancia em nossos processos, o que est\u00e1 sendo poss\u00edvel com o modelo de credenciamento para vistorias em Minas\u201d, assegura o chefe de Tr\u00e2nsito de Minas Gerais, Lucas Vilas Boas.<\/p>\n<p>O credenciamento de ECVs foi fundamental, ressalta, para cumprir umas das metas do governo de Minas ap\u00f3s a transfer\u00eancia da gest\u00e3o dos servi\u00e7os de tr\u00e2nsito para a Seplag-MG. Isso possibilita a libera\u00e7\u00e3o de aproximadamente 600 policiais civis para se dedicarem \u00e0 atividade fim da\u00a0<a href=\"https:\/\/www.policiacivil.mg.gov.br\/\" target=\"_blank\" rel=\"noopener\">Pol\u00edcia Civil de Minas Gerais (PCMG)<\/a>, refor\u00e7ando a seguran\u00e7a p\u00fablica.<\/p>\n<p>Atualmente, 1.390 ECVs est\u00e3o credenciadas em 367 cidades, que atendem, adicionalmente, cidad\u00e3os de outros 431 munic\u00edpios. Dessa forma, s\u00e3o 798 cidades sendo atendidas por ECVs, o que equivale a 94% dos 853 munic\u00edpios mineiros.<\/p>\n<p>Desde o in\u00edcio das opera\u00e7\u00f5es das ECVs, em 15\/12\/2023, mais de 1.057.339 vistorias foram distribu\u00eddas para empresas credenciadas. Em Belo Horizonte, s\u00e3o 104 ECVs e 142.238 de vistorias distribu\u00eddas.<\/p>\n<p><strong>O que \u00e9 a vistoria m\u00f3vel<\/strong><\/p>\n<p>Assim como a vistoria na modalidade fixa, a vistoria m\u00f3vel tamb\u00e9m \u00e9 ato de avalia\u00e7\u00e3o de um ve\u00edculo. A diferen\u00e7a \u00e9 que ela pode ser realizada fora das instala\u00e7\u00f5es das ECVs, desde que o solicitante cumpra os crit\u00e9rios determinados pelo \u00f3rg\u00e3o executivo de tr\u00e2nsito estadual.<\/p>\n<p>A vistoria m\u00f3vel pode ser realizada apenas em casos espec\u00edficos, descritos na Resolu\u00e7\u00e3o 941\/2022 do Conselho Nacional de Tr\u00e2nsito (Contran) e na Portaria 1290\/2023 da CET-MG. Essa vistoria \u00e9 realizada em locais previamente cadastrados, autorizados pela CET-MG e georreferenciados, ou seja, a CET-MG ter\u00e1 o controle preciso da localiza\u00e7\u00e3o em que a vistoria ser\u00e1 feita.<\/p>\n<p><strong>Quando a vistoria m\u00f3vel \u00e9 permitida<\/strong><\/p>\n<p>Na primeira fase de implanta\u00e7\u00e3o da vistoria m\u00f3vel, as ECVs atender\u00e3o os seguintes casos:<\/p>\n<ul>\n<li>Quando o ve\u00edculo for comprado por uma concession\u00e1ria e transferido para o CNPJ dessa empresa e em caso da venda de um ve\u00edculo registrado em um CNPJ do com\u00e9rcio. A vistoria ser\u00e1 realizada no endere\u00e7o do com\u00e9rcio, para ve\u00edculos novos ou usados, e apenas as concession\u00e1rias cadastradas no Sistema de Credenciamento de Empresas (SCE) da CET-MG podem solicitar o servi\u00e7o;<\/li>\n<li>Para cidad\u00e3os ou pessoas jur\u00eddicas que tenham um ve\u00edculo apreendido em p\u00e1tio p\u00fablico ou credenciado, quando a vistoria \u00e9 condi\u00e7\u00e3o para obter o alvar\u00e1 de libera\u00e7\u00e3o. Nessa situa\u00e7\u00e3o, \u00e9 necess\u00e1rio sanar o motivo que gerou a remo\u00e7\u00e3o para o p\u00e1tio. Assim, o cidad\u00e3o deve solicitar o servi\u00e7o pretendido, como a transfer\u00eancia de propriedade, a 2\u00aa Via de CRV, a altera\u00e7\u00e3o de Dados ou a baixa de ve\u00edculos. Para isso, basta acessar o site\u00a0<a href=\"http:\/\/www.transito.mg.gov.br\/\" target=\"_blank\" rel=\"noopener\">www.transito.mg.gov.br<\/a>, na aba \u201cVe\u00edculos\u201d e, ap\u00f3s quitar a taxa, agendar a vistoria m\u00f3vel;<\/li>\n<li>Caso o ve\u00edculo tenha peso bruto total ou superior a dez toneladas, a vistoria m\u00f3vel pode ser feita para transfer\u00eancia de propriedade, 2\u00aa Via de CRV, a altera\u00e7\u00e3o de Dados ou a baixa de ve\u00edculos. Os cidad\u00e3os ou pessoas jur\u00eddicas devem primeiro solicitar o servi\u00e7o desejado no site da CET-MG e, ap\u00f3s quitar a taxa, agendar a vistoria m\u00f3vel. Nesses casos, as ECVs que possuem boxes destinados a ve\u00edculos pesados e prestam o servi\u00e7o atualmente poder\u00e3o, excepcionalmente, solicitar autoriza\u00e7\u00e3o para a realiza\u00e7\u00e3o da vistoria m\u00f3vel em vias p\u00fablicas.<\/li>\n<\/ul>\n<p>Fonte: Ag\u00eancia\u00a0 Minas<\/p>\n<\/div>\n<p>&nbsp;<\/p>\n","protected":false},"excerpt":{"rendered":"<p>A partir de segunda-feira (15\/7), as Empresas Credenciadas de Vistoria (ECV) em Belo Horizonte estar\u00e3o autorizadas a realizar as vistorias m\u00f3veis. Este \u00e9 mais um avan\u00e7o na presta\u00e7\u00e3o do servi\u00e7o de vistoria de identifica\u00e7\u00e3o veicular pela\u00a0Secretaria de Estado de Planejamento e Gest\u00e3o (Seplag-MG), por meio da\u00a0Coordenadoria Estadual de Gest\u00e3o de Tr\u00e2nsito (CET-MG). Essa modalidade de [&hellip;]<\/p>\n","protected":false},"author":246,"featured_media":223658,"comment_status":"closed","ping_status":"closed","sticky":false,"template":"","format":"standard","meta":{"footnotes":""},"categories":[436,261,254,439],"tags":[],"class_list":["post-223657","post","type-post","status-publish","format-standard","has-post-thumbnail","hentry","category-destaque-da-semana","category-economia","category-politica","category-ultima-hora"],"_links":{"self":[{"href":"https:\/\/diarioregionaldigital.com.br\/index.php?rest_route=\/wp\/v2\/posts\/223657","targetHints":{"allow":["GET"]}}],"collection":[{"href":"https:\/\/diarioregionaldigital.com.br\/index.php?rest_route=\/wp\/v2\/posts"}],"about":[{"href":"https:\/\/diarioregionaldigital.com.br\/index.php?rest_route=\/wp\/v2\/types\/post"}],"author":[{"embeddable":true,"href":"https:\/\/diarioregionaldigital.com.br\/index.php?rest_route=\/wp\/v2\/users\/246"}],"replies":[{"embeddable":true,"href":"https:\/\/diarioregionaldigital.com.br\/index.php?rest_route=%2Fwp%2Fv2%2Fcomments&post=223657"}],"version-history":[{"count":2,"href":"https:\/\/diarioregionaldigital.com.br\/index.php?rest_route=\/wp\/v2\/posts\/223657\/revisions"}],"predecessor-version":[{"id":223660,"href":"https:\/\/diarioregionaldigital.com.br\/index.php?rest_route=\/wp\/v2\/posts\/223657\/revisions\/223660"}],"wp:featuredmedia":[{"embeddable":true,"href":"https:\/\/diarioregionaldigital.com.br\/index.php?rest_route=\/wp\/v2\/media\/223658"}],"wp:attachment":[{"href":"https:\/\/diarioregionaldigital.com.br\/index.php?rest_route=%2Fwp%2Fv2%2Fmedia&parent=223657"}],"wp:term":[{"taxonomy":"category","embeddable":true,"href":"https:\/\/diarioregionaldigital.com.br\/index.php?rest_route=%2Fwp%2Fv2%2Fcategories&post=223657"},{"taxonomy":"post_tag","embeddable":true,"href":"https:\/\/diarioregionaldigital.com.br\/index.php?rest_route=%2Fwp%2Fv2%2Ftags&post=223657"}],"curies":[{"name":"wp","href":"https:\/\/api.w.org\/{rel}","templated":true}]}}