{"id":223654,"date":"2024-07-12T20:09:53","date_gmt":"2024-07-12T23:09:53","guid":{"rendered":"https:\/\/diarioregionaldigital.com.br\/?p=223654"},"modified":"2024-07-12T20:09:53","modified_gmt":"2024-07-12T23:09:53","slug":"governo-assina-plano-de-entregas-de-gestores-que-participam-do-programa-de-desenvolvimento-de-liderancas","status":"publish","type":"post","link":"https:\/\/diarioregionaldigital.com.br\/?p=223654","title":{"rendered":"Governo assina Plano de Entregas de gestores que participam do Programa de Desenvolvimento de Lideran\u00e7as"},"content":{"rendered":"<p>O governador de Minas Gerais, Romeu Zema, assinou, nesta semana, o Plano de Entregas elaborado pelos gestores estaduais que participam do Programa de Desenvolvimento de Lideran\u00e7as (PDL). O Plano conta com tr\u00eas a cinco objetivos\u00a0 para serem implementados\u00a0ao longo do ano de 2024, que contemplem entregas mais eficazes e que gerem resultados e benef\u00edcios diretos para a popula\u00e7\u00e3o.<\/p>\n<p>O an\u00fancio da assinatura e formaliza\u00e7\u00e3o dos\u00a0Planos\u00a0de Entregas foi feito durante o segundo Encontro de Rede do Programa de Desenvolvimento de Lideran\u00e7as, realizado nesta sexta-feira (12\/7). O PDL \u00e9 uma iniciativa da\u00a0<a href=\"https:\/\/www.mg.gov.br\/planejamento\" target=\"_blank\" rel=\"noopener\">Secretaria de Estado de Planejamento e Gest\u00e3o (Seplag-MG)<\/a>, por meio do programa Transforma Minas, em parceria com a\u00a0<a href=\"https:\/\/fjp.mg.gov.br\/\" target=\"_blank\" rel=\"noopener\">Funda\u00e7\u00e3o Jo\u00e3o Pinheiro (FJP)<\/a>.<\/p>\n<p>Por meio de um v\u00eddeo, o governador participou do evento e ressaltou a import\u00e2ncia do Plano de Entregas e do aperfei\u00e7oamento de lideran\u00e7as no setor p\u00fablico.<\/p>\n<p>\u201cO planejamento garante o alinhamento das entregas de cada gestor com as estrat\u00e9gias priorit\u00e1rias de Governo, visando fornecer os melhores servi\u00e7os p\u00fablicos para os mineiros. Para entregarmos um bom trabalho, precisamos de lideran\u00e7as engajadas, participativas e respons\u00e1veis, comprometidas com a melhoria dos servi\u00e7os p\u00fablicos\u201d, destacou o governador.<\/p>\n<p>O PDL tem como objetivo aprimorar as habilidades de gest\u00e3o e lideran\u00e7a dos gestores e promover o alinhamento estrat\u00e9gico com as demandas da sociedade. O programa tamb\u00e9m busca desenvolver a capacidade de articular a\u00e7\u00f5es e trabalhar em rede para o alcance de resultados mais eficientes.<\/p>\n<p>Segundo a subsecret\u00e1ria de Gest\u00e3o de Pessoas da Seplag-MG, K\u00eannya Kreppel, para enfrentar os desafios de uma forma cada vez melhor, \u00e9 necess\u00e1rio capacitar e desenvolver habilidades.<\/p>\n<p>\u201cA constru\u00e7\u00e3o do Plano de Entrega une, ao mesmo tempo, a compet\u00eancia e a expertise dos gestores, com o desejo de entregar ao cidad\u00e3o mineiro o melhor servi\u00e7o p\u00fablico. \u00c9 essencial o desenvolvimento constante das nossas lideran\u00e7as para que possamos dar melhores condi\u00e7\u00f5es e melhores resultados ao nosso trabalho. Hoje, realizamos uma a\u00e7\u00e3o formativa focada na inova\u00e7\u00e3o, para atualizar os gestores e tornar alguns processos mais \u00e1geis, mais racionais e com entregas melhores\u201d, afirmou K\u00eannya.<\/p>\n<p><b>Plano de Entregas<\/b><\/p>\n<p>O Plano de Entregas \u00e9 elaborado durante a participa\u00e7\u00e3o dos gestores no PDL, que possui um Sistema de Gest\u00e3o de Desempenho e Desenvolvimento com dois grandes eixos. A ferramenta do Eixo de Desempenho \u00e9 a cria\u00e7\u00e3o do Plano, que tem como objetivo acompanhar e mensurar as entregas priorit\u00e1rias da \u00e1rea de cada gestor.<\/p>\n<p>Integram a constru\u00e7\u00e3o do plano todos os subsecret\u00e1rios e 55 superintendentes que foram selecionados para participar do PDL, al\u00e9m dos facilitadores que acompanham as lideran\u00e7as no desenvolvimento de compet\u00eancias.<\/p>\n<p>O plano \u00e9 constru\u00eddo pela lideran\u00e7a e validado por sua chefia, com propostas de entregas que incorporam os objetivos de projetos estrat\u00e9gicos ou das a\u00e7\u00f5es do Plano Plurianual de A\u00e7\u00e3o Governamental (PPAG). Como o Plano de Entregas \u00e9 referente ao ano de 2024, as propostas j\u00e1 est\u00e3o sendo realizadas.<\/p>\n<p><b>Encontro de Rede do PDL<\/b><\/p>\n<p>Como parte da forma\u00e7\u00e3o do PDL, foi realizado, nesta sexta-feira (12\/7), o segundo Encontro de Rede do PDL. O evento buscou desenvolver compet\u00eancias gerenciais dos subsecret\u00e1rios e superintendentes.<\/p>\n<p>Foi realizada uma roda de conversa que contou com a participa\u00e7\u00e3o do subsecret\u00e1rio de Inova\u00e7\u00e3o do Esp\u00edrito Santo, Davi Amorim Salgueiro, e do diretor Central de Desburocratiza\u00e7\u00e3o da Seplag-MG, Yan Vieira do Carmo. O bate-papo foi intermediado pela assessora de Desenvolvimento de Capacidades em Estrat\u00e9gia e Inova\u00e7\u00e3o, Isabela Tolentino.<\/p>\n<p>O encerramento teve palestras sobre \u201cAudi\u00eancias P\u00fablicas na Assembleia Legislativa\u201d para os subsecret\u00e1rios. J\u00e1 os superintendentes participaram de uma aula pr\u00e1tica de ferramentas de automa\u00e7\u00e3o.<\/p>\n<p>Fonte: Ag\u00eancia Minas<\/p>\n","protected":false},"excerpt":{"rendered":"<p>O governador de Minas Gerais, Romeu Zema, assinou, nesta semana, o Plano de Entregas elaborado pelos gestores estaduais que participam do Programa de Desenvolvimento de Lideran\u00e7as (PDL). O Plano conta com tr\u00eas a cinco objetivos\u00a0 para serem implementados\u00a0ao longo do ano de 2024, que contemplem entregas mais eficazes e que gerem resultados e benef\u00edcios diretos [&hellip;]<\/p>\n","protected":false},"author":246,"featured_media":223655,"comment_status":"closed","ping_status":"closed","sticky":false,"template":"","format":"standard","meta":{"footnotes":""},"categories":[436,261,254,439],"tags":[],"class_list":["post-223654","post","type-post","status-publish","format-standard","has-post-thumbnail","hentry","category-destaque-da-semana","category-economia","category-politica","category-ultima-hora"],"_links":{"self":[{"href":"https:\/\/diarioregionaldigital.com.br\/index.php?rest_route=\/wp\/v2\/posts\/223654","targetHints":{"allow":["GET"]}}],"collection":[{"href":"https:\/\/diarioregionaldigital.com.br\/index.php?rest_route=\/wp\/v2\/posts"}],"about":[{"href":"https:\/\/diarioregionaldigital.com.br\/index.php?rest_route=\/wp\/v2\/types\/post"}],"author":[{"embeddable":true,"href":"https:\/\/diarioregionaldigital.com.br\/index.php?rest_route=\/wp\/v2\/users\/246"}],"replies":[{"embeddable":true,"href":"https:\/\/diarioregionaldigital.com.br\/index.php?rest_route=%2Fwp%2Fv2%2Fcomments&post=223654"}],"version-history":[{"count":1,"href":"https:\/\/diarioregionaldigital.com.br\/index.php?rest_route=\/wp\/v2\/posts\/223654\/revisions"}],"predecessor-version":[{"id":223656,"href":"https:\/\/diarioregionaldigital.com.br\/index.php?rest_route=\/wp\/v2\/posts\/223654\/revisions\/223656"}],"wp:featuredmedia":[{"embeddable":true,"href":"https:\/\/diarioregionaldigital.com.br\/index.php?rest_route=\/wp\/v2\/media\/223655"}],"wp:attachment":[{"href":"https:\/\/diarioregionaldigital.com.br\/index.php?rest_route=%2Fwp%2Fv2%2Fmedia&parent=223654"}],"wp:term":[{"taxonomy":"category","embeddable":true,"href":"https:\/\/diarioregionaldigital.com.br\/index.php?rest_route=%2Fwp%2Fv2%2Fcategories&post=223654"},{"taxonomy":"post_tag","embeddable":true,"href":"https:\/\/diarioregionaldigital.com.br\/index.php?rest_route=%2Fwp%2Fv2%2Ftags&post=223654"}],"curies":[{"name":"wp","href":"https:\/\/api.w.org\/{rel}","templated":true}]}}