{"id":223630,"date":"2024-07-11T09:22:12","date_gmt":"2024-07-11T12:22:12","guid":{"rendered":"https:\/\/diarioregionaldigital.com.br\/?p=223630"},"modified":"2024-07-11T09:22:12","modified_gmt":"2024-07-11T12:22:12","slug":"edital-de-convocacao-para-assembleia-geral-11-07-2024","status":"publish","type":"post","link":"https:\/\/diarioregionaldigital.com.br\/?p=223630","title":{"rendered":"EDITAL DE CONVOCA\u00c7\u00c3O PARA ASSEMBLEIA GERAL &#8211; 11\/07\/2024"},"content":{"rendered":"<p class=\"s3\" style=\"text-align: left;\">\n<p class=\"s6\" style=\"text-align: center;\"><span class=\"s5\"><span class=\"bumpedFont15\">Juiz de Fora, <\/span><\/span><span class=\"s5\"><span class=\"bumpedFont15\">11<\/span><\/span><span class=\"s5\"><span class=\"bumpedFont15\"> de <\/span><\/span><span class=\"s5\"><span class=\"bumpedFont15\">ju<\/span><\/span><span class=\"s5\"><span class=\"bumpedFont15\">l<\/span><\/span><span class=\"s5\"><span class=\"bumpedFont15\">ho<\/span><\/span><span class=\"s5\"><span class=\"bumpedFont15\"> de 202<\/span><\/span><span class=\"s5\"><span class=\"bumpedFont15\">4<\/span><\/span><span class=\"s5\"><span class=\"bumpedFont15\">.<\/span><\/span><\/p>\n<p class=\"s9\" style=\"text-align: center;\"><span class=\"s5\"><span class=\"bumpedFont15\">A <\/span><\/span><span class=\"s5\"><span class=\"bumpedFont15\">Presidente<\/span><\/span><span class=\"s5\"><span class=\"bumpedFont15\"> da Associa\u00e7\u00e3o Atl\u00e9tica Vasco da Gama, no uso de suas atribui\u00e7\u00f5es e em respeito ao <\/span><\/span><span class=\"s5\"><span class=\"bumpedFont15\">diploma legal<\/span><\/span><span class=\"s5\"><span class=\"bumpedFont15\">,<\/span><\/span><span class=\"s5\"><span class=\"bumpedFont15\"> ante a ren\u00fancia expressa do <\/span><\/span><span class=\"s5\"><span class=\"bumpedFont15\">atual <\/span><\/span><span class=\"s5\"><span class=\"bumpedFont15\">presidente do conselho deliberativo, <\/span><\/span><span class=\"s5\"><span class=\"bumpedFont15\">vem por meio deste <\/span><\/span><span class=\"s5\"><span class=\"bumpedFont15\">para <\/span><\/span><span class=\"s5\"><span class=\"bumpedFont15\">convoca<\/span><\/span><span class=\"s5\"><span class=\"bumpedFont15\">r<\/span><\/span><span class=\"s5\"><span class=\"bumpedFont15\"> todos os associados para Assembleia Geral <\/span><\/span><span class=\"s5\"><span class=\"bumpedFont15\">para Elei\u00e7\u00f5es,<\/span><\/span> <span class=\"s5\"><span class=\"bumpedFont15\">no que consiste ao artigo 21\u00b0 do estatuto<\/span><\/span><span class=\"s5\"><span class=\"bumpedFont15\">,<\/span><\/span> <span class=\"s5\"><span class=\"bumpedFont15\">a realizar-se no pr\u00f3ximo dia <\/span><\/span><span class=\"s5\"><span class=\"bumpedFont15\">16<\/span><\/span><span class=\"s5\"><span class=\"bumpedFont15\"> de <\/span><\/span><span class=\"s5\"><span class=\"bumpedFont15\">ju<\/span><\/span><span class=\"s5\"><span class=\"bumpedFont15\">l<\/span><\/span><span class=\"s5\"><span class=\"bumpedFont15\">ho<\/span><\/span><span class=\"s5\"><span class=\"bumpedFont15\"> de <\/span><\/span><span class=\"s5\"><span class=\"bumpedFont15\">2024<\/span><\/span><span class=\"s5\"><span class=\"bumpedFont15\">, <\/span><\/span><span class=\"s5\"><span class=\"bumpedFont15\">n<\/span><\/span><span class=\"s5\"><span class=\"bumpedFont15\">o segundo andar<\/span><\/span> <span class=\"s5\"><span class=\"bumpedFont15\">do <\/span><\/span><span class=\"s5\"><span class=\"bumpedFont15\">Serrano Hotel<\/span><\/span><span class=\"s5\"><span class=\"bumpedFont15\">, situado \u00e0 <\/span><\/span><span class=\"s7\"><span class=\"bumpedFont15\">R<\/span><\/span><span class=\"s7\"><span class=\"bumpedFont15\">ua<\/span><\/span><span class=\"s7\"><span class=\"bumpedFont15\"> Santa Rita, <\/span><\/span><span class=\"s7\"><span class=\"bumpedFont15\">n\u00b0 <\/span><\/span><span class=\"s7\"><span class=\"bumpedFont15\">399 &#8211; Centro, Juiz de Fora &#8211; MG<\/span><\/span><span class=\"s8\"><span class=\"bumpedFont15\">,<\/span><\/span><span class=\"s5\"><span class=\"bumpedFont15\"> iniciando-se os trabalhos \u00e0s <\/span><\/span><span class=\"s5\"><span class=\"bumpedFont15\">1<\/span><\/span><span class=\"s5\"><span class=\"bumpedFont15\">8<\/span><\/span><span class=\"s5\"><span class=\"bumpedFont15\">h (dez<\/span><\/span><span class=\"s5\"><span class=\"bumpedFont15\">oito<\/span><\/span><span class=\"s5\"><span class=\"bumpedFont15\"> horas)<\/span><\/span><span class=\"s5\"><span class=\"bumpedFont15\">, em primeira convoca\u00e7\u00e3o, <\/span><\/span><span class=\"s5\"><span class=\"bumpedFont15\">ou, no caso da<\/span><\/span><span class=\"s5\"><span class=\"bumpedFont15\"> falta d<\/span><\/span><span class=\"s5\"><span class=\"bumpedFont15\">o<\/span><\/span><span class=\"s5\"><span class=\"bumpedFont15\"> qu\u00f3rum <\/span><\/span><span class=\"s5\"><span class=\"bumpedFont15\">previsto pelo artigo 22\u00b0 do estatuto vigente,<\/span><\/span> <span class=\"s5\"><span class=\"bumpedFont15\">em segunda convoca\u00e7\u00e3o \u00e0s <\/span><\/span><span class=\"s5\"><span class=\"bumpedFont15\">19h (dezenove horas)<\/span><\/span><span class=\"s5\"><span class=\"bumpedFont15\">,<\/span><\/span><span class=\"s5\"><span class=\"bumpedFont15\"> iniciando-se os trabalhos<\/span><\/span><span class=\"s5\"><span class=\"bumpedFont15\"> com qualquer n\u00famero de presentes<\/span><\/span><span class=\"s5\"><span class=\"bumpedFont15\">, a fim de <\/span><\/span><span class=\"s5\"><span class=\"bumpedFont15\">deliberarem sobre a seguinte ordem do dia:<\/span><\/span><\/p>\n<div class=\"s11\" style=\"text-align: center;\"><span class=\"s10\">1. <\/span><span class=\"s5\"><span class=\"bumpedFont15\">Elei\u00e7\u00e3o dos membros do Conselho Deliberativo<\/span><\/span><span class=\"s5\"><span class=\"bumpedFont15\">;<\/span><\/span><\/div>\n<div class=\"s11\" style=\"text-align: center;\"><span class=\"s10\">2. <\/span><span class=\"s5\"><span class=\"bumpedFont15\">Demais assuntos levantados pelos presentes, desde que n\u00e3o seja exigido ato pr\u00f3prio pelo estatuto.<\/span><\/span><\/div>\n<p class=\"s12\" style=\"text-align: center;\"><span class=\"s8\"><span class=\"bumpedFont15\">Cordialmente,<\/span><\/span><\/p>\n","protected":false},"excerpt":{"rendered":"<p>Juiz de Fora, 11 de julho de 2024. A Presidente da Associa\u00e7\u00e3o Atl\u00e9tica Vasco da Gama, no uso de suas atribui\u00e7\u00f5es e em respeito ao diploma legal, ante a ren\u00fancia expressa do atual presidente do conselho deliberativo, vem por meio deste para convocar todos os associados para Assembleia Geral para Elei\u00e7\u00f5es, no que consiste ao [&hellip;]<\/p>\n","protected":false},"author":246,"featured_media":0,"comment_status":"closed","ping_status":"closed","sticky":false,"template":"","format":"standard","meta":{"footnotes":""},"categories":[307],"tags":[],"class_list":["post-223630","post","type-post","status-publish","format-standard","hentry","category-editais"],"_links":{"self":[{"href":"https:\/\/diarioregionaldigital.com.br\/index.php?rest_route=\/wp\/v2\/posts\/223630","targetHints":{"allow":["GET"]}}],"collection":[{"href":"https:\/\/diarioregionaldigital.com.br\/index.php?rest_route=\/wp\/v2\/posts"}],"about":[{"href":"https:\/\/diarioregionaldigital.com.br\/index.php?rest_route=\/wp\/v2\/types\/post"}],"author":[{"embeddable":true,"href":"https:\/\/diarioregionaldigital.com.br\/index.php?rest_route=\/wp\/v2\/users\/246"}],"replies":[{"embeddable":true,"href":"https:\/\/diarioregionaldigital.com.br\/index.php?rest_route=%2Fwp%2Fv2%2Fcomments&post=223630"}],"version-history":[{"count":1,"href":"https:\/\/diarioregionaldigital.com.br\/index.php?rest_route=\/wp\/v2\/posts\/223630\/revisions"}],"predecessor-version":[{"id":223631,"href":"https:\/\/diarioregionaldigital.com.br\/index.php?rest_route=\/wp\/v2\/posts\/223630\/revisions\/223631"}],"wp:attachment":[{"href":"https:\/\/diarioregionaldigital.com.br\/index.php?rest_route=%2Fwp%2Fv2%2Fmedia&parent=223630"}],"wp:term":[{"taxonomy":"category","embeddable":true,"href":"https:\/\/diarioregionaldigital.com.br\/index.php?rest_route=%2Fwp%2Fv2%2Fcategories&post=223630"},{"taxonomy":"post_tag","embeddable":true,"href":"https:\/\/diarioregionaldigital.com.br\/index.php?rest_route=%2Fwp%2Fv2%2Ftags&post=223630"}],"curies":[{"name":"wp","href":"https:\/\/api.w.org\/{rel}","templated":true}]}}