{"id":223627,"date":"2024-07-10T19:42:39","date_gmt":"2024-07-10T22:42:39","guid":{"rendered":"https:\/\/diarioregionaldigital.com.br\/?p=223627"},"modified":"2024-07-10T19:42:39","modified_gmt":"2024-07-10T22:42:39","slug":"parque-halfeld-recebe-evento-de-adocao-responsavel-neste-sabado-13","status":"publish","type":"post","link":"https:\/\/diarioregionaldigital.com.br\/?p=223627","title":{"rendered":"Parque Halfeld recebe evento de ado\u00e7\u00e3o respons\u00e1vel neste s\u00e1bado, 13"},"content":{"rendered":"<p>Segundo informa\u00e7\u00f5es do site da Prefeitura de Juiz de Fora (PJF), neste s\u00e1bado, 13, o Parque Halfeld receber\u00e1 o evento de ado\u00e7\u00e3o respons\u00e1vel do Canil Municipal da Prefeitura de Juiz de Fora (PJF). De 9h \u00e0s 13h, c\u00e3es e gatos estar\u00e3o dispon\u00edveis para ado\u00e7\u00e3o.<\/p>\n<p>Pessoas interessadas em adotar devem levar documento de identifica\u00e7\u00e3o com foto e comprovante de resid\u00eancia. Al\u00e9m disso, a a\u00e7\u00e3o contar\u00e1 com vacina\u00e7\u00e3o antirr\u00e1bica animal para o p\u00fablico geral e microchipagem de animais j\u00e1 castrados pela PJF.<\/p>\n","protected":false},"excerpt":{"rendered":"<p>Segundo informa\u00e7\u00f5es do site da Prefeitura de Juiz de Fora (PJF), neste s\u00e1bado, 13, o Parque Halfeld receber\u00e1 o evento de ado\u00e7\u00e3o respons\u00e1vel do Canil Municipal da Prefeitura de Juiz de Fora (PJF). De 9h \u00e0s 13h, c\u00e3es e gatos estar\u00e3o dispon\u00edveis para ado\u00e7\u00e3o. Pessoas interessadas em adotar devem levar documento de identifica\u00e7\u00e3o com foto [&hellip;]<\/p>\n","protected":false},"author":246,"featured_media":223628,"comment_status":"closed","ping_status":"closed","sticky":false,"template":"","format":"standard","meta":{"footnotes":""},"categories":[253,436,440,439],"tags":[],"class_list":["post-223627","post","type-post","status-publish","format-standard","has-post-thumbnail","hentry","category-cidade","category-destaque-da-semana","category-destaques-do-dia","category-ultima-hora"],"_links":{"self":[{"href":"https:\/\/diarioregionaldigital.com.br\/index.php?rest_route=\/wp\/v2\/posts\/223627","targetHints":{"allow":["GET"]}}],"collection":[{"href":"https:\/\/diarioregionaldigital.com.br\/index.php?rest_route=\/wp\/v2\/posts"}],"about":[{"href":"https:\/\/diarioregionaldigital.com.br\/index.php?rest_route=\/wp\/v2\/types\/post"}],"author":[{"embeddable":true,"href":"https:\/\/diarioregionaldigital.com.br\/index.php?rest_route=\/wp\/v2\/users\/246"}],"replies":[{"embeddable":true,"href":"https:\/\/diarioregionaldigital.com.br\/index.php?rest_route=%2Fwp%2Fv2%2Fcomments&post=223627"}],"version-history":[{"count":1,"href":"https:\/\/diarioregionaldigital.com.br\/index.php?rest_route=\/wp\/v2\/posts\/223627\/revisions"}],"predecessor-version":[{"id":223629,"href":"https:\/\/diarioregionaldigital.com.br\/index.php?rest_route=\/wp\/v2\/posts\/223627\/revisions\/223629"}],"wp:featuredmedia":[{"embeddable":true,"href":"https:\/\/diarioregionaldigital.com.br\/index.php?rest_route=\/wp\/v2\/media\/223628"}],"wp:attachment":[{"href":"https:\/\/diarioregionaldigital.com.br\/index.php?rest_route=%2Fwp%2Fv2%2Fmedia&parent=223627"}],"wp:term":[{"taxonomy":"category","embeddable":true,"href":"https:\/\/diarioregionaldigital.com.br\/index.php?rest_route=%2Fwp%2Fv2%2Fcategories&post=223627"},{"taxonomy":"post_tag","embeddable":true,"href":"https:\/\/diarioregionaldigital.com.br\/index.php?rest_route=%2Fwp%2Fv2%2Ftags&post=223627"}],"curies":[{"name":"wp","href":"https:\/\/api.w.org\/{rel}","templated":true}]}}