{"id":223624,"date":"2024-07-10T19:40:48","date_gmt":"2024-07-10T22:40:48","guid":{"rendered":"https:\/\/diarioregionaldigital.com.br\/?p=223624"},"modified":"2024-07-10T19:40:48","modified_gmt":"2024-07-10T22:40:48","slug":"governo-anuncia-classificados-para-a-etapa-estadual-dos-jogos-escolares-de-minas-gerais","status":"publish","type":"post","link":"https:\/\/diarioregionaldigital.com.br\/?p=223624","title":{"rendered":"Governo anuncia classificados para a etapa estadual dos Jogos Escolares de Minas Gerais"},"content":{"rendered":"<p>A etapa regional dos Jogos Escolares de Minas Gerais (Jemg) chegou ao fim ap\u00f3s um m\u00eas de competi\u00e7\u00f5es entre quase 10 mil atletas. A pen\u00faltima etapa dos Jogos foi disputada em seis regi\u00f5es do estado e agora os finalistas se preparam para a Etapa Estadual da competi\u00e7\u00e3o, em Governador Valadares, no Vale do Rio Doce.<\/p>\n<p>O\u00a0<a href=\"https:\/\/www.mg.gov.br\/\" target=\"_blank\" rel=\"noopener\">Governo de Minas<\/a>\u00a0anunciou os classificados para a\u00a0etapa final do Jemg, que \u00e9 dividida em dois momentos. O primeiro deles \u00e9 realizado entre os dias 15 e 21\/7, quando ser\u00e3o disputadas modalidades paral\u00edmpicas al\u00e9m do jud\u00f4, atletismo e nata\u00e7\u00e3o. J\u00e1 no per\u00edodo de 5 a 11\/8, ser\u00e3o disputados jogos convencionais, nos quais atletas de escolas de Minas Gerais v\u00e3o definir as competi\u00e7\u00f5es coletivas e individuais.<\/p>\n<p>Os vencedores das duas etapas ir\u00e3o representar Minas Gerais nos Jogos Escolares Brasileiros (JEBs), organizados pela Confedera\u00e7\u00e3o Brasileira do Desporto Escolar, nos Jogos da Juventude, organizados pelo Comit\u00ea Ol\u00edmpico do Brasil,\u00a0 e nas Paralimp\u00edadas Escolares, organizadas pelo Comit\u00ea Paral\u00edmpico Brasileiro.<\/p>\n<p>\u201cTudo o que foi realizado nas etapas microrregional e regional se consolida na disputa final. Agora, vamos conhecer os campe\u00f5es depois de uma semana de muita disputa e de fortalecimento do esporte no nosso estado\u201d, pontua Tom\u00e1s Mendes, subsecret\u00e1rio de Esportes da\u00a0<a href=\"https:\/\/social.mg.gov.br\/\" target=\"_blank\" rel=\"noopener\">Secretaria de Estado de Desenvolvimento Social de Minas Gerais (Sedese-MG)<\/a>.<\/p>\n<p><strong>Sobre o Jemg<\/strong><\/p>\n<p>O Jemg \u00e9 promovido pela Sedese-MG, por meio da Subsecretaria de Esportes (Subesp), em parceria com a\u00a0<a href=\"https:\/\/www.educacao.mg.gov.br\/\" target=\"_blank\" rel=\"noopener\">Secretaria de Estado da Educa\u00e7\u00e3o (SEE\/MG)<\/a>. A execu\u00e7\u00e3o t\u00e9cnica \u00e9 de responsabilidade da Federa\u00e7\u00e3o de Esportes Estudantis de Minas Gerais (Feemg).<\/p>\n<p>O principal objetivo da competi\u00e7\u00e3o \u00e9 servir como ferramenta pedag\u00f3gica para valorizar a pr\u00e1tica esportiva escolar e a constru\u00e7\u00e3o da cidadania dos jovens estudantes-atletas, de forma educativa e democr\u00e1tica. Al\u00e9m disso, a competi\u00e7\u00e3o proporciona o aperfei\u00e7oamento de capacidades e habilidades indispens\u00e1veis ao processo de forma\u00e7\u00e3o e de desenvolvimento humano dos estudantes.<\/p>\n<p><strong>Classificados da etapa regional<\/strong><\/p>\n<p>A etapa regional dos jogos foi disputada entre junho e julho deste ano, nas cidades de Oliveira, Curvelo, Extrema, Araguari, Ub\u00e1 e Caratinga. Mais de 2 mil jogos foram realizados nas seis sedes.<\/p>\n<p>A lista completa dos classificados pode ser consultada, conforme regional, nos links abaixo:<\/p>\n<p>Classificados da\u00a0<a href=\"http:\/\/jogosescolares.esportes.mg.gov.br\/wp-content\/uploads\/2013\/01\/Lista-de-Classificados-JEMG-Olivera-ESTADUAL.pdf\" target=\"_blank\" rel=\"noopener\">Regional Centro<\/a><\/p>\n<p>Classificados da\u00a0<a href=\"http:\/\/jogosescolares.esportes.mg.gov.br\/wp-content\/uploads\/2013\/01\/Lista-de-classificados-estadual-.pdf\" target=\"_blank\" rel=\"noopener\">Regional Norte<\/a><\/p>\n<p>Classificados da\u00a0<a href=\"http:\/\/jogosescolares.esportes.mg.gov.br\/wp-content\/uploads\/2013\/01\/Lista-de-Classificados-Extrema4.pdf\" target=\"_blank\" rel=\"noopener\">Regional Sul<\/a><\/p>\n<p>Classificados da\u00a0<a href=\"http:\/\/jogosescolares.esportes.mg.gov.br\/wp-content\/uploads\/2013\/01\/Lista-de-Classificados-JEMG-Regional-Tri%C3%A2ngulo3.pdf\" target=\"_blank\" rel=\"noopener\">Regional Tri\u00e2ngulo<\/a><\/p>\n<p>Classificados da\u00a0<a href=\"http:\/\/jogosescolares.esportes.mg.gov.br\/wp-content\/uploads\/2013\/01\/Lista-de-Classificados-JEMG-Zona-da-Mata.pdf\" target=\"_blank\" rel=\"noopener\">Regional Zona da Mata<\/a><\/p>\n<p>Classificados da\u00a0<a href=\"http:\/\/jogosescolares.esportes.mg.gov.br\/wp-content\/uploads\/2013\/01\/Classificados-para-Etapa-Estadual-Vale-do-A%C3%A7o3.pdf\" target=\"_blank\" rel=\"noopener\">Regional Vale do A\u00e7o<\/a><\/p>\n<p>Fonte: Ag\u00eancia Minas<\/p>\n","protected":false},"excerpt":{"rendered":"<p>A etapa regional dos Jogos Escolares de Minas Gerais (Jemg) chegou ao fim ap\u00f3s um m\u00eas de competi\u00e7\u00f5es entre quase 10 mil atletas. A pen\u00faltima etapa dos Jogos foi disputada em seis regi\u00f5es do estado e agora os finalistas se preparam para a Etapa Estadual da competi\u00e7\u00e3o, em Governador Valadares, no Vale do Rio Doce. [&hellip;]<\/p>\n","protected":false},"author":246,"featured_media":223625,"comment_status":"closed","ping_status":"closed","sticky":false,"template":"","format":"standard","meta":{"footnotes":""},"categories":[436,440,257,439],"tags":[],"class_list":["post-223624","post","type-post","status-publish","format-standard","has-post-thumbnail","hentry","category-destaque-da-semana","category-destaques-do-dia","category-esporte","category-ultima-hora"],"_links":{"self":[{"href":"https:\/\/diarioregionaldigital.com.br\/index.php?rest_route=\/wp\/v2\/posts\/223624","targetHints":{"allow":["GET"]}}],"collection":[{"href":"https:\/\/diarioregionaldigital.com.br\/index.php?rest_route=\/wp\/v2\/posts"}],"about":[{"href":"https:\/\/diarioregionaldigital.com.br\/index.php?rest_route=\/wp\/v2\/types\/post"}],"author":[{"embeddable":true,"href":"https:\/\/diarioregionaldigital.com.br\/index.php?rest_route=\/wp\/v2\/users\/246"}],"replies":[{"embeddable":true,"href":"https:\/\/diarioregionaldigital.com.br\/index.php?rest_route=%2Fwp%2Fv2%2Fcomments&post=223624"}],"version-history":[{"count":1,"href":"https:\/\/diarioregionaldigital.com.br\/index.php?rest_route=\/wp\/v2\/posts\/223624\/revisions"}],"predecessor-version":[{"id":223626,"href":"https:\/\/diarioregionaldigital.com.br\/index.php?rest_route=\/wp\/v2\/posts\/223624\/revisions\/223626"}],"wp:featuredmedia":[{"embeddable":true,"href":"https:\/\/diarioregionaldigital.com.br\/index.php?rest_route=\/wp\/v2\/media\/223625"}],"wp:attachment":[{"href":"https:\/\/diarioregionaldigital.com.br\/index.php?rest_route=%2Fwp%2Fv2%2Fmedia&parent=223624"}],"wp:term":[{"taxonomy":"category","embeddable":true,"href":"https:\/\/diarioregionaldigital.com.br\/index.php?rest_route=%2Fwp%2Fv2%2Fcategories&post=223624"},{"taxonomy":"post_tag","embeddable":true,"href":"https:\/\/diarioregionaldigital.com.br\/index.php?rest_route=%2Fwp%2Fv2%2Ftags&post=223624"}],"curies":[{"name":"wp","href":"https:\/\/api.w.org\/{rel}","templated":true}]}}