{"id":223618,"date":"2024-07-10T19:37:02","date_gmt":"2024-07-10T22:37:02","guid":{"rendered":"https:\/\/diarioregionaldigital.com.br\/?p=223618"},"modified":"2024-07-10T19:37:02","modified_gmt":"2024-07-10T22:37:02","slug":"parceria-garante-aperfeicoamento-dos-servicos-de-visitacao-e-preservacao-ambiental-no-parque-estadual-do-rio-doce","status":"publish","type":"post","link":"https:\/\/diarioregionaldigital.com.br\/?p=223618","title":{"rendered":"Parceria garante aperfei\u00e7oamento dos servi\u00e7os de visita\u00e7\u00e3o e preserva\u00e7\u00e3o ambiental no Parque Estadual do Rio Doce"},"content":{"rendered":"<p>O\u00a0<a href=\"http:\/\/www.ief.mg.gov.br\/\" target=\"_blank\" rel=\"noopener\">Instituto Estadual de Florestas (IEF)<\/a>\u00a0informa a assinatura do segundo Aditivo ao Termo de Parceria entre o Parque Estadual do Rio Doce (Perd), no Vale do A\u00e7o, com o Instituto Ekos Brasil.<\/p>\n<p>O compromisso firmado serviu para adequar as metas ao contexto atual da unidade de conserva\u00e7\u00e3o, aperfei\u00e7oando servi\u00e7os de visita\u00e7\u00e3o e de preserva\u00e7\u00e3o ambiental.<br \/>\nEntre as altera\u00e7\u00f5es, haver\u00e1 maior foco nas a\u00e7\u00f5es de apoio ao uso p\u00fablico, monitoramento da biodiversidade e reestrutura\u00e7\u00e3o do viveiro de mudas do parque, com foco no incremento na diversidade de esp\u00e9cies produzidas.<\/p>\n<p>Estas a\u00e7\u00f5es visam a melhoria dos servi\u00e7os oferecidos pela unidade de conserva\u00e7\u00e3o aos visitantes, fornecer dados sobre da biodiversidade da unidade e apoiar projetos de restaura\u00e7\u00e3o no entorno.<\/p>\n<p>\u201cPor meio deste importante documento, o IEF refor\u00e7a seu compromisso com a prote\u00e7\u00e3o e a conserva\u00e7\u00e3o do maior maci\u00e7o de Mata Atl\u00e2ntica de Minas Gerais e com a garantia de melhores servi\u00e7os ambientais \u00e0 comunidade do entorno e seus visitantes\u201d, afirma o diretor-geral do IEF, Breno Lasmar.<\/p>\n<p><strong>Termo de parceria<\/strong><\/p>\n<p>O Termo de Parceria foi originalmente assinado em 20\/12\/2021 com o Instituto Ekos Brasil, Organiza\u00e7\u00e3o da Sociedade Civil de Interesse P\u00fablico (Oscip) que venceu o Edital de Sele\u00e7\u00e3o P\u00fablica IEF n\u00ba 01\/2021.<\/p>\n<p>O documento prev\u00ea que a Oscip invista R$ 21 milh\u00f5es, em quatro anos, em infraestrutura, prote\u00e7\u00e3o e preserva\u00e7\u00e3o dos recursos naturais e da biodiversidade do Parque Estadual do Rio Doce (Perd), maior \u00e1rea cont\u00ednua de Mata Atl\u00e2ntica do estado de Minas Gerais.<\/p>\n<p>O aporte financeiro faz parte de um Acordo Judicial firmado entre a Funda\u00e7\u00e3o Renova e o IEF, homologado na 12\u00aa Vara Federal de Belo Horizonte em 25\/3\/2021.<\/p>\n<p>O acordo prev\u00ea o investimento de R$ 93 milh\u00f5es em a\u00e7\u00f5es de consolida\u00e7\u00e3o do Parque Estadual do Rio Doce, sendo que os R$ 21 milh\u00f5es deste edital contemplam o primeiro conjunto de a\u00e7\u00f5es de consolida\u00e7\u00e3o previstas para o parque, ao longo de quatro anos.<\/p>\n<p><strong>Celebra\u00e7\u00e3o dos 80 anos<\/strong><\/p>\n<p>O Termo de Parceria tamb\u00e9m contribui ativamente para a celebra\u00e7\u00e3o dos 80 anos do Parque Estadual do Rio Doce, neste m\u00eas de julho.<\/p>\n<p>Ao longo do ano, ser\u00e3o feitas diversas a\u00e7\u00f5es que v\u00e3o desde exposi\u00e7\u00f5es tem\u00e1ticas sobre a unidade de conserva\u00e7\u00e3o at\u00e9 educa\u00e7\u00e3o ambiental em escolas.<\/p>\n<p>No m\u00eas passado, por exemplo, foi inaugurada uma exposi\u00e7\u00e3o autoguiada, com 23 fotografias emblem\u00e1ticas do parque, que destacam a biodiversidade, os recursos naturais, a infraestrutura e os valores fundamentais que orientam a unidade de conserva\u00e7\u00e3o mineira.<\/p>\n<p>A exposi\u00e7\u00e3o, que \u00e9 itinerante, ir\u00e1 percorrer todo o Vale do A\u00e7o com entrada gratuita. A a\u00e7\u00e3o \u00e9 realizada por meio do Termo de Parceria.<\/p>\n<p>Fonte: Ag\u00eancia Minas<\/p>\n","protected":false},"excerpt":{"rendered":"<p>O\u00a0Instituto Estadual de Florestas (IEF)\u00a0informa a assinatura do segundo Aditivo ao Termo de Parceria entre o Parque Estadual do Rio Doce (Perd), no Vale do A\u00e7o, com o Instituto Ekos Brasil. O compromisso firmado serviu para adequar as metas ao contexto atual da unidade de conserva\u00e7\u00e3o, aperfei\u00e7oando servi\u00e7os de visita\u00e7\u00e3o e de preserva\u00e7\u00e3o ambiental. Entre [&hellip;]<\/p>\n","protected":false},"author":246,"featured_media":223619,"comment_status":"closed","ping_status":"closed","sticky":false,"template":"","format":"standard","meta":{"footnotes":""},"categories":[436,440,261,252,439],"tags":[],"class_list":["post-223618","post","type-post","status-publish","format-standard","has-post-thumbnail","hentry","category-destaque-da-semana","category-destaques-do-dia","category-economia","category-regiao","category-ultima-hora"],"_links":{"self":[{"href":"https:\/\/diarioregionaldigital.com.br\/index.php?rest_route=\/wp\/v2\/posts\/223618","targetHints":{"allow":["GET"]}}],"collection":[{"href":"https:\/\/diarioregionaldigital.com.br\/index.php?rest_route=\/wp\/v2\/posts"}],"about":[{"href":"https:\/\/diarioregionaldigital.com.br\/index.php?rest_route=\/wp\/v2\/types\/post"}],"author":[{"embeddable":true,"href":"https:\/\/diarioregionaldigital.com.br\/index.php?rest_route=\/wp\/v2\/users\/246"}],"replies":[{"embeddable":true,"href":"https:\/\/diarioregionaldigital.com.br\/index.php?rest_route=%2Fwp%2Fv2%2Fcomments&post=223618"}],"version-history":[{"count":1,"href":"https:\/\/diarioregionaldigital.com.br\/index.php?rest_route=\/wp\/v2\/posts\/223618\/revisions"}],"predecessor-version":[{"id":223620,"href":"https:\/\/diarioregionaldigital.com.br\/index.php?rest_route=\/wp\/v2\/posts\/223618\/revisions\/223620"}],"wp:featuredmedia":[{"embeddable":true,"href":"https:\/\/diarioregionaldigital.com.br\/index.php?rest_route=\/wp\/v2\/media\/223619"}],"wp:attachment":[{"href":"https:\/\/diarioregionaldigital.com.br\/index.php?rest_route=%2Fwp%2Fv2%2Fmedia&parent=223618"}],"wp:term":[{"taxonomy":"category","embeddable":true,"href":"https:\/\/diarioregionaldigital.com.br\/index.php?rest_route=%2Fwp%2Fv2%2Fcategories&post=223618"},{"taxonomy":"post_tag","embeddable":true,"href":"https:\/\/diarioregionaldigital.com.br\/index.php?rest_route=%2Fwp%2Fv2%2Ftags&post=223618"}],"curies":[{"name":"wp","href":"https:\/\/api.w.org\/{rel}","templated":true}]}}