{"id":223609,"date":"2024-07-09T21:14:55","date_gmt":"2024-07-10T00:14:55","guid":{"rendered":"https:\/\/diarioregionaldigital.com.br\/?p=223609"},"modified":"2024-07-09T21:14:55","modified_gmt":"2024-07-10T00:14:55","slug":"governo-de-minas-requer-ao-stf-prorrogacao-de-medida-cautelar-para-permitir-o-dialogo-federativo-e-evitar-o-colapso-das-financas-publicas-do-estado","status":"publish","type":"post","link":"https:\/\/diarioregionaldigital.com.br\/?p=223609","title":{"rendered":"Governo de Minas requer ao STF prorroga\u00e7\u00e3o de medida cautelar para permitir o di\u00e1logo federativo e evitar o colapso das finan\u00e7as p\u00fablicas do Estado"},"content":{"rendered":"<p>O\u00a0<a href=\"http:\/\/www.mg.gov.br\/\" target=\"_blank\" rel=\"noopener\">Governo de Minas<\/a>\u00a0aguardou at\u00e9 o fim da tarde desta ter\u00e7a-feira (9\/7) por um posicionamento da Advocacia-Geral da Uni\u00e3o (AGU), buscando um alinhamento conjunto para pedir ao STF a prorroga\u00e7\u00e3o do prazo de ades\u00e3o ao Regime de Recupera\u00e7\u00e3o Fiscal (via Judici\u00e1rio), tendo em vista o fato novo de amplo conhecimento p\u00fablico nesta data, a saber a apresenta\u00e7\u00e3o pelo presidente do Senado, Rodrigo Pacheco, de Projeto de Lei que cria uma alternativa de renegocia\u00e7\u00e3o da d\u00edvida dos Estados com a Uni\u00e3o. Como n\u00e3o houve manifesta\u00e7\u00e3o da AGU, a\u00a0<a href=\"http:\/\/www.advocaciageral.mg.gov.br\/\" target=\"_blank\" rel=\"noopener\">Advocacia-Geral do Estado (AGE-MG)<\/a>\u00a0peticionou no Supremo Tribunal Federal (STF), nesta ter\u00e7a-feira, pedido de requerimento para a prorroga\u00e7\u00e3o de medida cautelar com vistas a permitir o di\u00e1logo federativo e evitar o colapso das finan\u00e7as p\u00fablicas do Estado at\u00e9 a regulamenta\u00e7\u00e3o do programa definitivo entre o Minist\u00e9rio da Fazenda e o Congresso Nacional ou pelo menos at\u00e9 28\/8\/2024, quando a Corte dar\u00e1 continuidade ao julgamento da a\u00e7\u00e3o.<\/p>\n<p>A Advocacia-Geral do Estado justificou os avan\u00e7os nos di\u00e1logos entre as institui\u00e7\u00f5es para resolver um problema hist\u00f3rico da d\u00edvida\u00a0p\u00fablica no pa\u00eds.<\/p>\n<p>\u201cComo \u00e9 sabido e foi amplamente divulgado, dentro do compromisso de buscar uma solu\u00e7\u00e3o justa e segura para as d\u00edvidas fiscais dos Estados membros, o presidente do Senado e o Minist\u00e9rio da Fazenda estabeleceram di\u00e1logo com vistas a concretizar, pol\u00edtica e juridicamente, o equacionamento dessa quest\u00e3o\u201d.<\/p>\n<p>A AGE justificou, ainda, que \u201ctais medidas concretizam o federalismo de coopera\u00e7\u00e3o, evitam inseguran\u00e7as jur\u00eddica e preju\u00edzos desnecess\u00e1rios \u00e0s pol\u00edticas p\u00fablicas estaduais e conduzem ao equil\u00edbrio harmonioso do pagamento das despesas p\u00fablicas estaduais, sem os traumas que um colapso poderia gerar. Enfim, concretiza a boa pr\u00e1tica j\u00e1 destacada nestes autos pelo Exmo. Sr. Ministro Relator, no sentido da Amizade Federativa\u201d.<\/p>\n<p>Fonte: Ag\u00eancia Minas<\/p>\n","protected":false},"excerpt":{"rendered":"<p>O\u00a0Governo de Minas\u00a0aguardou at\u00e9 o fim da tarde desta ter\u00e7a-feira (9\/7) por um posicionamento da Advocacia-Geral da Uni\u00e3o (AGU), buscando um alinhamento conjunto para pedir ao STF a prorroga\u00e7\u00e3o do prazo de ades\u00e3o ao Regime de Recupera\u00e7\u00e3o Fiscal (via Judici\u00e1rio), tendo em vista o fato novo de amplo conhecimento p\u00fablico nesta data, a saber a [&hellip;]<\/p>\n","protected":false},"author":246,"featured_media":223610,"comment_status":"closed","ping_status":"closed","sticky":false,"template":"","format":"standard","meta":{"footnotes":""},"categories":[436,440,261,254,439],"tags":[],"class_list":["post-223609","post","type-post","status-publish","format-standard","has-post-thumbnail","hentry","category-destaque-da-semana","category-destaques-do-dia","category-economia","category-politica","category-ultima-hora"],"_links":{"self":[{"href":"https:\/\/diarioregionaldigital.com.br\/index.php?rest_route=\/wp\/v2\/posts\/223609","targetHints":{"allow":["GET"]}}],"collection":[{"href":"https:\/\/diarioregionaldigital.com.br\/index.php?rest_route=\/wp\/v2\/posts"}],"about":[{"href":"https:\/\/diarioregionaldigital.com.br\/index.php?rest_route=\/wp\/v2\/types\/post"}],"author":[{"embeddable":true,"href":"https:\/\/diarioregionaldigital.com.br\/index.php?rest_route=\/wp\/v2\/users\/246"}],"replies":[{"embeddable":true,"href":"https:\/\/diarioregionaldigital.com.br\/index.php?rest_route=%2Fwp%2Fv2%2Fcomments&post=223609"}],"version-history":[{"count":1,"href":"https:\/\/diarioregionaldigital.com.br\/index.php?rest_route=\/wp\/v2\/posts\/223609\/revisions"}],"predecessor-version":[{"id":223611,"href":"https:\/\/diarioregionaldigital.com.br\/index.php?rest_route=\/wp\/v2\/posts\/223609\/revisions\/223611"}],"wp:featuredmedia":[{"embeddable":true,"href":"https:\/\/diarioregionaldigital.com.br\/index.php?rest_route=\/wp\/v2\/media\/223610"}],"wp:attachment":[{"href":"https:\/\/diarioregionaldigital.com.br\/index.php?rest_route=%2Fwp%2Fv2%2Fmedia&parent=223609"}],"wp:term":[{"taxonomy":"category","embeddable":true,"href":"https:\/\/diarioregionaldigital.com.br\/index.php?rest_route=%2Fwp%2Fv2%2Fcategories&post=223609"},{"taxonomy":"post_tag","embeddable":true,"href":"https:\/\/diarioregionaldigital.com.br\/index.php?rest_route=%2Fwp%2Fv2%2Ftags&post=223609"}],"curies":[{"name":"wp","href":"https:\/\/api.w.org\/{rel}","templated":true}]}}