{"id":223601,"date":"2024-07-09T00:35:56","date_gmt":"2024-07-09T03:35:56","guid":{"rendered":"https:\/\/diarioregionaldigital.com.br\/?p=223601"},"modified":"2024-07-09T00:36:17","modified_gmt":"2024-07-09T03:36:17","slug":"extrato-de-segundo-termo-aditivo-de-contrato-09-07-2024","status":"publish","type":"post","link":"https:\/\/diarioregionaldigital.com.br\/?p=223601","title":{"rendered":"EXTRATO DE SEGUNDO TERMO ADITIVO DE CONTRATO &#8211; 09\/07\/2024"},"content":{"rendered":"<p class=\"s2\" style=\"text-align: center;\"><span class=\"s3\"><span class=\"bumpedFont17\">EXTRATO<\/span><\/span><span class=\"s3\"><span class=\"bumpedFont17\"> DE <\/span><\/span><span class=\"s3\"><span class=\"bumpedFont17\">SEGUNDO <\/span><\/span><span class=\"s3\"><span class=\"bumpedFont17\">TERMO ADITIVO <\/span><\/span><span class=\"s3\"><span class=\"bumpedFont17\">DE CONTRATO<\/span><\/span><\/p>\n<p class=\"s4\" style=\"text-align: center;\"><span class=\"s3\"><span class=\"bumpedFont17\">2<\/span><\/span><span class=\"s3\"><span class=\"bumpedFont17\">\u00ba<\/span><\/span><span class=\"s3\"><span class=\"bumpedFont17\"> Termo Aditivo<\/span><\/span><span class=\"s3\"><span class=\"bumpedFont17\">.<\/span><\/span> <span class=\"s3\"><span class=\"bumpedFont17\">Pref. Municipal de Descoberto x <\/span><\/span><span class=\"s3\"><span class=\"bumpedFont17\">Juliano Mariano de Oliveira Ltda<\/span><\/span><span class=\"s3\"><span class=\"bumpedFont17\"> \u2013<\/span><\/span> <span class=\"s3\"><span class=\"bumpedFont17\">Objeto: <\/span><\/span><span class=\"s3\"><span class=\"bumpedFont17\">Modifica\u00e7\u00e3o do prazo de vig\u00eancia do contrato, que<\/span><\/span><span class=\"s3\"><span class=\"bumpedFont17\"> passar\u00e1 a vigorar de 2<\/span><\/span><span class=\"s3\"><span class=\"bumpedFont17\">1<\/span><\/span><span class=\"s3\"><span class=\"bumpedFont17\">\/06\/202<\/span><\/span><span class=\"s3\"><span class=\"bumpedFont17\">4<\/span><\/span><span class=\"s3\"><span class=\"bumpedFont17\"> a 2<\/span><\/span><span class=\"s3\"><span class=\"bumpedFont17\">1<\/span><\/span><span class=\"s3\"><span class=\"bumpedFont17\">\/06<\/span><\/span><span class=\"s3\"><span class=\"bumpedFont17\">\/202<\/span><\/span><span class=\"s3\"><span class=\"bumpedFont17\">5<\/span><\/span><span class=\"s3\"><span class=\"bumpedFont17\">\u2013 Fundamento: <\/span><\/span><span class=\"s3\"><span class=\"bumpedFont17\">Dispensa<\/span><\/span> <span class=\"s3\"><span class=\"bumpedFont17\">n\u00ba <\/span><\/span><span class=\"s3\"><span class=\"bumpedFont17\">0<\/span><\/span><span class=\"s3\"><span class=\"bumpedFont17\">07\/2022<\/span><\/span><span class=\"s3\"><span class=\"bumpedFont17\"> &#8211; <\/span><\/span><span class=\"s3\"><span class=\"bumpedFont17\">Valor Global: <\/span><\/span><span class=\"s3\"><span class=\"bumpedFont17\">10.8<\/span><\/span><span class=\"s3\"><span class=\"bumpedFont17\">00<\/span><\/span><span class=\"s3\"><span class=\"bumpedFont17\">,0<\/span><\/span><span class=\"s3\"><span class=\"bumpedFont17\">0 &#8211; <\/span><\/span><span class=\"s3\"><span class=\"bumpedFont17\">Vig\u00eancia: 2<\/span><\/span><span class=\"s3\"><span class=\"bumpedFont17\">1<\/span><\/span><span class=\"s3\"><span class=\"bumpedFont17\">\/06\/2<\/span><\/span><span class=\"s3\"><span class=\"bumpedFont17\">4<\/span><\/span><span class=\"s3\"><span class=\"bumpedFont17\"> a 2<\/span><\/span><span class=\"s3\"><span class=\"bumpedFont17\">1<\/span><\/span><span class=\"s3\"><span class=\"bumpedFont17\">\/06<\/span><\/span><span class=\"s3\"><span class=\"bumpedFont17\">\/2<\/span><\/span><span class=\"s3\"><span class=\"bumpedFont17\">5<\/span><\/span> <span class=\"s3\"><span class=\"bumpedFont17\">&#8211; <\/span><\/span><span class=\"s3\"><span class=\"bumpedFont17\">Dot<\/span><\/span> <span class=\"s3\"><span class=\"bumpedFont17\">or\u00e7<\/span><\/span><span class=\"s3\"><span class=\"bumpedFont17\">:<\/span><\/span><span class=\"s3\"><span class=\"bumpedFont17\"> 02.<\/span><\/span><span class=\"s3\"><span class=\"bumpedFont17\">02015.27.812.0016.272-339039\/500<\/span><\/span> <span class=\"s3\"><span class=\"bumpedFont17\">&#8211; <\/span><\/span><span class=\"s3\"><span class=\"bumpedFont17\">Ass<\/span><\/span><span class=\"s3\"><span class=\"bumpedFont17\">: <\/span><\/span><span class=\"s3\"><span class=\"bumpedFont17\">2<\/span><\/span><span class=\"s3\"><span class=\"bumpedFont17\">1<\/span><\/span><span class=\"s3\"><span class=\"bumpedFont17\">\/06<\/span><\/span><span class=\"s3\"><span class=\"bumpedFont17\">\/202<\/span><\/span><span class=\"s3\"><span class=\"bumpedFont17\">4<\/span><\/span> <span class=\"s3\"><span class=\"bumpedFont17\">&#8211; Foro: S\u00e3o Jo\u00e3o Nepomuceno\/MG.<\/span><\/span><\/p>\n<p class=\"s2\" style=\"text-align: center;\"><span class=\"s3\"><span class=\"bumpedFont17\">Marcos de Ara\u00fajo Lima<\/span><\/span><\/p>\n<p class=\"s2\" style=\"text-align: center;\"><span class=\"s3\"><span class=\"bumpedFont17\">Prefeito Municipal<\/span><\/span><\/p>\n<p class=\"s2\" style=\"text-align: center;\">\n","protected":false},"excerpt":{"rendered":"<p>EXTRATO DE SEGUNDO TERMO ADITIVO DE CONTRATO 2\u00ba Termo Aditivo. Pref. Municipal de Descoberto x Juliano Mariano de Oliveira Ltda \u2013 Objeto: Modifica\u00e7\u00e3o do prazo de vig\u00eancia do contrato, que passar\u00e1 a vigorar de 21\/06\/2024 a 21\/06\/2025\u2013 Fundamento: Dispensa n\u00ba 007\/2022 &#8211; Valor Global: 10.800,00 &#8211; Vig\u00eancia: 21\/06\/24 a 21\/06\/25 &#8211; Dot or\u00e7: 02.02015.27.812.0016.272-339039\/500 &#8211; [&hellip;]<\/p>\n","protected":false},"author":246,"featured_media":0,"comment_status":"closed","ping_status":"closed","sticky":false,"template":"","format":"standard","meta":{"footnotes":""},"categories":[307],"tags":[],"class_list":["post-223601","post","type-post","status-publish","format-standard","hentry","category-editais"],"_links":{"self":[{"href":"https:\/\/diarioregionaldigital.com.br\/index.php?rest_route=\/wp\/v2\/posts\/223601","targetHints":{"allow":["GET"]}}],"collection":[{"href":"https:\/\/diarioregionaldigital.com.br\/index.php?rest_route=\/wp\/v2\/posts"}],"about":[{"href":"https:\/\/diarioregionaldigital.com.br\/index.php?rest_route=\/wp\/v2\/types\/post"}],"author":[{"embeddable":true,"href":"https:\/\/diarioregionaldigital.com.br\/index.php?rest_route=\/wp\/v2\/users\/246"}],"replies":[{"embeddable":true,"href":"https:\/\/diarioregionaldigital.com.br\/index.php?rest_route=%2Fwp%2Fv2%2Fcomments&post=223601"}],"version-history":[{"count":2,"href":"https:\/\/diarioregionaldigital.com.br\/index.php?rest_route=\/wp\/v2\/posts\/223601\/revisions"}],"predecessor-version":[{"id":223603,"href":"https:\/\/diarioregionaldigital.com.br\/index.php?rest_route=\/wp\/v2\/posts\/223601\/revisions\/223603"}],"wp:attachment":[{"href":"https:\/\/diarioregionaldigital.com.br\/index.php?rest_route=%2Fwp%2Fv2%2Fmedia&parent=223601"}],"wp:term":[{"taxonomy":"category","embeddable":true,"href":"https:\/\/diarioregionaldigital.com.br\/index.php?rest_route=%2Fwp%2Fv2%2Fcategories&post=223601"},{"taxonomy":"post_tag","embeddable":true,"href":"https:\/\/diarioregionaldigital.com.br\/index.php?rest_route=%2Fwp%2Fv2%2Ftags&post=223601"}],"curies":[{"name":"wp","href":"https:\/\/api.w.org\/{rel}","templated":true}]}}