{"id":223598,"date":"2024-07-08T21:12:09","date_gmt":"2024-07-09T00:12:09","guid":{"rendered":"https:\/\/diarioregionaldigital.com.br\/?p=223598"},"modified":"2024-07-08T21:12:09","modified_gmt":"2024-07-09T00:12:09","slug":"manutencao-da-cemig-pode-comprometer-abastecimento-de-agua-em-regiao-do-bairro-santa-lucia-nesta-terca-9","status":"publish","type":"post","link":"https:\/\/diarioregionaldigital.com.br\/?p=223598","title":{"rendered":"Manuten\u00e7\u00e3o da Cemig pode comprometer abastecimento de \u00e1gua em regi\u00e3o do bairro Santa L\u00facia nesta ter\u00e7a, 9"},"content":{"rendered":"<p>Segundo informa\u00e7\u00f5es do site da Prefeitura de Juiz de Fora (PJF), uma manuten\u00e7\u00e3o programada da Companhia Energ\u00e9tica de Minas Gerais (Cemig) pode comprometer o abastecimento de \u00e1gua realizado pela Companhia de Saneamento Municipal (Cesama) nos bairros Nova Era, Jardim Santa Isabel, Santa L\u00facia e adjac\u00eancias, nesta ter\u00e7a-feira, 9.<\/p>\n<p>A interrup\u00e7\u00e3o da energia el\u00e9trica acontecer\u00e1 na Rua Irene Pinto Kneipp, antiga Rua A, 53, no Santa L\u00facia, impactando o funcionamento da esta\u00e7\u00e3o de bombeamento de \u00e1gua (booster) do bairro, de 9h30 \u00e0s 16h30.\u00a0 O abastecimento ser\u00e1 retomado t\u00e3o logo a manuten\u00e7\u00e3o da Cemig esteja conclu\u00edda e a previs\u00e3o \u00e9 que o fornecimento de \u00e1gua se normalize, gradualmente, ao longo da noite desse mesmo dia.<\/p>\n","protected":false},"excerpt":{"rendered":"<p>Segundo informa\u00e7\u00f5es do site da Prefeitura de Juiz de Fora (PJF), uma manuten\u00e7\u00e3o programada da Companhia Energ\u00e9tica de Minas Gerais (Cemig) pode comprometer o abastecimento de \u00e1gua realizado pela Companhia de Saneamento Municipal (Cesama) nos bairros Nova Era, Jardim Santa Isabel, Santa L\u00facia e adjac\u00eancias, nesta ter\u00e7a-feira, 9. A interrup\u00e7\u00e3o da energia el\u00e9trica acontecer\u00e1 na [&hellip;]<\/p>\n","protected":false},"author":246,"featured_media":223599,"comment_status":"closed","ping_status":"closed","sticky":false,"template":"","format":"standard","meta":{"footnotes":""},"categories":[253,436,440,439],"tags":[],"class_list":["post-223598","post","type-post","status-publish","format-standard","has-post-thumbnail","hentry","category-cidade","category-destaque-da-semana","category-destaques-do-dia","category-ultima-hora"],"_links":{"self":[{"href":"https:\/\/diarioregionaldigital.com.br\/index.php?rest_route=\/wp\/v2\/posts\/223598","targetHints":{"allow":["GET"]}}],"collection":[{"href":"https:\/\/diarioregionaldigital.com.br\/index.php?rest_route=\/wp\/v2\/posts"}],"about":[{"href":"https:\/\/diarioregionaldigital.com.br\/index.php?rest_route=\/wp\/v2\/types\/post"}],"author":[{"embeddable":true,"href":"https:\/\/diarioregionaldigital.com.br\/index.php?rest_route=\/wp\/v2\/users\/246"}],"replies":[{"embeddable":true,"href":"https:\/\/diarioregionaldigital.com.br\/index.php?rest_route=%2Fwp%2Fv2%2Fcomments&post=223598"}],"version-history":[{"count":1,"href":"https:\/\/diarioregionaldigital.com.br\/index.php?rest_route=\/wp\/v2\/posts\/223598\/revisions"}],"predecessor-version":[{"id":223600,"href":"https:\/\/diarioregionaldigital.com.br\/index.php?rest_route=\/wp\/v2\/posts\/223598\/revisions\/223600"}],"wp:featuredmedia":[{"embeddable":true,"href":"https:\/\/diarioregionaldigital.com.br\/index.php?rest_route=\/wp\/v2\/media\/223599"}],"wp:attachment":[{"href":"https:\/\/diarioregionaldigital.com.br\/index.php?rest_route=%2Fwp%2Fv2%2Fmedia&parent=223598"}],"wp:term":[{"taxonomy":"category","embeddable":true,"href":"https:\/\/diarioregionaldigital.com.br\/index.php?rest_route=%2Fwp%2Fv2%2Fcategories&post=223598"},{"taxonomy":"post_tag","embeddable":true,"href":"https:\/\/diarioregionaldigital.com.br\/index.php?rest_route=%2Fwp%2Fv2%2Ftags&post=223598"}],"curies":[{"name":"wp","href":"https:\/\/api.w.org\/{rel}","templated":true}]}}