{"id":223592,"date":"2024-07-08T21:01:45","date_gmt":"2024-07-09T00:01:45","guid":{"rendered":"https:\/\/diarioregionaldigital.com.br\/?p=223592"},"modified":"2024-07-08T21:01:45","modified_gmt":"2024-07-09T00:01:45","slug":"governo-formaliza-seis-novos-convenios-de-regularizacao-de-propriedade-urbana-pelo-programa-minas-reurb","status":"publish","type":"post","link":"https:\/\/diarioregionaldigital.com.br\/?p=223592","title":{"rendered":"Governo formaliza seis novos conv\u00eanios de regulariza\u00e7\u00e3o de propriedade urbana pelo programa Minas Reurb"},"content":{"rendered":"<p>O\u00a0<u><a id=\"OWAc884f24e-82c4-f8de-34ac-d96eb396a353\" href=\"https:\/\/www.mg.gov.br\/\" rel=\"noopener noreferrer\" data-auth=\"NotApplicable\" data-linkindex=\"0\">Governo de Minas<\/a><\/u>, por meio da\u00a0<u><a id=\"OWA022ded81-cbd5-7e94-86e4-169f0394a107\" href=\"https:\/\/desenvolvimento.mg.gov.br\/\" rel=\"noopener noreferrer\" data-auth=\"NotApplicable\" data-linkindex=\"1\">Secretaria de Estado de Desenvolvimento Econ\u00f4mico (Sede-MG)<\/a><\/u>, formalizou seis novos conv\u00eanios de regulariza\u00e7\u00e3o fundi\u00e1ria urbana. Os acordos com os munic\u00edpios de Brumadinho, C\u00f3rrego Fundo, Diamantina, Ladainha, Pai Pedro e Paracatu fazem parte do\u00a0<u><a id=\"OWAdea1f601-9d89-19fe-1676-238b3b326d1e\" href=\"https:\/\/desenvolvimento.mg.gov.br\/inicio\/projetos\/projeto\/1063\" rel=\"noopener noreferrer\" data-auth=\"NotApplicable\" data-linkindex=\"2\">Programa de Regulariza\u00e7\u00e3o Fundi\u00e1ria Urbana &#8211; Minas Reurb<\/a><\/u>.<\/p>\n<figure class=\"image\"><img decoding=\"async\" src=\"https:\/\/www.agenciaminas.mg.gov.br\/ckeditor_assets\/pictures\/21286\/content_victor_fagundes_-_ascom_-_sede.jpeg\" alt=\"\" \/><figcaption><em><sup>Sede \/ Victor Fagundes<\/sup><\/em><\/figcaption><\/figure>\n<p>Para as novas parcerias, firmadas entre o final de junho e o in\u00edcio deste m\u00eas, o Governo do Estado realizou um repasse de recursos no valor de mais de R$ 9 milh\u00f5es (R$ 9.440.048,38), possibilitando que 7.192 unidades sejam regularizadas.<\/p>\n<p>&#8220;Com esses conv\u00eanios, garantimos dignidade e seguran\u00e7a jur\u00eddica para mais de 21 mil cidad\u00e3os, al\u00e9m de impulsionar a economia local. A regulariza\u00e7\u00e3o fundi\u00e1ria n\u00e3o s\u00f3 assegura a sucess\u00e3o legal para os herdeiros, mas tamb\u00e9m promove a valoriza\u00e7\u00e3o dos im\u00f3veis, facilita o acesso a financiamentos e permite que os moradores invistam nas propriedades, gerando emprego e renda&#8221;, destacou o secret\u00e1rio de Estado de Desenvolvimento Econ\u00f4mico, Fernando Passalio.<\/p>\n<p><strong>Mais um acordo<\/strong><\/p>\n<p>No in\u00edcio de julho, a Sede-MG publicou,\u00a0<u><a id=\"OWA08a320c4-8747-f4b1-c0bd-60144289ec99\" href=\"https:\/\/www.jornalminasgerais.mg.gov.br\/?dataJornal=2024-07-03&amp;pagina=47&amp;caderno=caderno1\" rel=\"noopener noreferrer\" data-auth=\"NotApplicable\" data-linkindex=\"3\">no Di\u00e1rio Oficial de Minas Gerais, o Acordo de Coopera\u00e7\u00e3o T\u00e9cnica<\/a><\/u>\u00a0(ACT) celebrado junto \u00e0\u00a0<u><a id=\"OWA56155f3c-9143-ff32-0f65-83521c0cb6e1\" href=\"http:\/\/www.social.mg.gov.br\/\" rel=\"noopener noreferrer\" data-auth=\"NotApplicable\" data-linkindex=\"4\">Secretaria de Estado de Desenvolvimento Social (Sedese-MG)<\/a><\/u>,\u00a0<u><a id=\"OWAde1cf8e0-675e-7e3e-571c-82c48b0f8361\" href=\"https:\/\/corimg.org\/\" rel=\"noopener noreferrer\" data-auth=\"NotApplicable\" data-linkindex=\"5\">Col\u00e9gio Registral Imobili\u00e1rio de Minas Gerais (Cori\/MG)<\/a><\/u>\u00a0e ao munic\u00edpio de Raposos, visando ao apoio t\u00e9cnico na execu\u00e7\u00e3o da Regulariza\u00e7\u00e3o Fundi\u00e1ria Urbana (Reurb) e Habita\u00e7\u00e3o de Interesse Social.<\/p>\n<p>Com isso, \u00e9 esperado que a cidade da Regi\u00e3o Metropolitana de Belo Horizonte consiga efetivar os processos de Regulariza\u00e7\u00e3o Fundi\u00e1ria Urbana em seu territ\u00f3rio, obtendo experi\u00eancia e conhecimento espec\u00edfico necess\u00e1rios \u00e0 condu\u00e7\u00e3o de processos futuros semelhantes.<\/p>\n<p>O trabalho promovido por meio da celebra\u00e7\u00e3o do ACT tamb\u00e9m pretende conduzir a dissemina\u00e7\u00e3o das pr\u00e1ticas de regulariza\u00e7\u00e3o fundi\u00e1ria urbana no estado, em fun\u00e7\u00e3o da compet\u00eancia municipal para sua efetiva implementa\u00e7\u00e3o e condu\u00e7\u00e3o com vistas ao desenvolvimento socioecon\u00f4mico, melhorias urban\u00edsticas e ambientais.<\/p>\n<p><strong>Minas Reurb<\/strong><\/p>\n<p>O Programa de Regulariza\u00e7\u00e3o Fundi\u00e1ria Urbana &#8211; Minas Reurb \u00e9 um projeto que visa\u00a0 desenvolver e ampliar a atua\u00e7\u00e3o do Estado de Minas Gerais no apoio \u00e0s demandas de regulariza\u00e7\u00e3o fundi\u00e1ria de n\u00facleos urbanos informais, conforme disponibilidade or\u00e7ament\u00e1ria, financeira e t\u00e9cnica, com o objetivo de promover o desenvolvimento econ\u00f4mico nas diversas regi\u00f5es com a efetiva entrega do t\u00edtulo de propriedade \u00e0s fam\u00edlias beneficiadas.<\/p>\n<p>Al\u00e9m da Sede-MG, o programa tamb\u00e9m envolve a\u00a0<u><a id=\"OWA6b342699-f119-b143-399e-33f2d58f2347\" href=\"https:\/\/www.agenciarmva.mg.gov.br\/armva\/\" rel=\"noopener noreferrer\" data-auth=\"NotApplicable\" data-linkindex=\"6\">Ag\u00eancia de Desenvolvimento da Regi\u00e3o Metropolitana do Vale do A\u00e7o (ARMVA)<\/a><\/u>\u00a0e a\u00a0<u><a id=\"OWA294c29a9-7224-e290-0a9c-028b840841f2\" href=\"http:\/\/www.cohab.mg.gov.br\/\" rel=\"noopener noreferrer\" data-auth=\"NotApplicable\" data-linkindex=\"7\">Companhia de Habita\u00e7\u00e3o do Estado de Minas Gerais (Cohab Minas)<\/a><\/u>. Desde 2019, foram entregues 11.541 t\u00edtulos de propriedade. O programa tamb\u00e9m j\u00e1 viabilizou 54.453 unidades a serem regularizadas, em processos que ser\u00e3o conclu\u00eddos nos pr\u00f3ximos anos.<\/p>\n<p>Fonte: Ag\u00eancia Minas<\/p>\n","protected":false},"excerpt":{"rendered":"<p>O\u00a0Governo de Minas, por meio da\u00a0Secretaria de Estado de Desenvolvimento Econ\u00f4mico (Sede-MG), formalizou seis novos conv\u00eanios de regulariza\u00e7\u00e3o fundi\u00e1ria urbana. Os acordos com os munic\u00edpios de Brumadinho, C\u00f3rrego Fundo, Diamantina, Ladainha, Pai Pedro e Paracatu fazem parte do\u00a0Programa de Regulariza\u00e7\u00e3o Fundi\u00e1ria Urbana &#8211; Minas Reurb. Sede \/ Victor Fagundes Para as novas parcerias, firmadas entre [&hellip;]<\/p>\n","protected":false},"author":246,"featured_media":223593,"comment_status":"closed","ping_status":"closed","sticky":false,"template":"","format":"standard","meta":{"footnotes":""},"categories":[436,261,254,252,439],"tags":[],"class_list":["post-223592","post","type-post","status-publish","format-standard","has-post-thumbnail","hentry","category-destaque-da-semana","category-economia","category-politica","category-regiao","category-ultima-hora"],"_links":{"self":[{"href":"https:\/\/diarioregionaldigital.com.br\/index.php?rest_route=\/wp\/v2\/posts\/223592","targetHints":{"allow":["GET"]}}],"collection":[{"href":"https:\/\/diarioregionaldigital.com.br\/index.php?rest_route=\/wp\/v2\/posts"}],"about":[{"href":"https:\/\/diarioregionaldigital.com.br\/index.php?rest_route=\/wp\/v2\/types\/post"}],"author":[{"embeddable":true,"href":"https:\/\/diarioregionaldigital.com.br\/index.php?rest_route=\/wp\/v2\/users\/246"}],"replies":[{"embeddable":true,"href":"https:\/\/diarioregionaldigital.com.br\/index.php?rest_route=%2Fwp%2Fv2%2Fcomments&post=223592"}],"version-history":[{"count":1,"href":"https:\/\/diarioregionaldigital.com.br\/index.php?rest_route=\/wp\/v2\/posts\/223592\/revisions"}],"predecessor-version":[{"id":223594,"href":"https:\/\/diarioregionaldigital.com.br\/index.php?rest_route=\/wp\/v2\/posts\/223592\/revisions\/223594"}],"wp:featuredmedia":[{"embeddable":true,"href":"https:\/\/diarioregionaldigital.com.br\/index.php?rest_route=\/wp\/v2\/media\/223593"}],"wp:attachment":[{"href":"https:\/\/diarioregionaldigital.com.br\/index.php?rest_route=%2Fwp%2Fv2%2Fmedia&parent=223592"}],"wp:term":[{"taxonomy":"category","embeddable":true,"href":"https:\/\/diarioregionaldigital.com.br\/index.php?rest_route=%2Fwp%2Fv2%2Fcategories&post=223592"},{"taxonomy":"post_tag","embeddable":true,"href":"https:\/\/diarioregionaldigital.com.br\/index.php?rest_route=%2Fwp%2Fv2%2Ftags&post=223592"}],"curies":[{"name":"wp","href":"https:\/\/api.w.org\/{rel}","templated":true}]}}