{"id":223549,"date":"2024-07-05T18:51:11","date_gmt":"2024-07-05T21:51:11","guid":{"rendered":"https:\/\/diarioregionaldigital.com.br\/?p=223549"},"modified":"2024-07-05T18:57:04","modified_gmt":"2024-07-05T21:57:04","slug":"emergencia-mg-conquista-premio-inovacao-e-selo-de-transformacao-digital-no-inova-2024","status":"publish","type":"post","link":"https:\/\/diarioregionaldigital.com.br\/?p=223549","title":{"rendered":"Emerg\u00eancia MG conquista Pr\u00eamio Inova\u00e7\u00e3o e Selo de Transforma\u00e7\u00e3o Digital no Inova 2024"},"content":{"rendered":"<p>O servi\u00e7o Emerg\u00eancia MG, coordenado pela <a href=\"https:\/\/www.mg.gov.br\/instituicao_unidade\/secretaria-de-estado-de-justica-e-seguranca-publica-sejusp\" target=\"_blank\" rel=\"noopener\">Secretaria de Estado de Justi\u00e7a e Seguran\u00e7a P\u00fablica (Sejusp)<\/a>, \u00e9 vencedor do Pr\u00eamio Inova\u00e7\u00e3o 2024 e da terceira edi\u00e7\u00e3o do Selo de Transforma\u00e7\u00e3o Digital e Inova\u00e7\u00e3o, promovido pela Prodemge.<\/p>\n<div class=\"clear \">\n<p>A cerim\u00f4nia de premia\u00e7\u00e3o foi realizada na quinta-feira (4\/7), e contou com a presen\u00e7a de servidores da Superintend\u00eancia de Integra\u00e7\u00e3o e Planejamento Operacional, \u00e1rea da Sejusp que coordena o novo servi\u00e7o de acionamento das for\u00e7as de seguran\u00e7a pela internet. \u00a0Seis projetos s\u00e3o vencedores do Pr\u00eamio Inova\u00e7\u00e3o e tr\u00eas deles vencedores tamb\u00e9m do Selo.<\/p>\n<p>O objetivo da iniciativa \u00e9 certificar as solu\u00e7\u00f5es inovadoras que est\u00e3o contribuindo para a transforma\u00e7\u00e3o digital da Prodemge e dos seus clientes.<\/p>\n<p>As solu\u00e7\u00f5es inscritas foram avaliadas pela comiss\u00e3o julgadora em cinco pilares: inova\u00e7\u00e3o, organiza\u00e7\u00e3o, cultura, tecnologia e insight. Nesta edi\u00e7\u00e3o o processo contou com a participa\u00e7\u00e3o dos clientes da Prodemge, benefici\u00e1rios das solu\u00e7\u00f5es inscritas, para melhor compreens\u00e3o de como elas t\u00eam contribu\u00eddo para a transforma\u00e7\u00e3o do \u00f3rg\u00e3o.<\/p>\n<p>Para o superintendente da Sejusp, Bernardo Naves, o m\u00e9rito dessa conquista \u00e9 de muita gente.<\/p>\n<p>\u201cO projeto Emerg\u00eancia MG foi constru\u00eddo a muitas m\u00e3os: Sejusp, Pol\u00edcia Militar, Pol\u00edcia Civil, Corpo de Bombeiros Militar, Seplag, Prodemge e TabControl. \u00c9 muito bom poder dividir o m\u00e9rito desse reconhecimento com todas essas institui\u00e7\u00f5es\u201d, lembra Naves, citando a integra\u00e7\u00e3o e o engajamento de todos esses \u00f3rg\u00e3os para que o Emerg\u00eancia MG sa\u00edsse do papel e se transformasse em realidade.<\/p>\n<p><strong>Conhe\u00e7a o servi\u00e7o vencedor\u00a0<\/strong><\/p>\n<p>O Emerg\u00eancia MG possibilita que o usu\u00e1rio possa pedir ajuda para qualquer uma das tr\u00eas for\u00e7as de seguran\u00e7a usando a mesma plataforma, via chat. H\u00e1 mais de uma forma de acionar o Emerg\u00eancia MG: no site pr\u00f3prio do servi\u00e7o (<a href=\"https:\/\/emergencia.mg.gov.br\/\" target=\"_blank\" rel=\"noopener\">www.emergencia.mg.gov.br<\/a>), pelo aplicativo do Governo de Minas (MG App) e pelo Telegram (buscando na lupa de busca por Emerg\u00eancia MG).<\/p>\n<p>O servi\u00e7o j\u00e1 est\u00e1 presente em 61 munic\u00edpios mineiros, abarcando 29% da popula\u00e7\u00e3o do estado, o que equivale a 6 milh\u00f5es de pessoas podendo acessar as for\u00e7as de seguran\u00e7a tamb\u00e9m pela Internet. Durante d\u00e9cadas a \u00fanica forma de acionamento das pol\u00edcias<a href=\"https:\/\/www.policiamilitar.mg.gov.br\/\" target=\"_blank\" rel=\"noopener\">\u00a0Militar<\/a>\u00a0e\u00a0<a href=\"https:\/\/www.policiacivil.mg.gov.br\/\" target=\"_blank\" rel=\"noopener\">Civil<\/a>\u00a0e\u00a0<a href=\"https:\/\/www.bombeiros.mg.gov.br\/\" target=\"_blank\" rel=\"noopener\">Bombeiros<\/a>\u00a0em Minas foi apenas por telefone: Pol\u00edcia Militar (190), Pol\u00edcia Civil (197) e Corpo de Bombeiros Militar (193).<\/p>\n<p>O novo servi\u00e7o \u00e9, ainda, um canal inclusivo, pois permite que seja utilizado por pessoas surdas. A interface com a tecnologia possibilita tamb\u00e9m, de forma segura, o compartilhamento de localiza\u00e7\u00e3o, envio de fotos e a realiza\u00e7\u00e3o de v\u00eddeo chamadas. Essa \u00faltima possibilidade pode ser decisiva, por exemplo, para uma pessoa que necessita de r\u00e1pida orienta\u00e7\u00e3o para a realiza\u00e7\u00e3o de manobras para desengasgar algu\u00e9m.<\/p>\n<p><strong>Expans\u00e3o\u00a0<\/strong><\/p>\n<p>O servi\u00e7o foi lan\u00e7ado em Lagoa Santa, como projeto piloto e, depois dos testes realizados, expandido para a capital e outros oito munic\u00edpios. A expans\u00e3o gradual j\u00e1 chegou na quarta fase, atingindo 61 munic\u00edpios. A escala gradativa busca garantir total seguran\u00e7a \u00e0 alta demanda gerada pelo acionamento dos trid\u00edgitos 190, 197 e 193.<\/p>\n<p>Camila Leonel \u00e9 moradora de Itabirito, uma das cidades pertencentes \u00e0 quarta expans\u00e3o, e acredita que a novidade \u00e9 um avan\u00e7o na pol\u00edtica p\u00fablica. &#8220;Quanto mais f\u00e1cil for o acesso aos canais de emerg\u00eancia, mais chances temos de inibir o avan\u00e7o de um crime ou, at\u00e9 mesmo, de salvar uma poss\u00edvel v\u00edtima. A tecnologia tem que estar ao lado de todos, inclusive, da Seguran\u00e7a P\u00fablica&#8221;, ressalta.<\/p>\n<p><strong>Prodemge<\/strong><\/p>\n<p>A Prodemge \u00e9 a empresa de tecnologia da informa\u00e7\u00e3o do governo de Minas Gerais, com uma trajet\u00f3ria na moderniza\u00e7\u00e3o do setor p\u00fablico. Um compromisso que se reflete no engajamento permanente de seu capital intelectual e de sua infraestrutura tecnol\u00f3gica na informatiza\u00e7\u00e3o da administra\u00e7\u00e3o p\u00fablica estadual.<\/p>\n<p>Fonte: Ag\u00eancia Minas<\/p>\n<\/div>\n<p>&nbsp;<\/p>\n","protected":false},"excerpt":{"rendered":"<p>O servi\u00e7o Emerg\u00eancia MG, coordenado pela Secretaria de Estado de Justi\u00e7a e Seguran\u00e7a P\u00fablica (Sejusp), \u00e9 vencedor do Pr\u00eamio Inova\u00e7\u00e3o 2024 e da terceira edi\u00e7\u00e3o do Selo de Transforma\u00e7\u00e3o Digital e Inova\u00e7\u00e3o, promovido pela Prodemge. A cerim\u00f4nia de premia\u00e7\u00e3o foi realizada na quinta-feira (4\/7), e contou com a presen\u00e7a de servidores da Superintend\u00eancia de Integra\u00e7\u00e3o [&hellip;]<\/p>\n","protected":false},"author":246,"featured_media":223550,"comment_status":"closed","ping_status":"closed","sticky":false,"template":"","format":"standard","meta":{"footnotes":""},"categories":[436,261,254,252,439],"tags":[],"class_list":["post-223549","post","type-post","status-publish","format-standard","has-post-thumbnail","hentry","category-destaque-da-semana","category-economia","category-politica","category-regiao","category-ultima-hora"],"_links":{"self":[{"href":"https:\/\/diarioregionaldigital.com.br\/index.php?rest_route=\/wp\/v2\/posts\/223549","targetHints":{"allow":["GET"]}}],"collection":[{"href":"https:\/\/diarioregionaldigital.com.br\/index.php?rest_route=\/wp\/v2\/posts"}],"about":[{"href":"https:\/\/diarioregionaldigital.com.br\/index.php?rest_route=\/wp\/v2\/types\/post"}],"author":[{"embeddable":true,"href":"https:\/\/diarioregionaldigital.com.br\/index.php?rest_route=\/wp\/v2\/users\/246"}],"replies":[{"embeddable":true,"href":"https:\/\/diarioregionaldigital.com.br\/index.php?rest_route=%2Fwp%2Fv2%2Fcomments&post=223549"}],"version-history":[{"count":2,"href":"https:\/\/diarioregionaldigital.com.br\/index.php?rest_route=\/wp\/v2\/posts\/223549\/revisions"}],"predecessor-version":[{"id":223552,"href":"https:\/\/diarioregionaldigital.com.br\/index.php?rest_route=\/wp\/v2\/posts\/223549\/revisions\/223552"}],"wp:featuredmedia":[{"embeddable":true,"href":"https:\/\/diarioregionaldigital.com.br\/index.php?rest_route=\/wp\/v2\/media\/223550"}],"wp:attachment":[{"href":"https:\/\/diarioregionaldigital.com.br\/index.php?rest_route=%2Fwp%2Fv2%2Fmedia&parent=223549"}],"wp:term":[{"taxonomy":"category","embeddable":true,"href":"https:\/\/diarioregionaldigital.com.br\/index.php?rest_route=%2Fwp%2Fv2%2Fcategories&post=223549"},{"taxonomy":"post_tag","embeddable":true,"href":"https:\/\/diarioregionaldigital.com.br\/index.php?rest_route=%2Fwp%2Fv2%2Ftags&post=223549"}],"curies":[{"name":"wp","href":"https:\/\/api.w.org\/{rel}","templated":true}]}}