{"id":223545,"date":"2024-07-05T18:49:36","date_gmt":"2024-07-05T21:49:36","guid":{"rendered":"https:\/\/diarioregionaldigital.com.br\/?p=223545"},"modified":"2024-07-05T18:49:36","modified_gmt":"2024-07-05T21:49:36","slug":"prazo-para-credenciamento-de-instituicoes-de-ensino-no-trilhas-de-futuro-e-ampliado-ate-o-dia-15-7","status":"publish","type":"post","link":"https:\/\/diarioregionaldigital.com.br\/?p=223545","title":{"rendered":"Prazo para credenciamento de institui\u00e7\u00f5es de ensino no Trilhas de Futuro \u00e9 ampliado at\u00e9 o dia 15\/7"},"content":{"rendered":"<p>A\u00a0<a href=\"https:\/\/www.educacao.mg.gov.br\/\" target=\"_blank\" rel=\"noopener\">Secretaria de Estado de Educa\u00e7\u00e3o de Minas Gerais (SEE\/MG)<\/a>\u00a0ampliou o per\u00edodo de credenciamento de institui\u00e7\u00f5es interessadas em oferecer cursos na quinta edi\u00e7\u00e3o do projeto\u00a0<a href=\"https:\/\/www.trilhasdefuturo.mg.gov.br\/\" target=\"_blank\" rel=\"noopener\">Trilhas de Futuro<\/a>. Agora, as entidades t\u00eam at\u00e9 o dia 15\/7 para se inscrever e encaminhar a documenta\u00e7\u00e3o necess\u00e1ria.<\/p>\n<p>As institui\u00e7\u00f5es devem submeter a solicita\u00e7\u00e3o de credenciamento e a proposta de cursos, acompanhadas da documenta\u00e7\u00e3o exigida no edital, exclusivamente em formato eletr\u00f4nico pelo Sistema Eletr\u00f4nico de Informa\u00e7\u00f5es (SEI). O formul\u00e1rio est\u00e1 dispon\u00edvel\u00a0<a href=\"https:\/\/docs.google.com\/forms\/d\/1pDO9i-2YwpRw5rGfdHg30NFzOFgapkB1gI_e7-de6qY\/viewform?edit_requested=true\" target=\"_blank\" rel=\"noopener\">aqui<\/a>.<\/p>\n<p>&#8220;\u00c9 fundamental que as institui\u00e7\u00f5es se organizem para realizar seus peticionamentos e participar deste projeto que \u00e9 uma oportunidade de forma\u00e7\u00e3o t\u00e9cnica para os jovens mineiros, especialmente os que est\u00e3o matriculados no ensino m\u00e9dio da rede estadual de ensino&#8221;, destaca a subsecret\u00e1ria de Desenvolvimento da Educa\u00e7\u00e3o B\u00e1sica, Kellen Senra.<\/p>\n<p>Podem solicitar o credenciamento no projeto Trilhas de Futuro institui\u00e7\u00f5es p\u00fablicas ou privadas, com ou sem fins lucrativos, que ofere\u00e7am forma\u00e7\u00e3o profissional e t\u00e9cnica de n\u00edvel m\u00e9dio. A amplia\u00e7\u00e3o do prazo possibilita que entidades de diferentes partes do estado participem desta iniciativa.<\/p>\n<p>Nesta edi\u00e7\u00e3o, ser\u00e3o disponibilizadas 40 mil vagas, representando uma oportunidade \u00fanica para as institui\u00e7\u00f5es contribu\u00edrem significativamente para o avan\u00e7o da educa\u00e7\u00e3o profissional em Minas Gerais. A retifica\u00e7\u00e3o do edital de credenciamento foi publicada no\u00a0<a href=\"https:\/\/www.jornalminasgerais.mg.gov.br\/index.php?dataJornal=2024-07-05\" target=\"_blank\" rel=\"noopener\">Di\u00e1rio Oficial de Minas Gerais desta sexta-feira (5\/7)<\/a>.<\/p>\n<p><strong>Resultado do credenciamento<\/strong><\/p>\n<p>O resultado do credenciamento tamb\u00e9m ser\u00e1 divulgado por meio do SEI, e a homologa\u00e7\u00e3o ser\u00e1 publicada no Di\u00e1rio Oficial de Minas Gerais. A habilita\u00e7\u00e3o das institui\u00e7\u00f5es est\u00e1 sujeita \u00e0 apresenta\u00e7\u00e3o completa dos documentos e ao cumprimento dos crit\u00e9rios estabelecidos no edital atual.<\/p>\n<p>Esclarecimentos sobre a ades\u00e3o ao projeto poder\u00e3o ser obtidos pelo e-mail\u00a0<a href=\"mailto:sb.credenciamento.trilhasdefuturo@educacao.mg.gov.br\">sb.credenciamento.trilhasdefuturo@educacao.mg.gov.br<\/a>. Al\u00e9m disso, mais informa\u00e7\u00f5es est\u00e3o dispon\u00edveis no\u00a0<a href=\"https:\/\/www.trilhasdefuturo.mg.gov.br\/\" target=\"_blank\" rel=\"noopener\">site do projeto<\/a>.<\/p>\n<p><strong>Trilhas de Futuro<\/strong><\/p>\n<p>O Trilhas de Futuro \u00e9 uma iniciativa do\u00a0<a href=\"https:\/\/www.mg.gov.br\/\" target=\"_blank\" rel=\"noopener\">Governo de Minas Gerais<\/a>\u00a0que tem como objetivo ampliar o acesso \u00e0 educa\u00e7\u00e3o t\u00e9cnica de qualidade. O projeto oferece uma variedade de cursos t\u00e9cnicos em diversas \u00e1reas do conhecimento, sempre com foco na empregabilidade e no desenvolvimento profissional dos estudantes. Desde o lan\u00e7amento, em 2021, o Estado j\u00e1 investiu mais de R$ 1 bilh\u00e3o na iniciativa.<\/p>\n<p>Fonte: Ag\u00eancia Minas<\/p>\n","protected":false},"excerpt":{"rendered":"<p>A\u00a0Secretaria de Estado de Educa\u00e7\u00e3o de Minas Gerais (SEE\/MG)\u00a0ampliou o per\u00edodo de credenciamento de institui\u00e7\u00f5es interessadas em oferecer cursos na quinta edi\u00e7\u00e3o do projeto\u00a0Trilhas de Futuro. Agora, as entidades t\u00eam at\u00e9 o dia 15\/7 para se inscrever e encaminhar a documenta\u00e7\u00e3o necess\u00e1ria. As institui\u00e7\u00f5es devem submeter a solicita\u00e7\u00e3o de credenciamento e a proposta de cursos, [&hellip;]<\/p>\n","protected":false},"author":246,"featured_media":223546,"comment_status":"closed","ping_status":"closed","sticky":false,"template":"","format":"standard","meta":{"footnotes":""},"categories":[436,261,252,439],"tags":[],"class_list":["post-223545","post","type-post","status-publish","format-standard","has-post-thumbnail","hentry","category-destaque-da-semana","category-economia","category-regiao","category-ultima-hora"],"_links":{"self":[{"href":"https:\/\/diarioregionaldigital.com.br\/index.php?rest_route=\/wp\/v2\/posts\/223545","targetHints":{"allow":["GET"]}}],"collection":[{"href":"https:\/\/diarioregionaldigital.com.br\/index.php?rest_route=\/wp\/v2\/posts"}],"about":[{"href":"https:\/\/diarioregionaldigital.com.br\/index.php?rest_route=\/wp\/v2\/types\/post"}],"author":[{"embeddable":true,"href":"https:\/\/diarioregionaldigital.com.br\/index.php?rest_route=\/wp\/v2\/users\/246"}],"replies":[{"embeddable":true,"href":"https:\/\/diarioregionaldigital.com.br\/index.php?rest_route=%2Fwp%2Fv2%2Fcomments&post=223545"}],"version-history":[{"count":1,"href":"https:\/\/diarioregionaldigital.com.br\/index.php?rest_route=\/wp\/v2\/posts\/223545\/revisions"}],"predecessor-version":[{"id":223547,"href":"https:\/\/diarioregionaldigital.com.br\/index.php?rest_route=\/wp\/v2\/posts\/223545\/revisions\/223547"}],"wp:featuredmedia":[{"embeddable":true,"href":"https:\/\/diarioregionaldigital.com.br\/index.php?rest_route=\/wp\/v2\/media\/223546"}],"wp:attachment":[{"href":"https:\/\/diarioregionaldigital.com.br\/index.php?rest_route=%2Fwp%2Fv2%2Fmedia&parent=223545"}],"wp:term":[{"taxonomy":"category","embeddable":true,"href":"https:\/\/diarioregionaldigital.com.br\/index.php?rest_route=%2Fwp%2Fv2%2Fcategories&post=223545"},{"taxonomy":"post_tag","embeddable":true,"href":"https:\/\/diarioregionaldigital.com.br\/index.php?rest_route=%2Fwp%2Fv2%2Ftags&post=223545"}],"curies":[{"name":"wp","href":"https:\/\/api.w.org\/{rel}","templated":true}]}}