{"id":223540,"date":"2024-07-05T00:03:04","date_gmt":"2024-07-05T03:03:04","guid":{"rendered":"https:\/\/diarioregionaldigital.com.br\/?p=223540"},"modified":"2024-07-05T00:03:04","modified_gmt":"2024-07-05T03:03:04","slug":"extrato-de-contrato-054-05-07-2024","status":"publish","type":"post","link":"https:\/\/diarioregionaldigital.com.br\/?p=223540","title":{"rendered":"EXTRATO DE CONTRATO 054 &#8211; 05\/07\/2024"},"content":{"rendered":"<p class=\"s2\" style=\"text-align: center;\">\n<p class=\"s2\" style=\"text-align: center;\"><span class=\"s3\"><span class=\"bumpedFont17\">EXTRATO DE CONTRATO<\/span><\/span><\/p>\n<p class=\"s2\" style=\"text-align: center;\">\n<p class=\"s4\" style=\"text-align: center;\"><span class=\"s3\"><span class=\"bumpedFont17\">Pref. Municipal de Descoberto x<\/span><\/span> <span class=\"s3\"><span class=\"bumpedFont17\">Muller Ind\u00fastria de M\u00e1quinas e Constru\u00e7\u00e3o<\/span><\/span><span class=\"s3\"><span class=\"bumpedFont17\"> Ltda<\/span><\/span> <span class=\"s3\"><span class=\"bumpedFont17\">\u2013<\/span><\/span> <span class=\"s3\"><span class=\"bumpedFont17\">Aquisi\u00e7\u00e3o de equipamento<\/span><\/span><span class=\"s3\"><span class=\"bumpedFont17\"> rodovi\u00e1rio<\/span><\/span><span class=\"s3\"><span class=\"bumpedFont17\"> tipo retroescavadeira <\/span><\/span><span class=\"s3\"><span class=\"bumpedFont17\">&#8211; <\/span><\/span><span class=\"s3\"><span class=\"bumpedFont17\">Fundamento<\/span><\/span><span class=\"s3\"><span class=\"bumpedFont17\">: <\/span><\/span><span class=\"s3\"><span class=\"bumpedFont17\">7\u00aa Ades\u00e3o CIRAU<\/span><\/span> <span class=\"s3\"><span class=\"bumpedFont17\">\u2013 Conv\u00eanio n\u00ba 1231000406\/2024\/SEAPA <\/span><\/span><span class=\"s3\"><span class=\"bumpedFont17\">&#8211; <\/span><\/span><span class=\"s3\"><span class=\"bumpedFont17\">Valor<\/span><\/span><span class=\"s3\"><span class=\"bumpedFont17\">: <\/span><\/span><span class=\"s3\"><span class=\"bumpedFont17\">R$<\/span><\/span> <span class=\"s3\"><span class=\"bumpedFont17\">395.000,00<\/span><\/span><span class=\"s3\"><span class=\"bumpedFont17\"> \u2013<\/span><\/span><span class=\"s3\"><span class=\"bumpedFont17\">&#8211; <\/span><\/span><span class=\"s3\"><span class=\"bumpedFont17\">Vig\u00eancia: <\/span><\/span><span class=\"s3\"><span class=\"bumpedFont17\">12<\/span><\/span><span class=\"s3\"><span class=\"bumpedFont17\">mes<\/span><\/span><span class=\"s3\"><span class=\"bumpedFont17\">es<\/span><\/span> <span class=\"s3\"><span class=\"bumpedFont17\">&#8211; \u00a0<\/span><\/span><span class=\"s3\"><span class=\"bumpedFont17\">Dot<\/span><\/span> <span class=\"s3\"><span class=\"bumpedFont17\">or\u00e7<\/span><\/span><span class=\"s3\"><span class=\"bumpedFont17\">:<\/span><\/span> <span class=\"s3\"><span class=\"bumpedFont17\">02.006.000.20.606.0014.1114.4409052.00\/500<\/span><\/span><span class=\"s3\"><span class=\"bumpedFont17\">&#8211; <\/span><\/span><span class=\"s3\"><span class=\"bumpedFont17\">Ass<\/span><\/span><span class=\"s3\"><span class=\"bumpedFont17\">:<\/span><\/span><span class=\"s3\"><span class=\"bumpedFont17\">0<\/span><\/span><span class=\"s3\"><span class=\"bumpedFont17\">4<\/span><\/span><span class=\"s3\"><span class=\"bumpedFont17\">\/07\/2024<\/span><\/span> <span class=\"s3\"><span class=\"bumpedFont17\">&#8211; Foro: S\u00e3o Jo\u00e3o Nepomuceno\/MG.<\/span><\/span><\/p>\n<p class=\"s5\" style=\"text-align: center;\">\n<p class=\"s5\" style=\"text-align: center;\">\n<p class=\"s5\" style=\"text-align: center;\">\n<p class=\"s2\" style=\"text-align: center;\">\n<p class=\"s2\" style=\"text-align: center;\"><span class=\"s3\"><span class=\"bumpedFont17\">Marcos de Ara\u00fajo Lima<\/span><\/span><\/p>\n<p class=\"s2\" style=\"text-align: center;\"><span class=\"s3\"><span class=\"bumpedFont17\">Prefeito <\/span><\/span><span class=\"s3\"><span class=\"bumpedFont17\">Municipal <\/span><\/span><\/p>\n<p class=\"s2\" style=\"text-align: center;\">\n","protected":false},"excerpt":{"rendered":"<p>EXTRATO DE CONTRATO Pref. Municipal de Descoberto x Muller Ind\u00fastria de M\u00e1quinas e Constru\u00e7\u00e3o Ltda \u2013 Aquisi\u00e7\u00e3o de equipamento rodovi\u00e1rio tipo retroescavadeira &#8211; Fundamento: 7\u00aa Ades\u00e3o CIRAU \u2013 Conv\u00eanio n\u00ba 1231000406\/2024\/SEAPA &#8211; Valor: R$ 395.000,00 \u2013&#8211; Vig\u00eancia: 12meses &#8211; \u00a0Dot or\u00e7: 02.006.000.20.606.0014.1114.4409052.00\/500&#8211; Ass:04\/07\/2024 &#8211; Foro: S\u00e3o Jo\u00e3o Nepomuceno\/MG. Marcos de Ara\u00fajo Lima Prefeito Municipal<\/p>\n","protected":false},"author":246,"featured_media":0,"comment_status":"closed","ping_status":"closed","sticky":false,"template":"","format":"standard","meta":{"footnotes":""},"categories":[307],"tags":[],"class_list":["post-223540","post","type-post","status-publish","format-standard","hentry","category-editais"],"_links":{"self":[{"href":"https:\/\/diarioregionaldigital.com.br\/index.php?rest_route=\/wp\/v2\/posts\/223540","targetHints":{"allow":["GET"]}}],"collection":[{"href":"https:\/\/diarioregionaldigital.com.br\/index.php?rest_route=\/wp\/v2\/posts"}],"about":[{"href":"https:\/\/diarioregionaldigital.com.br\/index.php?rest_route=\/wp\/v2\/types\/post"}],"author":[{"embeddable":true,"href":"https:\/\/diarioregionaldigital.com.br\/index.php?rest_route=\/wp\/v2\/users\/246"}],"replies":[{"embeddable":true,"href":"https:\/\/diarioregionaldigital.com.br\/index.php?rest_route=%2Fwp%2Fv2%2Fcomments&post=223540"}],"version-history":[{"count":1,"href":"https:\/\/diarioregionaldigital.com.br\/index.php?rest_route=\/wp\/v2\/posts\/223540\/revisions"}],"predecessor-version":[{"id":223541,"href":"https:\/\/diarioregionaldigital.com.br\/index.php?rest_route=\/wp\/v2\/posts\/223540\/revisions\/223541"}],"wp:attachment":[{"href":"https:\/\/diarioregionaldigital.com.br\/index.php?rest_route=%2Fwp%2Fv2%2Fmedia&parent=223540"}],"wp:term":[{"taxonomy":"category","embeddable":true,"href":"https:\/\/diarioregionaldigital.com.br\/index.php?rest_route=%2Fwp%2Fv2%2Fcategories&post=223540"},{"taxonomy":"post_tag","embeddable":true,"href":"https:\/\/diarioregionaldigital.com.br\/index.php?rest_route=%2Fwp%2Fv2%2Ftags&post=223540"}],"curies":[{"name":"wp","href":"https:\/\/api.w.org\/{rel}","templated":true}]}}