{"id":223536,"date":"2024-07-04T21:00:33","date_gmt":"2024-07-05T00:00:33","guid":{"rendered":"https:\/\/diarioregionaldigital.com.br\/?p=223536"},"modified":"2024-07-04T21:00:33","modified_gmt":"2024-07-05T00:00:33","slug":"prefeita-inaugura-primeira-usina-fotovoltaica-de-juiz-de-fora","status":"publish","type":"post","link":"https:\/\/diarioregionaldigital.com.br\/?p=223536","title":{"rendered":"Prefeita inaugura primeira usina fotovoltaica de Juiz de Fora"},"content":{"rendered":"<p>Segundo informa\u00e7\u00f5es do site da Prefeitura de Juiz de Fora (PJF), na manh\u00e3 desta quinta-feira, 4, a prefeita Margarida Salom\u00e3o deu sequ\u00eancia \u00e0 s\u00e9rie de inaugura\u00e7\u00f5es em comemora\u00e7\u00e3o aos 174 anos de Juiz de Fora. Desta vez, a pauta da obra foi energia sustent\u00e1vel. Em solenidade que reuniu autoridades e imprensa no Est\u00e1dio Municipal Radialista Mario Hel\u00eanio, a chefe do executivo acionou o bot\u00e3o que colocou em funcionamento a primeira usina fotovoltaica da cidade.<\/p>\n<div><\/div>\n<div>\u201cA utiliza\u00e7\u00e3o de novas energias \u00e9 uma prioridade da nossa gest\u00e3o. Eu quero lembrar a tradi\u00e7\u00e3o de pioneirismo de Juiz de Fora na \u00e1rea de energia. Aqui se instalou a primeira usina hidrel\u00e9trica da Am\u00e9rica Latina. N\u00f3s tivemos luz el\u00e9trica nas ruas antes de Nova Iorque. Ent\u00e3o n\u00f3s temos essa voca\u00e7\u00e3o\u201d, destacou a prefeita, enfatizando, tamb\u00e9m, a import\u00e2ncia da usina no aumento da produ\u00e7\u00e3o de energia limpa e renov\u00e1vel no Brasil.<\/div>\n<div><\/div>\n<div>Foram instalados na parte externa \u00e0s arquibancadas do Est\u00e1dio 1758 m\u00f3dulos (placas fotovoltaicas) e quatro inversores, com capacidade para gerar, aproximadamente, 118 mil kWh\/m\u00eas. Apenas como medida de compara\u00e7\u00e3o, esta energia seria o suficiente para abastecer cerca de 777 casas populares por um m\u00eas. A expectativa \u00e9 que a usina gere uma economia anual de quase um milh\u00e3o e meio de reais aos cofres p\u00fablicos municipais.<\/div>\n<div><\/div>\n<div>A escolha do local de implanta\u00e7\u00e3o da usina se deu por quest\u00f5es ligadas \u00e0 incid\u00eancia solar, tendo em vista que o sol incide por mais tempo na \u00e1rea, aumentando, consequentemente, a gera\u00e7\u00e3o de energia.<\/div>\n<div><\/div>\n<div><strong>Cidade sustent\u00e1vel<\/strong><\/div>\n<div><\/div>\n<div>A previs\u00e3o \u00e9 que a usina fotovoltaica gere 1420 megaWatts-hora ao ano, evitando a emiss\u00e3o de mais de 460 toneladas de CO\u00b2, o que neutraliza os gases do efeito estufa. Isso \u00e9 o equivalente a 3.222 \u00e1rvores plantadas e cultivadas.<\/div>\n<div><\/div>\n<div>\u201cUm dos nossos grandes desafios \u00e9 fazer uma gest\u00e3o eficiente, que significa fazer mais e melhor, a um custo menor. Esta usina, somada \u00e0 ilumina\u00e7\u00e3o p\u00fablica de LED, t\u00eam a capacidade de gerar uma significativa economia financeira ao munic\u00edpio, o que nos permite investir em novas frentes de trabalho\u201d, afirmou o diretor-presidente da Empav, Richard Tavares.<\/div>\n<div><\/div>\n<div>O uso de energias limpas \u00e9 uma das metas da Agenda 2030, sendo o s\u00e9timo dos 17 Objetivos de Desenvolvimento Sustent\u00e1vel no Brasil. A Prefeitura de Juiz de Fora segue no compromisso de tornar a cidade cada vez melhor para se viver e, com uso da energia solar, reduzir, n\u00e3o apenas gastos, mas tamb\u00e9m a emiss\u00e3o de gases nocivos ao meio ambiente.<\/div>\n<div><\/div>\n<div><strong>Compensa\u00e7\u00e3o ambiental<\/strong><\/div>\n<div><\/div>\n<div>Para a constru\u00e7\u00e3o da usina, foi necess\u00e1ria a supress\u00e3o de \u00e1rvores no local de instala\u00e7\u00e3o das placas. Todos os cortes j\u00e1 foram compensados, atrav\u00e9s do programa \u201cCultivar o Futuro\u201d, com o plantio de 500 exemplares de \u00e1rvores nativas no Parque da Lajinha. Al\u00e9m disso, o \u201cCultivar o Futuro\u201d segue com plantios semanais em diversas regi\u00f5es da cidade, j\u00e1 tendo sido feito o cultivo de mais de dez mil \u00e1rvores desde o seu lan\u00e7amento, em mar\u00e7o de 2023.<\/div>\n<div><\/div>\n","protected":false},"excerpt":{"rendered":"<p>Segundo informa\u00e7\u00f5es do site da Prefeitura de Juiz de Fora (PJF), na manh\u00e3 desta quinta-feira, 4, a prefeita Margarida Salom\u00e3o deu sequ\u00eancia \u00e0 s\u00e9rie de inaugura\u00e7\u00f5es em comemora\u00e7\u00e3o aos 174 anos de Juiz de Fora. Desta vez, a pauta da obra foi energia sustent\u00e1vel. Em solenidade que reuniu autoridades e imprensa no Est\u00e1dio Municipal Radialista [&hellip;]<\/p>\n","protected":false},"author":246,"featured_media":223537,"comment_status":"closed","ping_status":"closed","sticky":false,"template":"","format":"standard","meta":{"footnotes":""},"categories":[253,436,440,439],"tags":[],"class_list":["post-223536","post","type-post","status-publish","format-standard","has-post-thumbnail","hentry","category-cidade","category-destaque-da-semana","category-destaques-do-dia","category-ultima-hora"],"_links":{"self":[{"href":"https:\/\/diarioregionaldigital.com.br\/index.php?rest_route=\/wp\/v2\/posts\/223536","targetHints":{"allow":["GET"]}}],"collection":[{"href":"https:\/\/diarioregionaldigital.com.br\/index.php?rest_route=\/wp\/v2\/posts"}],"about":[{"href":"https:\/\/diarioregionaldigital.com.br\/index.php?rest_route=\/wp\/v2\/types\/post"}],"author":[{"embeddable":true,"href":"https:\/\/diarioregionaldigital.com.br\/index.php?rest_route=\/wp\/v2\/users\/246"}],"replies":[{"embeddable":true,"href":"https:\/\/diarioregionaldigital.com.br\/index.php?rest_route=%2Fwp%2Fv2%2Fcomments&post=223536"}],"version-history":[{"count":1,"href":"https:\/\/diarioregionaldigital.com.br\/index.php?rest_route=\/wp\/v2\/posts\/223536\/revisions"}],"predecessor-version":[{"id":223538,"href":"https:\/\/diarioregionaldigital.com.br\/index.php?rest_route=\/wp\/v2\/posts\/223536\/revisions\/223538"}],"wp:featuredmedia":[{"embeddable":true,"href":"https:\/\/diarioregionaldigital.com.br\/index.php?rest_route=\/wp\/v2\/media\/223537"}],"wp:attachment":[{"href":"https:\/\/diarioregionaldigital.com.br\/index.php?rest_route=%2Fwp%2Fv2%2Fmedia&parent=223536"}],"wp:term":[{"taxonomy":"category","embeddable":true,"href":"https:\/\/diarioregionaldigital.com.br\/index.php?rest_route=%2Fwp%2Fv2%2Fcategories&post=223536"},{"taxonomy":"post_tag","embeddable":true,"href":"https:\/\/diarioregionaldigital.com.br\/index.php?rest_route=%2Fwp%2Fv2%2Ftags&post=223536"}],"curies":[{"name":"wp","href":"https:\/\/api.w.org\/{rel}","templated":true}]}}