{"id":223369,"date":"2024-06-21T20:32:46","date_gmt":"2024-06-21T23:32:46","guid":{"rendered":"https:\/\/diarioregionaldigital.com.br\/?p=223369"},"modified":"2024-06-21T20:32:46","modified_gmt":"2024-06-21T23:32:46","slug":"museu-mariano-procopio-e-apresentado-em-visita-guiada-do-projeto-caminhando-pela-historia","status":"publish","type":"post","link":"https:\/\/diarioregionaldigital.com.br\/?p=223369","title":{"rendered":"Museu Mariano Proc\u00f3pio \u00e9 apresentado em visita guiada do projeto \u201cCaminhando pela Hist\u00f3ria\u201d"},"content":{"rendered":"<p>Segundo informa\u00e7\u00f5es do site da Prefeitura de Juiz de Fora (PJF), com um acervo de mais de 53 mil pe\u00e7as, a hist\u00f3ria dos s\u00e9culos XVIII, XIX e XX foi conhecida no Museu Mariano Proc\u00f3pio, o primeiro museu de Minas Gerais, por um grupo de 20 pessoas que foram ao local convidadas pelo projeto \u201cCaminhando pela Hist\u00f3ria\u201d. Durante duas horas, os participantes puderam viajar no tempo e conhecer a Villa Ferreira Lage, constru\u00edda em 1861 para receber o Imperador Dom Pedro II e sua fam\u00edlia em sua primeira visita a Juiz de Fora, revelando a intimidade de uma das fam\u00edlias mais influentes da sociedade mineira. Os presentes tamb\u00e9m visitaram o Castelinho que tamb\u00e9m est\u00e1 aberto ao p\u00fablico.<\/p>\n<p>&nbsp;<\/p>\n<p>O guia e bolsista do museu, Lucas Castro, explicou que Villa foi constru\u00edda com o que havia de mais moderno nos anos de 1800. \u201cEla incorpora v\u00e1rias solu\u00e7\u00f5es tecnol\u00f3gicas, como banheiros com descarga, o que j\u00e1 era uma revolu\u00e7\u00e3o, pois ter um banheiro dentro de casa era uma novidade significativa. Al\u00e9m disso, contava com ilumina\u00e7\u00e3o por g\u00e1s carbureto, tanto nos corredores quanto nas salas comuns. A casa foi projetada com o m\u00e1ximo de sofistica\u00e7\u00e3o, sendo cuidadosamente constru\u00edda para realmente impressionar\u201d.<\/p>\n<p>&nbsp;<\/p>\n<p>Entre as rel\u00edquias apresentadas ao p\u00fablico, destacou-se o quadro \u201cTiradentes Supliciado\u201d (ou \u201cTiradentes Esquartejado\u201d), de Pedro Am\u00e9rico (1843\u20131905), pintado em 1893. Essa obra em \u00f3leo sobre tela \u00e9 uma importante representa\u00e7\u00e3o da hist\u00f3ria do pa\u00eds, frequentemente citada em livros de hist\u00f3ria e arte. Outros quadros em exibi\u00e7\u00e3o incluem \u201cTiradentes: Jornada dos M\u00e1rtires\u201d (1928), de Ant\u00f4nio Diogo Parreira, e \u201cCabe\u00e7a de Tiradentes\u201d (1928), de D\u00e9cio Rodrigues Villares.<\/p>\n<p>&nbsp;<\/p>\n<p>Na exposi\u00e7\u00e3o &#8220;Rememorar o Brasil: a Independ\u00eancia e a Constru\u00e7\u00e3o do Estado-Na\u00e7\u00e3o&#8221;, o p\u00fablico teve a oportunidade de ver as famosas cartas de amor de Dom Pedro I para Domitila de Castro, a Marquesa de Santos, com quem ele mantinha um caso extraconjugal. As nove cartas, nas quais o monarca usava pseud\u00f4nimos como &#8220;O Demon\u00e3o&#8221;, &#8220;O Fogo Foguinho&#8221; e &#8220;O Imperador&#8221;, estavam expostas, junto com a \u00faltima foto da fam\u00edlia imperial no Brasil, tirada no Pal\u00e1cio Isabel em 1889, antes da Proclama\u00e7\u00e3o da Rep\u00fablica, contendo aut\u00f3grafos de todos os presentes na imagem.<\/p>\n<p>&nbsp;<\/p>\n<p>No segundo andar do pr\u00e9dio, a exposi\u00e7\u00e3o \u201cFios de Mem\u00f3ria: a Forma\u00e7\u00e3o das Cole\u00e7\u00f5es do Museu Mariano Proc\u00f3pio\u201d apresentou um vasto acervo de hist\u00f3ria natural, incluindo uma on\u00e7a-pintada taxidermizada, aves, minerais, corais, conchas e insetos.<\/p>\n<p>&nbsp;<\/p>\n<p>Os passeios do projeto &#8220;Caminhando pela Hist\u00f3ria&#8221; s\u00e3o coordenados pela Secretaria de Turismo (Setur), em parceria com as secretarias de Governo; Agricultura, Pecu\u00e1ria e Abastecimento; Assist\u00eancia Social; Funda\u00e7\u00e3o Alfredo Ferreira Lage; Cine-Theatro Central; cervejaria Hofbauer e o Centro de Conviv\u00eancia da Pessoa Idosa.<\/p>\n<p>&nbsp;<\/p>\n<p>Para mais informa\u00e7\u00f5es sobre as a\u00e7\u00f5es da Setur, acesse @secretariadeturismojuizdefora no Instagram e o site\u00a0<a href=\"http:\/\/descubrajuizdefora.com.br\/\">descubrajuizdefora<\/a><\/p>\n","protected":false},"excerpt":{"rendered":"<p>Segundo informa\u00e7\u00f5es do site da Prefeitura de Juiz de Fora (PJF), com um acervo de mais de 53 mil pe\u00e7as, a hist\u00f3ria dos s\u00e9culos XVIII, XIX e XX foi conhecida no Museu Mariano Proc\u00f3pio, o primeiro museu de Minas Gerais, por um grupo de 20 pessoas que foram ao local convidadas pelo projeto \u201cCaminhando pela [&hellip;]<\/p>\n","protected":false},"author":246,"featured_media":223370,"comment_status":"closed","ping_status":"closed","sticky":false,"template":"","format":"standard","meta":{"footnotes":""},"categories":[253,436,439],"tags":[],"class_list":["post-223369","post","type-post","status-publish","format-standard","has-post-thumbnail","hentry","category-cidade","category-destaque-da-semana","category-ultima-hora"],"_links":{"self":[{"href":"https:\/\/diarioregionaldigital.com.br\/index.php?rest_route=\/wp\/v2\/posts\/223369","targetHints":{"allow":["GET"]}}],"collection":[{"href":"https:\/\/diarioregionaldigital.com.br\/index.php?rest_route=\/wp\/v2\/posts"}],"about":[{"href":"https:\/\/diarioregionaldigital.com.br\/index.php?rest_route=\/wp\/v2\/types\/post"}],"author":[{"embeddable":true,"href":"https:\/\/diarioregionaldigital.com.br\/index.php?rest_route=\/wp\/v2\/users\/246"}],"replies":[{"embeddable":true,"href":"https:\/\/diarioregionaldigital.com.br\/index.php?rest_route=%2Fwp%2Fv2%2Fcomments&post=223369"}],"version-history":[{"count":1,"href":"https:\/\/diarioregionaldigital.com.br\/index.php?rest_route=\/wp\/v2\/posts\/223369\/revisions"}],"predecessor-version":[{"id":223371,"href":"https:\/\/diarioregionaldigital.com.br\/index.php?rest_route=\/wp\/v2\/posts\/223369\/revisions\/223371"}],"wp:featuredmedia":[{"embeddable":true,"href":"https:\/\/diarioregionaldigital.com.br\/index.php?rest_route=\/wp\/v2\/media\/223370"}],"wp:attachment":[{"href":"https:\/\/diarioregionaldigital.com.br\/index.php?rest_route=%2Fwp%2Fv2%2Fmedia&parent=223369"}],"wp:term":[{"taxonomy":"category","embeddable":true,"href":"https:\/\/diarioregionaldigital.com.br\/index.php?rest_route=%2Fwp%2Fv2%2Fcategories&post=223369"},{"taxonomy":"post_tag","embeddable":true,"href":"https:\/\/diarioregionaldigital.com.br\/index.php?rest_route=%2Fwp%2Fv2%2Ftags&post=223369"}],"curies":[{"name":"wp","href":"https:\/\/api.w.org\/{rel}","templated":true}]}}