{"id":223351,"date":"2024-06-21T20:17:54","date_gmt":"2024-06-21T23:17:54","guid":{"rendered":"https:\/\/diarioregionaldigital.com.br\/?p=223351"},"modified":"2024-06-21T20:17:54","modified_gmt":"2024-06-21T23:17:54","slug":"estado-vai-investir-ate-r12-milhao-para-fomentar-a-modernizacao-de-bancos-de-alimentos-municipais","status":"publish","type":"post","link":"https:\/\/diarioregionaldigital.com.br\/?p=223351","title":{"rendered":"Estado vai investir at\u00e9 R$1,2 milh\u00e3o para fomentar a moderniza\u00e7\u00e3o de bancos de alimentos municipais"},"content":{"rendered":"<p>Em mais uma iniciativa de promo\u00e7\u00e3o da seguran\u00e7a alimentar e nutricional no estado, o\u00a0<u><a id=\"OWA0b73ba0f-1ca9-cdae-d173-2c9e8d0abc98\" href=\"https:\/\/www.mg.gov.br\/\" rel=\"noopener noreferrer\" data-auth=\"NotApplicable\" data-linkindex=\"1\">Governo de Minas<\/a><\/u>\u00a0vai investir at\u00e9 R$ 1,2 milh\u00e3o para modernizar bancos de alimentos municipais, importantes espa\u00e7os que atendem pessoas em situa\u00e7\u00e3o de vulnerabilidade social.<\/p>\n<p><a id=\"LPlnk980661\" title=\"https:\/\/social.mg.gov.br\/images\/Docs2023\/docs_2024\/Resultado-edital-Sedese-_compressed.pdf\" href=\"https:\/\/social.mg.gov.br\/images\/Docs2023\/docs_2024\/Resultado-edital-Sedese-_compressed.pdf\" rel=\"noopener noreferrer\" data-auth=\"NotApplicable\" data-linkindex=\"2\">Resultado preliminar do edital<\/a>, divulgado nesta sexta-feira (21\/6), habilitou 20 munic\u00edpios que ter\u00e3o acesso ao recurso de R$ 60 mil. O repasse ser\u00e1 realizado pela\u00a0<u><a id=\"OWA05a1a1a6-f137-41de-4405-f573988c54a4\" href=\"https:\/\/social.mg.gov.br\/\" rel=\"noopener noreferrer\" data-auth=\"NotApplicable\" data-linkindex=\"3\">Secretaria de Estado de Desenvolvimento Social de Minas Gerais (Sedese-MG)<\/a><\/u>\u00a0e vai possibilitar que os bancos de alimentos ampliem a capacidade de atendimento.<\/p>\n<p>\u201cOs bancos de alimentos atuam diretamente na promo\u00e7\u00e3o do direito humano \u00e0 alimenta\u00e7\u00e3o adequada. O esfor\u00e7o cont\u00ednuo do Governo de Minas garante uma amplia\u00e7\u00e3o de parcerias na doa\u00e7\u00e3o de alimentos, o que permite o aumento no n\u00famero de pessoas atendidas\u201d, destaca a assessora-chefe de Seguran\u00e7a Alimentar da Sedese, Joana Brant.<\/p>\n<p>A moderniza\u00e7\u00e3o dos bancos de alimentos municipais busca melhorar os servi\u00e7os oferecidos, auxiliando no combate \u00e0 fome e evitando o desperd\u00edcio de alimentos. \u201cEssa iniciativa \u00e9 fundamental para complementar as necessidades nutricionais, especialmente da popula\u00e7\u00e3o em situa\u00e7\u00e3o de vulnerabilidade social e alimentar,&#8221; enfatiza Joana Brant.<\/p>\n<p><b>Resultado<\/b><\/p>\n<p>O edital de fomento \u00e0\u00a0moderniza\u00e7\u00e3o foi direcionado a bancos de alimentos, geridos pelas prefeituras, que apresentassem estrutura e capacidade t\u00e9cnica adequadas, em conformidade com as normas sanit\u00e1rias vigentes, e com as normas de funcionamento estabelecidas pela legisla\u00e7\u00e3o vigente.<\/p>\n<p>Foram habilitados os 20 munic\u00edpios por meio de pontua\u00e7\u00e3o, de acordo com os crit\u00e9rios estabelecidos no Edital.<\/p>\n<p>Confira a classifica\u00e7\u00e3o completa<\/p>\n<ul>\n<li>Inhapim\u00a0&#8211; 12,6<\/li>\n<li>Piedade de Caratinga\u00a0&#8211; 12,6<\/li>\n<li>Bugre\u00a0&#8211; 11,6<\/li>\n<li>Santa Maria do Sua\u00e7u\u00ed\u00a0&#8211; 11,6<\/li>\n<li>Governador Valadares\u00a0&#8211; 11,4<\/li>\n<li>Belo Horizonte\u00a0&#8211; 11,4<\/li>\n<li>Ribeir\u00e3o das Neves\u00a0&#8211; 11,4<\/li>\n<li>Vermelho Novo\u00a0&#8211; 10,6<\/li>\n<li>Engenheiro Caldas\u00a0&#8211; 10,4<\/li>\n<li>Caratinga\u00a0&#8211; 10,4<\/li>\n<li>Mesquita\u00a0&#8211; 9,6<\/li>\n<li>Pe\u00e7anha\u00a0&#8211; 9,6<\/li>\n<li>Raul Soares\u00a0&#8211; 9,4<\/li>\n<li>S\u00e3o Domingos das Dores\u00a0&#8211; 9,4<\/li>\n<li>Ipaba\u00a0&#8211; 9,4<\/li>\n<li>Pingo D&#8217;\u00c1gua\u00a0&#8211; 9,4<\/li>\n<li>Gonzaga\u00a0&#8211; 8,6<\/li>\n<li>Entre Folhas\u00a0&#8211; 8,4<\/li>\n<li>Jos\u00e9 Raydan\u00a0&#8211; 7,4<\/li>\n<li>Guaran\u00e9sia\u00a0&#8211; 7,0<\/li>\n<\/ul>\n<p>O resultado \u00e9 preliminar, uma vez que os munic\u00edpios t\u00eam at\u00e9 o dia 28\/6 para interpor recursos, utilizando o e-mail\u00a0<u><a id=\"OWAf441336c-b16d-5d67-2356-11739dc5d974\" href=\"mailto:asa@social.mg.gov.br\" data-linkindex=\"4\">asa@social.mg.gov.br<\/a><\/u>. O resultado final ser\u00e1 divulgado no dia 2\/7.<\/p>\n<p>Para celebra\u00e7\u00e3o do conv\u00eanio e repasse do recurso, os munic\u00edpios devem apresentar os documentos necess\u00e1rios e as contrapartidas exigidas. O repasse s\u00f3 ser\u00e1 realizado ap\u00f3s o per\u00edodo de veda\u00e7\u00e3o eleitoral.<\/p>\n<p><b>Pol\u00edtica p\u00fablica<\/b><\/p>\n<p>Em 2022, a Sedese investiu cerca de R$ 160 mil para incentivar oito Bancos de Alimento em Conselheiro Pena, Uberaba, Pingo d&#8217;\u00c1gua, Santana do Para\u00edso, Ubaporanga, Engenheiro Caldas, Piedade de Caratinga e Formiga. Cada espa\u00e7o selecionado p\u00f4de ter acesso a R$ 20 mil para ampliar a capacidade de recebimento, armazenamento e distribui\u00e7\u00e3o de alimentos.<\/p>\n<p>Em maio deste ano, a Sedese lan\u00e7ou o segundo edital para fomento aos bancos de alimentos. \u201cA expectativa \u00e9 que, com a moderniza\u00e7\u00e3o promovida pelo Governo de Minas, outros bancos possam atender mais pessoas, contribuindo para a seguran\u00e7a alimentar e nutricional no estado\u201d, refor\u00e7a Joana Brant.<\/p>\n<p>Fonte: Ag\u00eancia Minas<\/p>\n","protected":false},"excerpt":{"rendered":"<p>Em mais uma iniciativa de promo\u00e7\u00e3o da seguran\u00e7a alimentar e nutricional no estado, o\u00a0Governo de Minas\u00a0vai investir at\u00e9 R$ 1,2 milh\u00e3o para modernizar bancos de alimentos municipais, importantes espa\u00e7os que atendem pessoas em situa\u00e7\u00e3o de vulnerabilidade social. Resultado preliminar do edital, divulgado nesta sexta-feira (21\/6), habilitou 20 munic\u00edpios que ter\u00e3o acesso ao recurso de R$ [&hellip;]<\/p>\n","protected":false},"author":246,"featured_media":223352,"comment_status":"closed","ping_status":"closed","sticky":false,"template":"","format":"standard","meta":{"footnotes":""},"categories":[436,261,254,252,439],"tags":[],"class_list":["post-223351","post","type-post","status-publish","format-standard","has-post-thumbnail","hentry","category-destaque-da-semana","category-economia","category-politica","category-regiao","category-ultima-hora"],"_links":{"self":[{"href":"https:\/\/diarioregionaldigital.com.br\/index.php?rest_route=\/wp\/v2\/posts\/223351","targetHints":{"allow":["GET"]}}],"collection":[{"href":"https:\/\/diarioregionaldigital.com.br\/index.php?rest_route=\/wp\/v2\/posts"}],"about":[{"href":"https:\/\/diarioregionaldigital.com.br\/index.php?rest_route=\/wp\/v2\/types\/post"}],"author":[{"embeddable":true,"href":"https:\/\/diarioregionaldigital.com.br\/index.php?rest_route=\/wp\/v2\/users\/246"}],"replies":[{"embeddable":true,"href":"https:\/\/diarioregionaldigital.com.br\/index.php?rest_route=%2Fwp%2Fv2%2Fcomments&post=223351"}],"version-history":[{"count":1,"href":"https:\/\/diarioregionaldigital.com.br\/index.php?rest_route=\/wp\/v2\/posts\/223351\/revisions"}],"predecessor-version":[{"id":223353,"href":"https:\/\/diarioregionaldigital.com.br\/index.php?rest_route=\/wp\/v2\/posts\/223351\/revisions\/223353"}],"wp:featuredmedia":[{"embeddable":true,"href":"https:\/\/diarioregionaldigital.com.br\/index.php?rest_route=\/wp\/v2\/media\/223352"}],"wp:attachment":[{"href":"https:\/\/diarioregionaldigital.com.br\/index.php?rest_route=%2Fwp%2Fv2%2Fmedia&parent=223351"}],"wp:term":[{"taxonomy":"category","embeddable":true,"href":"https:\/\/diarioregionaldigital.com.br\/index.php?rest_route=%2Fwp%2Fv2%2Fcategories&post=223351"},{"taxonomy":"post_tag","embeddable":true,"href":"https:\/\/diarioregionaldigital.com.br\/index.php?rest_route=%2Fwp%2Fv2%2Ftags&post=223351"}],"curies":[{"name":"wp","href":"https:\/\/api.w.org\/{rel}","templated":true}]}}