{"id":223348,"date":"2024-06-21T20:16:46","date_gmt":"2024-06-21T23:16:46","guid":{"rendered":"https:\/\/diarioregionaldigital.com.br\/?p=223348"},"modified":"2024-06-21T20:16:46","modified_gmt":"2024-06-21T23:16:46","slug":"governador-acompanha-projetos-que-beneficiam-mineiros-dos-vales-do-aco-e-rio-doce","status":"publish","type":"post","link":"https:\/\/diarioregionaldigital.com.br\/?p=223348","title":{"rendered":"Governador acompanha projetos que beneficiam mineiros dos vales do A\u00e7o e Rio Doce"},"content":{"rendered":"<p>O governador Romeu Zema cumpriu, nesta sexta-feira (21\/6), agenda nas cidades de Ipatinga e Belo Oriente, no Vale do A\u00e7o, Naque e Piriquito, no Vale do Rio Doce.<\/p>\n<p>Na regi\u00e3o, o chefe do Executivo estadual vistoriou obras que beneficiam os mineiros nas \u00e1reas de Educa\u00e7\u00e3o e Infraestrutura e acompanhou entregas que contribuem para a melhoria das condi\u00e7\u00f5es de vida e geram oportunidades de emprego e renda para a popula\u00e7\u00e3o.<\/p>\n<p><strong>Energia e infraestrutura\u00a0<\/strong><\/p>\n<p>No munic\u00edpio de Naque, o governador vistoriou a Subesta\u00e7\u00e3o da\u00a0<a href=\"https:\/\/www.cemig.com.br\/\" target=\"_blank\" rel=\"noopener\">Cemig<\/a>, inaugurada em novembro de 2023, com investimento de R$ 26 milh\u00f5es.<\/p>\n<p>A subesta\u00e7\u00e3o tem capacidade de transforma\u00e7\u00e3o de 15MVA, energia suficiente para garantir o fornecimento para cerca de 30 mil unidades consumidoras.<\/p>\n<p>A unidade atende diretamente as cidades de Naque, Belo Oriente, Periquito e Ipatinga, beneficiando 300 mil pessoas.<\/p>\n<p>De acordo com o governador, o investimento na constru\u00e7\u00e3o de novas subesta\u00e7\u00f5es que fornece energia de qualidade para os mineiros \u00e9 uma das prioridades da Cemig.<\/p>\n<p>\u201cA quest\u00e3o da energia el\u00e9trica est\u00e1 solucionada. Fui na subesta\u00e7\u00e3o da Cemig que eliminou o problema de Naque e regi\u00e3o, popula\u00e7\u00e3o que vivia com falta de energia e oscila\u00e7\u00f5es na rede el\u00e9trica. Para a constru\u00e7\u00e3o da unidade \u00a0foram investidos R$26 milh\u00f5es e, agora, haver\u00e1 melhorias no fornecimento de energia de toda a regi\u00e3o\u201d, detalha.<\/p>\n<p><strong>Energia de qualidade<\/strong><\/p>\n<p>O lavrador Josu\u00e9 Soares de Aranda mora h\u00e1 18 anos na zona rural de Naque. De acordo com ele, a nova Subesta\u00e7\u00e3o da Cemig trouxe qualidade no abastecimento de energia para sua casa.<\/p>\n<p>\u201cA gente sofria com a falta de energia, frequentemente a luz acabava e demorava a ser restabelecida. Agora, com a \u00a0nova subesta\u00e7\u00e3o, n\u00e3o temos mais este tipo de problema e a energia n\u00e3o falta. Al\u00e9m disso, temos o total apoio dos funcion\u00e1rios da Cemig quando ocorre qualquer problema\u201d conta.<\/p>\n<p>Tamb\u00e9m em Naque, o governador participou da inaugura\u00e7\u00e3o do pr\u00e9dio que sediar\u00e1 a prefeitura e a C\u00e2mara Municipal da cidade.<\/p>\n<p><strong>M\u00e3os Dadas<\/strong><\/p>\n<p>Ainda no Vale do Rio Doce, o governador \u00a0esteve na cidade de Periquito, onde vistoriou obras de melhorias em escola da rede municipal.<\/p>\n<p>Na oportunidade, Zema relatou os avan\u00e7os obtidos \u00a0na \u00e1rea da educa\u00e7\u00e3o com destaque nos investimentos realizados na infraestrutura das escolas do estado.<\/p>\n<p>\u201cEstamos avan\u00e7ando tamb\u00e9m na educa\u00e7\u00e3o, j\u00e1 que reformamos mais de 1,7 mil pr\u00e9dios escolares, com reformas grandes. Quem acompanha a educa\u00e7\u00e3o sabe que hoje as escolas est\u00e3o em uma situa\u00e7\u00e3o bem melhor\u201d.<\/p>\n<p>O munic\u00edpio de Periquito aderiu ao programa M\u00e3os Dadas. Cerca de R$5,4 milh\u00f5es j\u00e1 foram repassados para obras, aquisi\u00e7\u00e3o de bens e transporte escolar.<\/p>\n<p><strong>Novas locomotivas<\/strong><\/p>\n<p>Ainda no Vale do A\u00e7o, \u00a0o governador visitou a empresa Cenibra, localizada no munic\u00edpio de Belo Oriente, onde conheceu as novas locomotivas adquiridas pela empresa com cr\u00e9ditos do ICMS, por meio de mecanismo de incentivo desenvolvido pelo\u00a0<a href=\"https:\/\/www.mg.gov.br\/\" target=\"_blank\" rel=\"noopener\">Governo de Minas<\/a>.<\/p>\n<p>Na oportunidade, Zema conversou com funcion\u00e1rios e conheceu os novos ve\u00edculos que j\u00e1 est\u00e3o sendo utilizados pela empresa.<\/p>\n<p>As locomotivas reduzem o tr\u00e1fego rodovi\u00e1rio e a emiss\u00e3o de poluentes, contribuindo para a preserva\u00e7\u00e3o ambiental e reafirmando o compromisso de Minas com a sustentabilidade, a efici\u00eancia e a seguran\u00e7a.<\/p>\n<p>O ve\u00edculo \u00e9 equipado com motores de \u00faltima gera\u00e7\u00e3o, que oferecem respostas mais r\u00e1pidas aos comandos de tra\u00e7\u00e3o e frenagem, proporcionando tamb\u00e9m maior efici\u00eancia e conforto para os operadores.<\/p>\n<p>Essa iniciativa promove um desenvolvimento mais sustent\u00e1vel, uma das prioridades da atual gest\u00e3o estadual.<\/p>\n<p><strong>Solo Seguro Favela\u00a0<\/strong><\/p>\n<p>Pela manh\u00e3, o chefe do Executivo estadual participou em Ipatinga, no Vale do A\u00e7o, de solenidade do Programa Solo Seguro Favela, da Corregedoria Nacional de Justi\u00e7a.<\/p>\n<p>O programa tem atua\u00e7\u00e3o nos munic\u00edpios mineiros de Rio Parana\u00edba, Inhapim, Oliveira, Sabin\u00f3polis, Virgin\u00f3polis, Ipatinga, Braz\u00f3polis e Pouso Alegre.<\/p>\n<p>Fonte: Ag\u00eancia Minas<\/p>\n","protected":false},"excerpt":{"rendered":"<p>O governador Romeu Zema cumpriu, nesta sexta-feira (21\/6), agenda nas cidades de Ipatinga e Belo Oriente, no Vale do A\u00e7o, Naque e Piriquito, no Vale do Rio Doce. Na regi\u00e3o, o chefe do Executivo estadual vistoriou obras que beneficiam os mineiros nas \u00e1reas de Educa\u00e7\u00e3o e Infraestrutura e acompanhou entregas que contribuem para a melhoria [&hellip;]<\/p>\n","protected":false},"author":246,"featured_media":223349,"comment_status":"closed","ping_status":"closed","sticky":false,"template":"","format":"standard","meta":{"footnotes":""},"categories":[436,261,254,252,439],"tags":[],"class_list":["post-223348","post","type-post","status-publish","format-standard","has-post-thumbnail","hentry","category-destaque-da-semana","category-economia","category-politica","category-regiao","category-ultima-hora"],"_links":{"self":[{"href":"https:\/\/diarioregionaldigital.com.br\/index.php?rest_route=\/wp\/v2\/posts\/223348","targetHints":{"allow":["GET"]}}],"collection":[{"href":"https:\/\/diarioregionaldigital.com.br\/index.php?rest_route=\/wp\/v2\/posts"}],"about":[{"href":"https:\/\/diarioregionaldigital.com.br\/index.php?rest_route=\/wp\/v2\/types\/post"}],"author":[{"embeddable":true,"href":"https:\/\/diarioregionaldigital.com.br\/index.php?rest_route=\/wp\/v2\/users\/246"}],"replies":[{"embeddable":true,"href":"https:\/\/diarioregionaldigital.com.br\/index.php?rest_route=%2Fwp%2Fv2%2Fcomments&post=223348"}],"version-history":[{"count":1,"href":"https:\/\/diarioregionaldigital.com.br\/index.php?rest_route=\/wp\/v2\/posts\/223348\/revisions"}],"predecessor-version":[{"id":223350,"href":"https:\/\/diarioregionaldigital.com.br\/index.php?rest_route=\/wp\/v2\/posts\/223348\/revisions\/223350"}],"wp:featuredmedia":[{"embeddable":true,"href":"https:\/\/diarioregionaldigital.com.br\/index.php?rest_route=\/wp\/v2\/media\/223349"}],"wp:attachment":[{"href":"https:\/\/diarioregionaldigital.com.br\/index.php?rest_route=%2Fwp%2Fv2%2Fmedia&parent=223348"}],"wp:term":[{"taxonomy":"category","embeddable":true,"href":"https:\/\/diarioregionaldigital.com.br\/index.php?rest_route=%2Fwp%2Fv2%2Fcategories&post=223348"},{"taxonomy":"post_tag","embeddable":true,"href":"https:\/\/diarioregionaldigital.com.br\/index.php?rest_route=%2Fwp%2Fv2%2Ftags&post=223348"}],"curies":[{"name":"wp","href":"https:\/\/api.w.org\/{rel}","templated":true}]}}