{"id":223335,"date":"2024-06-20T21:23:48","date_gmt":"2024-06-21T00:23:48","guid":{"rendered":"https:\/\/diarioregionaldigital.com.br\/?p=223335"},"modified":"2024-06-20T21:23:48","modified_gmt":"2024-06-21T00:23:48","slug":"tenista-thiago-monteiro-tem-vaga-confirmada-na-olimpiada-de-paris","status":"publish","type":"post","link":"https:\/\/diarioregionaldigital.com.br\/?p=223335","title":{"rendered":"Tenista Thiago Monteiro tem vaga confirmada na Olimp\u00edada de Paris"},"content":{"rendered":"<p>O t\u00eanis brasileiro na Olimp\u00edada de Paris contar\u00e1 com Thiago Monteiro, al\u00e9m das paulistas \u00a0Beatriz Haddad Mais e Laura Pigossi tamb\u00e9m classificadas. A confirma\u00e7\u00e3o da vaga do atleta cearense foi anunciada nesta quinta-feira (20) pela Federa\u00e7\u00e3o Internacional de T\u00eanis (ITF, na sigla em ingl\u00eas).<\/p>\n<p>Medalhista de bronze ano passado nos Jogos Pan-Americanos de Santiago (Chile), Monteiro herdou a vaga ol\u00edmpica que pertencia ao argentino Facundo Diaz Acosta, o vencedor do torneio de simples em Santiago.\u00a0 Tanto o campe\u00e3o pan-americano quanto o vice asseguraram presen\u00e7a em Paris. No entanto, Facundo Diaz n\u00e3o disputar\u00e1 os Jogos, porque a Argentina excedeu o n\u00famero de tenistas classificados. Dessa forma, \u00a0Thiago Monteiro arrematou a \u00a0segunda vaga continental das Am\u00e9ricas.<\/p>\n<blockquote><p>&#8220;\u00c9 um sonho realizado. \u00c9 a conquista do meu objetivo do ano, muito feliz em poder viver esse sonho novamente. \u00c9 sempre especial estar no ambiente ol\u00edmpico, tendo essa experi\u00eancia de estar com os melhores atletas das principais modalidades do mundo e voltar para o complexo de Roland Garros. Muito feliz e mais tranquilo com a oficializa\u00e7\u00e3o dessa vaga, agora \u00e9 me preparar para vivenciar tudo isso de novo e fazer uma boa campanha&#8221;, disse o tenista canhoto, de 30 anos, que estreou em Olimp\u00edadas na \u00faltima edi\u00e7\u00e3o, em T\u00f3quio.<\/p><\/blockquote>\n<p>Na atual temporada do circuito mundial, Monteiro se destacou em torneios com piso de saibro, furando os \u00a0qualifyings (classificat\u00f3rios) \u00a0dos Masters 1000 de Roma e Madri, \u00a0e tamb\u00e9m o de Roland Garros. O\u00a0brasileiro alcan\u00e7ou oitavas em Roma e chegou \u00e0 terceira rodada em Madri. Antes da Olimp\u00edada, Monteiro disputar\u00e1 o ATP 250 de Bastad (Su\u00e9cia), tamb\u00e9m no saibro.<\/p>\n<p>O n\u00famero de tenistas brasileiros em Paris pode aumentar no pr\u00f3ximo dia 2 de julho, com a divulga\u00e7\u00e3o da lista definitiva de atletas pela ITF. No mesmo dia a entidade anunciar\u00e1 as chaves de duplas masculina, feminina e mista.<\/p>\n<p>Nos Jogos de T\u00f3quio, o Brasil conquistou o bronze, primeira medalha ol\u00edmpica do pa\u00eds no t\u00eanis, na chave de duplas femininas, com a parceria de Laura Pigossi e Luisa Stefani.<\/p>\n<p>Fonte: Ag\u00eancia Brasil<\/p>\n","protected":false},"excerpt":{"rendered":"<p>O t\u00eanis brasileiro na Olimp\u00edada de Paris contar\u00e1 com Thiago Monteiro, al\u00e9m das paulistas \u00a0Beatriz Haddad Mais e Laura Pigossi tamb\u00e9m classificadas. A confirma\u00e7\u00e3o da vaga do atleta cearense foi anunciada nesta quinta-feira (20) pela Federa\u00e7\u00e3o Internacional de T\u00eanis (ITF, na sigla em ingl\u00eas). Medalhista de bronze ano passado nos Jogos Pan-Americanos de Santiago (Chile), [&hellip;]<\/p>\n","protected":false},"author":246,"featured_media":223336,"comment_status":"closed","ping_status":"closed","sticky":false,"template":"","format":"standard","meta":{"footnotes":""},"categories":[436,440,257,439],"tags":[],"class_list":["post-223335","post","type-post","status-publish","format-standard","has-post-thumbnail","hentry","category-destaque-da-semana","category-destaques-do-dia","category-esporte","category-ultima-hora"],"_links":{"self":[{"href":"https:\/\/diarioregionaldigital.com.br\/index.php?rest_route=\/wp\/v2\/posts\/223335","targetHints":{"allow":["GET"]}}],"collection":[{"href":"https:\/\/diarioregionaldigital.com.br\/index.php?rest_route=\/wp\/v2\/posts"}],"about":[{"href":"https:\/\/diarioregionaldigital.com.br\/index.php?rest_route=\/wp\/v2\/types\/post"}],"author":[{"embeddable":true,"href":"https:\/\/diarioregionaldigital.com.br\/index.php?rest_route=\/wp\/v2\/users\/246"}],"replies":[{"embeddable":true,"href":"https:\/\/diarioregionaldigital.com.br\/index.php?rest_route=%2Fwp%2Fv2%2Fcomments&post=223335"}],"version-history":[{"count":1,"href":"https:\/\/diarioregionaldigital.com.br\/index.php?rest_route=\/wp\/v2\/posts\/223335\/revisions"}],"predecessor-version":[{"id":223337,"href":"https:\/\/diarioregionaldigital.com.br\/index.php?rest_route=\/wp\/v2\/posts\/223335\/revisions\/223337"}],"wp:featuredmedia":[{"embeddable":true,"href":"https:\/\/diarioregionaldigital.com.br\/index.php?rest_route=\/wp\/v2\/media\/223336"}],"wp:attachment":[{"href":"https:\/\/diarioregionaldigital.com.br\/index.php?rest_route=%2Fwp%2Fv2%2Fmedia&parent=223335"}],"wp:term":[{"taxonomy":"category","embeddable":true,"href":"https:\/\/diarioregionaldigital.com.br\/index.php?rest_route=%2Fwp%2Fv2%2Fcategories&post=223335"},{"taxonomy":"post_tag","embeddable":true,"href":"https:\/\/diarioregionaldigital.com.br\/index.php?rest_route=%2Fwp%2Fv2%2Ftags&post=223335"}],"curies":[{"name":"wp","href":"https:\/\/api.w.org\/{rel}","templated":true}]}}