{"id":223332,"date":"2024-06-20T21:22:03","date_gmt":"2024-06-21T00:22:03","guid":{"rendered":"https:\/\/diarioregionaldigital.com.br\/?p=223332"},"modified":"2024-06-20T21:22:03","modified_gmt":"2024-06-21T00:22:03","slug":"lula-lamenta-manutencao-da-taxa-basica-de-juros","status":"publish","type":"post","link":"https:\/\/diarioregionaldigital.com.br\/?p=223332","title":{"rendered":"Lula lamenta manuten\u00e7\u00e3o da taxa b\u00e1sica de juros"},"content":{"rendered":"<p>Um dia ap\u00f3s o Banco Central (BC)\u00a0<a href=\"https:\/\/agenciabrasil.ebc.com.br\/economia\/noticia\/2024-06\/copom-interrompe-cortes-e-mantem-juros-basicos-em-105-ao-ano\" target=\"_blank\" rel=\"noopener\">interromper o ciclo de queda da taxa Selic<\/a>, os juros b\u00e1sicos da economia, o presidente Luiz In\u00e1cio Lula da Silva lamentou a decis\u00e3o. Por unanimidade, o Comit\u00ea de Pol\u00edtica Monet\u00e1ria (Copom) manteve a taxa em 10,5% ao ano. A decis\u00e3o era\u00a0<a href=\"https:\/\/agenciabrasil.ebc.com.br\/economia\/noticia\/2024-06\/mercado-financeiro-espera-por-manutencao-da-taxa-de-juros-nesta-semana\" target=\"_blank\" rel=\"noopener\">esperada pelos analistas financeiros<\/a>.<\/p>\n<p>\u201cFoi uma pena que o Copom manteve, porque quem est\u00e1 perdendo com isso \u00e9 o Brasil, o povo brasileiro. Quanto mais a gente pagar de juro, menos dinheiro a gente tem para investir aqui dentro\u201d, disse Lula em entrevista a r\u00e1dio Verdinha, de Fortaleza, onde cumpre agenda nesta quinta-feira (20).<\/p>\n<p>O presidente tamb\u00e9m criticou o pagamento, via or\u00e7amento, de despesas financeiras com juros da d\u00edvida p\u00fablica e com ren\u00fancia de impostos.<\/p>\n<p>\u201cN\u00f3s temos possibilidade de ter [este ano] um d\u00e9ficit de R$ 30 bilh\u00f5es, R$ 40 bilh\u00f5es. A\u00ed eu fico olhando do outro lado da folha que me apresentam, s\u00f3 de juro, o ano passado, foram R$ 790 bilh\u00f5es que a gente pagou. S\u00f3 de desonera\u00e7\u00e3o foram R$ 536 bilh\u00f5es que a gente deixou de receber. Por que n\u00e3o transforma em gasto a taxa de juros que n\u00f3s pagamos?\u201d, questionou o presidente. Pelas regras vigentes, despesas financeiras com juros da d\u00edvida n\u00e3o sofrem contingenciamentos.<\/p>\n<p>\u201cN\u00e3o vejo o mercado falar dos moradores de rua, dos catadores de papel, n\u00e3o vejo o mercado falar dos desempregados e das pessoas que precisam do Estado. Quem necessita do Estado \u00e9 o povo trabalhador, a classe m\u00e9dia, que \u00e9 quem paga imposto nesse pa\u00eds\u201d, insistiu o presidente durante a entrevista.<\/p>\n<p>Lula ainda criticou a autonomia do BC, que por lei assegura mandatos a seus diretores.<\/p>\n<p>\u201cEu fui presidente 8 anos. O presidente da Rep\u00fablica nunca se mete nas decis\u00f5es do Copom e do Banco Central. O [Henrique] Meirelles [ex-presidente do BC] tinha autonomia comigo tanto quanto tem esse rapaz [Roberto Campos Neto] de hoje. S\u00f3 que o Meirelles era um cara que eu tinha o poder de tirar, como o Fernando Henrique Cardoso tirou tantos, como outros presidentes tiraram tantos. A\u00ed resolveram entender que era importante colocar algu\u00e9m que tivesse um Banco Central independente, que tivesse autonomia. Ora, autonomia de quem? Autonomia para servir quem, para atender quem?\u201d.<\/p>\n<p>Fonte: Ag\u00eancia Brasil<\/p>\n","protected":false},"excerpt":{"rendered":"<p>Um dia ap\u00f3s o Banco Central (BC)\u00a0interromper o ciclo de queda da taxa Selic, os juros b\u00e1sicos da economia, o presidente Luiz In\u00e1cio Lula da Silva lamentou a decis\u00e3o. Por unanimidade, o Comit\u00ea de Pol\u00edtica Monet\u00e1ria (Copom) manteve a taxa em 10,5% ao ano. A decis\u00e3o era\u00a0esperada pelos analistas financeiros. \u201cFoi uma pena que o [&hellip;]<\/p>\n","protected":false},"author":246,"featured_media":223333,"comment_status":"closed","ping_status":"closed","sticky":false,"template":"","format":"standard","meta":{"footnotes":""},"categories":[436,440,261,254,439],"tags":[],"class_list":["post-223332","post","type-post","status-publish","format-standard","has-post-thumbnail","hentry","category-destaque-da-semana","category-destaques-do-dia","category-economia","category-politica","category-ultima-hora"],"_links":{"self":[{"href":"https:\/\/diarioregionaldigital.com.br\/index.php?rest_route=\/wp\/v2\/posts\/223332","targetHints":{"allow":["GET"]}}],"collection":[{"href":"https:\/\/diarioregionaldigital.com.br\/index.php?rest_route=\/wp\/v2\/posts"}],"about":[{"href":"https:\/\/diarioregionaldigital.com.br\/index.php?rest_route=\/wp\/v2\/types\/post"}],"author":[{"embeddable":true,"href":"https:\/\/diarioregionaldigital.com.br\/index.php?rest_route=\/wp\/v2\/users\/246"}],"replies":[{"embeddable":true,"href":"https:\/\/diarioregionaldigital.com.br\/index.php?rest_route=%2Fwp%2Fv2%2Fcomments&post=223332"}],"version-history":[{"count":1,"href":"https:\/\/diarioregionaldigital.com.br\/index.php?rest_route=\/wp\/v2\/posts\/223332\/revisions"}],"predecessor-version":[{"id":223334,"href":"https:\/\/diarioregionaldigital.com.br\/index.php?rest_route=\/wp\/v2\/posts\/223332\/revisions\/223334"}],"wp:featuredmedia":[{"embeddable":true,"href":"https:\/\/diarioregionaldigital.com.br\/index.php?rest_route=\/wp\/v2\/media\/223333"}],"wp:attachment":[{"href":"https:\/\/diarioregionaldigital.com.br\/index.php?rest_route=%2Fwp%2Fv2%2Fmedia&parent=223332"}],"wp:term":[{"taxonomy":"category","embeddable":true,"href":"https:\/\/diarioregionaldigital.com.br\/index.php?rest_route=%2Fwp%2Fv2%2Fcategories&post=223332"},{"taxonomy":"post_tag","embeddable":true,"href":"https:\/\/diarioregionaldigital.com.br\/index.php?rest_route=%2Fwp%2Fv2%2Ftags&post=223332"}],"curies":[{"name":"wp","href":"https:\/\/api.w.org\/{rel}","templated":true}]}}