{"id":223329,"date":"2024-06-20T21:20:41","date_gmt":"2024-06-21T00:20:41","guid":{"rendered":"https:\/\/diarioregionaldigital.com.br\/?p=223329"},"modified":"2024-06-20T21:20:41","modified_gmt":"2024-06-21T00:20:41","slug":"governo-define-regras-mais-rigidas-para-distribuidoras-de-energia","status":"publish","type":"post","link":"https:\/\/diarioregionaldigital.com.br\/?p=223329","title":{"rendered":"Governo define regras mais r\u00edgidas para distribuidoras de energia"},"content":{"rendered":"<p>O Minist\u00e9rio de Minas e Energia anunciou nesta quinta-feira (20) que ir\u00e1 publicar decreto com regras mais r\u00edgidas para os contratos com distribuidoras de energia. O texto deve ser publicado nesta sexta-feira (21) no Di\u00e1rio Oficial da Uni\u00e3o.<\/p>\n<p>O documento trar\u00e1 17 diretrizes, que dever\u00e3o ser cumpridas nos novos contratos. Para os contratos vigentes, as distribuidoras t\u00eam op\u00e7\u00e3o de se adequar ou n\u00e3o \u00e0s novas regras para renova\u00e7\u00e3o da concess\u00e3o.<\/p>\n<p>Entre as regras, est\u00e3o metas obrigat\u00f3rias para retomada de servi\u00e7os em caso de eventos clim\u00e1ticos extremos, ou seja, evitar que os consumidores fiquem sem luz por longas horas em raz\u00e3o de chuvas, vendavais e quedas de \u00e1rvores nas redes; a satisfa\u00e7\u00e3o do consumidor ser\u00e1 um dos crit\u00e9rios de avalia\u00e7\u00e3o da distribuidora.<\/p>\n<p>Em caso de descumprimento de alguma norma ou falhas na presta\u00e7\u00e3o do\u00a0servi\u00e7o, haver\u00e1 limita\u00e7\u00e3o na distribui\u00e7\u00e3o de dividendos aos acionistas da companhia e o processo de puni\u00e7\u00e3o \u00e0 empresa ser\u00e1 mais \u00e1gil.<\/p>\n<p>\u201c\u00c9 a oportunidade de efetivamente melhorar a energia entregue nas casas, nos com\u00e9rcios, no meio rural. S\u00e3o 56 milh\u00f5es de unidades consumidoras impactadas. Os novos contratos ser\u00e3o mais modernos e as empresas dever\u00e3o garantir a capacidade real de prestar o servi\u00e7o. A qualidade ser\u00e1 medida efetivamente pelo servi\u00e7o prestado ao consumidor. Desligamentos demorados e longas esperas nos call centers n\u00e3o s\u00e3o mais tolerados pela popula\u00e7\u00e3o\u201d, explicou o ministro Alexandre Silveira, em entrevista \u00e0 imprensa.<\/p>\n<p>Com as novas normas, o governo federal quer evitar casos,\u00a0<a href=\"https:\/\/agenciabrasil.ebc.com.br\/economia\/noticia\/2024-06\/enel-confirma-lula-investimento-de-r-20-bi-para-acabar-com-apagoes\" target=\"_blank\" rel=\"noopener\">como o da Enel<\/a>, que deixou milhares de moradores de S\u00e3o Paulo sem energia por dias ap\u00f3s fortes chuvas na regi\u00e3o metropolitana.<\/p>\n<p>Foto: Ag\u00eancia Brasil<\/p>\n","protected":false},"excerpt":{"rendered":"<p>O Minist\u00e9rio de Minas e Energia anunciou nesta quinta-feira (20) que ir\u00e1 publicar decreto com regras mais r\u00edgidas para os contratos com distribuidoras de energia. O texto deve ser publicado nesta sexta-feira (21) no Di\u00e1rio Oficial da Uni\u00e3o. O documento trar\u00e1 17 diretrizes, que dever\u00e3o ser cumpridas nos novos contratos. Para os contratos vigentes, as [&hellip;]<\/p>\n","protected":false},"author":246,"featured_media":223330,"comment_status":"closed","ping_status":"closed","sticky":false,"template":"","format":"standard","meta":{"footnotes":""},"categories":[436,440,261,254,439],"tags":[],"class_list":["post-223329","post","type-post","status-publish","format-standard","has-post-thumbnail","hentry","category-destaque-da-semana","category-destaques-do-dia","category-economia","category-politica","category-ultima-hora"],"_links":{"self":[{"href":"https:\/\/diarioregionaldigital.com.br\/index.php?rest_route=\/wp\/v2\/posts\/223329","targetHints":{"allow":["GET"]}}],"collection":[{"href":"https:\/\/diarioregionaldigital.com.br\/index.php?rest_route=\/wp\/v2\/posts"}],"about":[{"href":"https:\/\/diarioregionaldigital.com.br\/index.php?rest_route=\/wp\/v2\/types\/post"}],"author":[{"embeddable":true,"href":"https:\/\/diarioregionaldigital.com.br\/index.php?rest_route=\/wp\/v2\/users\/246"}],"replies":[{"embeddable":true,"href":"https:\/\/diarioregionaldigital.com.br\/index.php?rest_route=%2Fwp%2Fv2%2Fcomments&post=223329"}],"version-history":[{"count":1,"href":"https:\/\/diarioregionaldigital.com.br\/index.php?rest_route=\/wp\/v2\/posts\/223329\/revisions"}],"predecessor-version":[{"id":223331,"href":"https:\/\/diarioregionaldigital.com.br\/index.php?rest_route=\/wp\/v2\/posts\/223329\/revisions\/223331"}],"wp:featuredmedia":[{"embeddable":true,"href":"https:\/\/diarioregionaldigital.com.br\/index.php?rest_route=\/wp\/v2\/media\/223330"}],"wp:attachment":[{"href":"https:\/\/diarioregionaldigital.com.br\/index.php?rest_route=%2Fwp%2Fv2%2Fmedia&parent=223329"}],"wp:term":[{"taxonomy":"category","embeddable":true,"href":"https:\/\/diarioregionaldigital.com.br\/index.php?rest_route=%2Fwp%2Fv2%2Fcategories&post=223329"},{"taxonomy":"post_tag","embeddable":true,"href":"https:\/\/diarioregionaldigital.com.br\/index.php?rest_route=%2Fwp%2Fv2%2Ftags&post=223329"}],"curies":[{"name":"wp","href":"https:\/\/api.w.org\/{rel}","templated":true}]}}