{"id":223326,"date":"2024-06-20T09:22:43","date_gmt":"2024-06-20T12:22:43","guid":{"rendered":"https:\/\/diarioregionaldigital.com.br\/?p=223326"},"modified":"2024-06-20T09:22:43","modified_gmt":"2024-06-20T12:22:43","slug":"extrato-de-contrato-047-retificado-20-06-2024","status":"publish","type":"post","link":"https:\/\/diarioregionaldigital.com.br\/?p=223326","title":{"rendered":"EXTRATO DE CONTRATO 047 &#8211;  RETIFICADO &#8211; 20\/06\/2024"},"content":{"rendered":"<p class=\"s2\" style=\"text-align: center;\"><span class=\"s3\"><span class=\"bumpedFont17\">Pref. Municipal de Descoberto x<\/span><\/span> <span class=\"s3\"><span class=\"bumpedFont17\">Nelcinho de Paula Vaz<\/span><\/span> <span class=\"s3\"><span class=\"bumpedFont17\">&#8211;<\/span><\/span> <span class=\"s3\"><span class=\"bumpedFont17\">Aquisi\u00e7\u00e3o de g\u00eaneros aliment\u00edcios da agricultura familiar<\/span><\/span><span class=\"s3\"><span class=\"bumpedFont17\"> &#8211;<\/span><\/span> <span class=\"s3\"><span class=\"bumpedFont17\">Fundamento: <\/span><\/span><span class=\"s3\"><span class=\"bumpedFont17\">Dispensa<\/span><\/span><span class=\"s3\"><span class=\"bumpedFont17\">n\u00ba <\/span><\/span><span class=\"s3\"><span class=\"bumpedFont17\">00<\/span><\/span><span class=\"s3\"><span class=\"bumpedFont17\">8<\/span><\/span><span class=\"s3\"><span class=\"bumpedFont17\">\/<\/span><\/span><span class=\"s3\"><span class=\"bumpedFont17\">202<\/span><\/span><span class=\"s3\"><span class=\"bumpedFont17\">4<\/span><\/span><span class=\"s3\"><span class=\"bumpedFont17\"> \u2013 Chamada P\u00fablica n\u00ba 001\/202<\/span><\/span><span class=\"s3\"><span class=\"bumpedFont17\">4<\/span><\/span> <span class=\"s3\"><span class=\"bumpedFont17\">&#8211; <\/span><\/span><span class=\"s3\"><span class=\"bumpedFont17\">Valor Global: <\/span><\/span><span class=\"s3\"><span class=\"bumpedFont17\">R$<\/span><\/span><span class=\"s3\"><span class=\"bumpedFont17\">3.707,64 <\/span><\/span><span class=\"s3\"><span class=\"bumpedFont17\">&#8211; <\/span><\/span><span class=\"s3\"><span class=\"bumpedFont17\">Vig\u00eancia: 0<\/span><\/span><span class=\"s3\"><span class=\"bumpedFont17\">9<\/span><\/span> <span class=\"s3\"><span class=\"bumpedFont17\">mes<\/span><\/span><span class=\"s3\"><span class=\"bumpedFont17\">es<\/span><\/span> <span class=\"s3\"><span class=\"bumpedFont17\">&#8211; \u00a0Dot or\u00e7:<\/span><\/span><span class=\"s3\"><span class=\"bumpedFont17\">02.004.003.12.306.0003.2062.339030.00\/1552<\/span><\/span> <span class=\"s3\"><span class=\"bumpedFont17\">&#8211; <\/span><\/span><span class=\"s3\"><span class=\"bumpedFont17\">Ass:<\/span><\/span><span class=\"s3\"><span class=\"bumpedFont17\"> 0706\/2024<\/span><\/span> <span class=\"s3\"><span class=\"bumpedFont17\">&#8211; Foro: S\u00e3o Jo\u00e3o Nepomuceno\/MG.<\/span><\/span><\/p>\n<p class=\"s2\" style=\"text-align: center;\"><span class=\"s3\"><span class=\"bumpedFont17\">Marcos de Ara\u00fajo Lima<\/span><\/span><\/p>\n<p class=\"s2\" style=\"text-align: center;\"><span class=\"s3\"><span class=\"bumpedFont17\">Prefeito <\/span><\/span><span class=\"s3\"><span class=\"bumpedFont17\">Municipal <\/span><\/span><\/p>\n<p class=\"s2\" style=\"text-align: center;\">\n","protected":false},"excerpt":{"rendered":"<p>Pref. Municipal de Descoberto x Nelcinho de Paula Vaz &#8211; Aquisi\u00e7\u00e3o de g\u00eaneros aliment\u00edcios da agricultura familiar &#8211; Fundamento: Dispensan\u00ba 008\/2024 \u2013 Chamada P\u00fablica n\u00ba 001\/2024 &#8211; Valor Global: R$3.707,64 &#8211; Vig\u00eancia: 09 meses &#8211; \u00a0Dot or\u00e7:02.004.003.12.306.0003.2062.339030.00\/1552 &#8211; Ass: 0706\/2024 &#8211; Foro: S\u00e3o Jo\u00e3o Nepomuceno\/MG. Marcos de Ara\u00fajo Lima Prefeito Municipal<\/p>\n","protected":false},"author":246,"featured_media":0,"comment_status":"closed","ping_status":"closed","sticky":false,"template":"","format":"standard","meta":{"footnotes":""},"categories":[307,1],"tags":[],"class_list":["post-223326","post","type-post","status-publish","format-standard","hentry","category-editais","category-sem-categoria"],"_links":{"self":[{"href":"https:\/\/diarioregionaldigital.com.br\/index.php?rest_route=\/wp\/v2\/posts\/223326","targetHints":{"allow":["GET"]}}],"collection":[{"href":"https:\/\/diarioregionaldigital.com.br\/index.php?rest_route=\/wp\/v2\/posts"}],"about":[{"href":"https:\/\/diarioregionaldigital.com.br\/index.php?rest_route=\/wp\/v2\/types\/post"}],"author":[{"embeddable":true,"href":"https:\/\/diarioregionaldigital.com.br\/index.php?rest_route=\/wp\/v2\/users\/246"}],"replies":[{"embeddable":true,"href":"https:\/\/diarioregionaldigital.com.br\/index.php?rest_route=%2Fwp%2Fv2%2Fcomments&post=223326"}],"version-history":[{"count":2,"href":"https:\/\/diarioregionaldigital.com.br\/index.php?rest_route=\/wp\/v2\/posts\/223326\/revisions"}],"predecessor-version":[{"id":223328,"href":"https:\/\/diarioregionaldigital.com.br\/index.php?rest_route=\/wp\/v2\/posts\/223326\/revisions\/223328"}],"wp:attachment":[{"href":"https:\/\/diarioregionaldigital.com.br\/index.php?rest_route=%2Fwp%2Fv2%2Fmedia&parent=223326"}],"wp:term":[{"taxonomy":"category","embeddable":true,"href":"https:\/\/diarioregionaldigital.com.br\/index.php?rest_route=%2Fwp%2Fv2%2Fcategories&post=223326"},{"taxonomy":"post_tag","embeddable":true,"href":"https:\/\/diarioregionaldigital.com.br\/index.php?rest_route=%2Fwp%2Fv2%2Ftags&post=223326"}],"curies":[{"name":"wp","href":"https:\/\/api.w.org\/{rel}","templated":true}]}}