{"id":223304,"date":"2024-06-18T20:20:19","date_gmt":"2024-06-18T23:20:19","guid":{"rendered":"https:\/\/diarioregionaldigital.com.br\/?p=223304"},"modified":"2024-06-18T20:20:19","modified_gmt":"2024-06-18T23:20:19","slug":"obras-na-nova-via-sao-pedro-semaforo-do-trevo-do-jardim-casablanca-esta-em-funcionamento","status":"publish","type":"post","link":"https:\/\/diarioregionaldigital.com.br\/?p=223304","title":{"rendered":"Obras na Nova Via S\u00e3o Pedro \u2013 Sem\u00e1foro do trevo do Jardim Casablanca est\u00e1 em funcionamento"},"content":{"rendered":"<p>Segundo informa\u00e7\u00f5es do site da Prefeitura de Juiz de Fora (PJF), o\u00a0sistema de sem\u00e1foro instalado pela Secretaria de Mobilidade Urbana (SMU) da Prefeitura de Juiz de Fora (PJF) na Rua Jos\u00e9 Louren\u00e7o Kelmer com a Avenida Pedro Henrique Krambeck, no trevo do bairro Jardim Casablanca, entrou em funcionamento nesta ter\u00e7a-feira, 18. Os motoristas devem ficar atentos \u00e0 nova sinaliza\u00e7\u00e3o do local. Outras altera\u00e7\u00f5es de circula\u00e7\u00e3o tamb\u00e9m est\u00e3o sendo implantadas durante a primeira etapa das obras de normaliza\u00e7\u00e3o do tr\u00e2nsito e urbaniza\u00e7\u00e3o da Nova Via S\u00e3o Pedro, a antiga BR 440.<\/p>\n<p>A requalifica\u00e7\u00e3o do sistema vi\u00e1rio da primeira etapa da BR-440 est\u00e1 sendo executada no trecho compreendido entre o trevo de acesso ao bairro Jardim Casablanca at\u00e9 o final do asfalto da referida BR, que se encerra a cerca de 500 metros da Rua Vereador Dr. H\u00e9lio Zanini, situada no entroncamento da rotat\u00f3ria de acesso aos bairros Bosque do Imperador e condom\u00ednio Spina Ville. \u00c9 mais uma a\u00e7\u00e3o da Prefeitura que est\u00e1 solucionando obras paralisadas h\u00e1 muitos anos na cidade.<\/p>\n","protected":false},"excerpt":{"rendered":"<p>Segundo informa\u00e7\u00f5es do site da Prefeitura de Juiz de Fora (PJF), o\u00a0sistema de sem\u00e1foro instalado pela Secretaria de Mobilidade Urbana (SMU) da Prefeitura de Juiz de Fora (PJF) na Rua Jos\u00e9 Louren\u00e7o Kelmer com a Avenida Pedro Henrique Krambeck, no trevo do bairro Jardim Casablanca, entrou em funcionamento nesta ter\u00e7a-feira, 18. Os motoristas devem ficar [&hellip;]<\/p>\n","protected":false},"author":246,"featured_media":223306,"comment_status":"closed","ping_status":"closed","sticky":false,"template":"","format":"standard","meta":{"footnotes":""},"categories":[253,436,440,439],"tags":[],"class_list":["post-223304","post","type-post","status-publish","format-standard","has-post-thumbnail","hentry","category-cidade","category-destaque-da-semana","category-destaques-do-dia","category-ultima-hora"],"_links":{"self":[{"href":"https:\/\/diarioregionaldigital.com.br\/index.php?rest_route=\/wp\/v2\/posts\/223304","targetHints":{"allow":["GET"]}}],"collection":[{"href":"https:\/\/diarioregionaldigital.com.br\/index.php?rest_route=\/wp\/v2\/posts"}],"about":[{"href":"https:\/\/diarioregionaldigital.com.br\/index.php?rest_route=\/wp\/v2\/types\/post"}],"author":[{"embeddable":true,"href":"https:\/\/diarioregionaldigital.com.br\/index.php?rest_route=\/wp\/v2\/users\/246"}],"replies":[{"embeddable":true,"href":"https:\/\/diarioregionaldigital.com.br\/index.php?rest_route=%2Fwp%2Fv2%2Fcomments&post=223304"}],"version-history":[{"count":1,"href":"https:\/\/diarioregionaldigital.com.br\/index.php?rest_route=\/wp\/v2\/posts\/223304\/revisions"}],"predecessor-version":[{"id":223307,"href":"https:\/\/diarioregionaldigital.com.br\/index.php?rest_route=\/wp\/v2\/posts\/223304\/revisions\/223307"}],"wp:featuredmedia":[{"embeddable":true,"href":"https:\/\/diarioregionaldigital.com.br\/index.php?rest_route=\/wp\/v2\/media\/223306"}],"wp:attachment":[{"href":"https:\/\/diarioregionaldigital.com.br\/index.php?rest_route=%2Fwp%2Fv2%2Fmedia&parent=223304"}],"wp:term":[{"taxonomy":"category","embeddable":true,"href":"https:\/\/diarioregionaldigital.com.br\/index.php?rest_route=%2Fwp%2Fv2%2Fcategories&post=223304"},{"taxonomy":"post_tag","embeddable":true,"href":"https:\/\/diarioregionaldigital.com.br\/index.php?rest_route=%2Fwp%2Fv2%2Ftags&post=223304"}],"curies":[{"name":"wp","href":"https:\/\/api.w.org\/{rel}","templated":true}]}}