{"id":223233,"date":"2024-06-14T20:30:22","date_gmt":"2024-06-14T23:30:22","guid":{"rendered":"https:\/\/diarioregionaldigital.com.br\/?p=223233"},"modified":"2024-06-14T20:30:22","modified_gmt":"2024-06-14T23:30:22","slug":"prefeita-inaugura-novas-obras-de-expansao-e-revitalizacao-do-canil-municipal","status":"publish","type":"post","link":"https:\/\/diarioregionaldigital.com.br\/?p=223233","title":{"rendered":"Prefeita inaugura novas obras de expans\u00e3o e revitaliza\u00e7\u00e3o do Canil Municipal"},"content":{"rendered":"<p>Segundo informa\u00e7\u00f5es do site da Prefeitura de Juiz de Fora (PJF), nesta ter\u00e7a-feira, 11, a Prefeitura de Juiz de Fora (PJF) inaugurou as novas instala\u00e7\u00f5es do Canil Municipal, que passou por obras de expans\u00e3o e revitaliza\u00e7\u00e3o. A cerim\u00f4nia contou com a presen\u00e7a da pr\u00f3pria prefeita Margarida Salom\u00e3o; da diretora geral do Departamento Municipal de Limpeza Urbana (Demlurb), Ana Luisa Guimar\u00e3es; do subsecret\u00e1rio de Vigil\u00e2ncia em Sa\u00fade, Jonathan Ferreira Tomaz; da gerente do Canil Municipal, Carolina Fonseca; e da vereadora K\u00e1tia Franco.<\/p>\n<p>No evento, a prefeita celebrou as reformas do Canil Municipal ap\u00f3s 20 anos. \u201cN\u00e3o h\u00e1 nada que de fato mova um governo do que uma convic\u00e7\u00e3o apaixonada. Melhoramos em termos de sa\u00fade, bem-estar e um \u00f3timo programa de ado\u00e7\u00e3o. A causa animal \u00e9 sem d\u00favida uma agenda do s\u00e9culo XXI. Temos muita felicidade em fazer a reforma desse equipamento\u201d, salienta.<\/p>\n<p>A partir de agora, o Canil Municipal passa a contar com mais um ambulat\u00f3rio com 49 baias para atendimento a c\u00e3es e gatos. A amplia\u00e7\u00e3o permite o tratamento e recupera\u00e7\u00e3o dos animais ap\u00f3s serem resgatados. Tamb\u00e9m foram constru\u00eddas 16 novas baias para abrigo de c\u00e3es. As novas unidades possibilitam a aloca\u00e7\u00e3o adequada dos pets j\u00e1 presentes e levam mais conforto e melhoria no conv\u00edvio entre os animais. Outras 68 baias de abrigo j\u00e1 existentes tamb\u00e9m foram revitalizadas.<\/p>\n<p>\u201c\u00c9 com muita alegria que estamos celebrando esse momento. \u00c9 um compromisso da atual gest\u00e3o com a causa animal e com o espa\u00e7o do Canil Municipal. Ap\u00f3s 20 anos, estamos fazendo uma interven\u00e7\u00e3o muito importante que permite uma estrutura mais adequada para os animais\u201d, pontua a diretora-geral do Demlurb, Ana Luisa Guimar\u00e3es.<\/p>\n<p>Para concluir a s\u00e9rie de contribui\u00e7\u00f5es, um novo parc\u00e3o foi inaugurado para a intera\u00e7\u00e3o dos c\u00e3es e tamb\u00e9m para ser um espa\u00e7o de socializa\u00e7\u00e3o entre futuros tutores e animais no processo de ado\u00e7\u00e3o respons\u00e1vel. As obras somam um investimento de R$252.844,5 e foram viabilizadas com recurso do mandato da vereadora K\u00e1tia Franco. \u201cEssa reforma \u00e9 um sonho. Falamos que quer\u00edamos melhorar e conseguimos, fizemos tudo com muito carinho. Estamos dando um grande passo\u201d, destaca a vereadora.<\/p>\n<p>No evento a Prefeitura de Juiz de Fora celebrou, ainda, a marca de 1.200 ado\u00e7\u00f5es respons\u00e1veis realizadas desde o in\u00edcio da atual gest\u00e3o municipal.<\/p>\n","protected":false},"excerpt":{"rendered":"<p>Segundo informa\u00e7\u00f5es do site da Prefeitura de Juiz de Fora (PJF), nesta ter\u00e7a-feira, 11, a Prefeitura de Juiz de Fora (PJF) inaugurou as novas instala\u00e7\u00f5es do Canil Municipal, que passou por obras de expans\u00e3o e revitaliza\u00e7\u00e3o. A cerim\u00f4nia contou com a presen\u00e7a da pr\u00f3pria prefeita Margarida Salom\u00e3o; da diretora geral do Departamento Municipal de Limpeza [&hellip;]<\/p>\n","protected":false},"author":246,"featured_media":223234,"comment_status":"closed","ping_status":"closed","sticky":false,"template":"","format":"standard","meta":{"footnotes":""},"categories":[253,436,440,439],"tags":[],"class_list":["post-223233","post","type-post","status-publish","format-standard","has-post-thumbnail","hentry","category-cidade","category-destaque-da-semana","category-destaques-do-dia","category-ultima-hora"],"_links":{"self":[{"href":"https:\/\/diarioregionaldigital.com.br\/index.php?rest_route=\/wp\/v2\/posts\/223233","targetHints":{"allow":["GET"]}}],"collection":[{"href":"https:\/\/diarioregionaldigital.com.br\/index.php?rest_route=\/wp\/v2\/posts"}],"about":[{"href":"https:\/\/diarioregionaldigital.com.br\/index.php?rest_route=\/wp\/v2\/types\/post"}],"author":[{"embeddable":true,"href":"https:\/\/diarioregionaldigital.com.br\/index.php?rest_route=\/wp\/v2\/users\/246"}],"replies":[{"embeddable":true,"href":"https:\/\/diarioregionaldigital.com.br\/index.php?rest_route=%2Fwp%2Fv2%2Fcomments&post=223233"}],"version-history":[{"count":1,"href":"https:\/\/diarioregionaldigital.com.br\/index.php?rest_route=\/wp\/v2\/posts\/223233\/revisions"}],"predecessor-version":[{"id":223235,"href":"https:\/\/diarioregionaldigital.com.br\/index.php?rest_route=\/wp\/v2\/posts\/223233\/revisions\/223235"}],"wp:featuredmedia":[{"embeddable":true,"href":"https:\/\/diarioregionaldigital.com.br\/index.php?rest_route=\/wp\/v2\/media\/223234"}],"wp:attachment":[{"href":"https:\/\/diarioregionaldigital.com.br\/index.php?rest_route=%2Fwp%2Fv2%2Fmedia&parent=223233"}],"wp:term":[{"taxonomy":"category","embeddable":true,"href":"https:\/\/diarioregionaldigital.com.br\/index.php?rest_route=%2Fwp%2Fv2%2Fcategories&post=223233"},{"taxonomy":"post_tag","embeddable":true,"href":"https:\/\/diarioregionaldigital.com.br\/index.php?rest_route=%2Fwp%2Fv2%2Ftags&post=223233"}],"curies":[{"name":"wp","href":"https:\/\/api.w.org\/{rel}","templated":true}]}}