{"id":223166,"date":"2024-06-07T20:39:10","date_gmt":"2024-06-07T23:39:10","guid":{"rendered":"https:\/\/diarioregionaldigital.com.br\/?p=223166"},"modified":"2024-06-07T20:39:10","modified_gmt":"2024-06-07T23:39:10","slug":"pcmg-e-pcerj-prendem-suspeito-de-homicidio-de-policial-do-bope","status":"publish","type":"post","link":"https:\/\/diarioregionaldigital.com.br\/?p=223166","title":{"rendered":"PCMG e PCERJ prendem suspeito de homic\u00eddio de policial do Bope"},"content":{"rendered":"<p>Uma opera\u00e7\u00e3o conjunta entre as pol\u00edcias civis de Minas Gerais (PCMG) e do Estado do Rio de Janeiro (PCERJ) prendeu, na tarde desta quinta-feira (6\/6), em Muria\u00e9, na Zona da Mata, um homem de 39 anos suspeito do homic\u00eddio de um policial do Batalh\u00e3o de Opera\u00e7\u00f5es Especiais (Bope) da Pol\u00edcia Militar do Rio de Janeiro.<\/p>\n<p>A pris\u00e3o ocorreu no bairro da Barra, em Muria\u00e9, onde o foragido levava uma rotina de aparente normalidade, trabalhando como empres\u00e1rio em uma loja de celulares.<\/p>\n<p>O homem preso estava na lista dos mais procurados do Disque-Den\u00fancia por integrar uma fac\u00e7\u00e3o criminosa do Rio de Janeiro e ser suspeito de homic\u00eddios que vitimaram um sargento do Bope, em Cabo Frio, e um advogado, no Rio de Janeiro, ambos os crimes ocorridos em 2020.<\/p>\n<p>O suspeito foi encaminhado \u00e0 Delegacia Regional de Pol\u00edcia Civil em Muria\u00e9 e seguir\u00e1 para o sistema prisional\u00a0fluminense.<\/p>\n","protected":false},"excerpt":{"rendered":"<p>Uma opera\u00e7\u00e3o conjunta entre as pol\u00edcias civis de Minas Gerais (PCMG) e do Estado do Rio de Janeiro (PCERJ) prendeu, na tarde desta quinta-feira (6\/6), em Muria\u00e9, na Zona da Mata, um homem de 39 anos suspeito do homic\u00eddio de um policial do Batalh\u00e3o de Opera\u00e7\u00f5es Especiais (Bope) da Pol\u00edcia Militar do Rio de Janeiro. [&hellip;]<\/p>\n","protected":false},"author":246,"featured_media":223167,"comment_status":"closed","ping_status":"closed","sticky":false,"template":"","format":"standard","meta":{"footnotes":""},"categories":[301],"tags":[],"class_list":["post-223166","post","type-post","status-publish","format-standard","has-post-thumbnail","hentry","category-artigos-policiais"],"_links":{"self":[{"href":"https:\/\/diarioregionaldigital.com.br\/index.php?rest_route=\/wp\/v2\/posts\/223166","targetHints":{"allow":["GET"]}}],"collection":[{"href":"https:\/\/diarioregionaldigital.com.br\/index.php?rest_route=\/wp\/v2\/posts"}],"about":[{"href":"https:\/\/diarioregionaldigital.com.br\/index.php?rest_route=\/wp\/v2\/types\/post"}],"author":[{"embeddable":true,"href":"https:\/\/diarioregionaldigital.com.br\/index.php?rest_route=\/wp\/v2\/users\/246"}],"replies":[{"embeddable":true,"href":"https:\/\/diarioregionaldigital.com.br\/index.php?rest_route=%2Fwp%2Fv2%2Fcomments&post=223166"}],"version-history":[{"count":1,"href":"https:\/\/diarioregionaldigital.com.br\/index.php?rest_route=\/wp\/v2\/posts\/223166\/revisions"}],"predecessor-version":[{"id":223168,"href":"https:\/\/diarioregionaldigital.com.br\/index.php?rest_route=\/wp\/v2\/posts\/223166\/revisions\/223168"}],"wp:featuredmedia":[{"embeddable":true,"href":"https:\/\/diarioregionaldigital.com.br\/index.php?rest_route=\/wp\/v2\/media\/223167"}],"wp:attachment":[{"href":"https:\/\/diarioregionaldigital.com.br\/index.php?rest_route=%2Fwp%2Fv2%2Fmedia&parent=223166"}],"wp:term":[{"taxonomy":"category","embeddable":true,"href":"https:\/\/diarioregionaldigital.com.br\/index.php?rest_route=%2Fwp%2Fv2%2Fcategories&post=223166"},{"taxonomy":"post_tag","embeddable":true,"href":"https:\/\/diarioregionaldigital.com.br\/index.php?rest_route=%2Fwp%2Fv2%2Ftags&post=223166"}],"curies":[{"name":"wp","href":"https:\/\/api.w.org\/{rel}","templated":true}]}}