{"id":223163,"date":"2024-06-07T20:33:57","date_gmt":"2024-06-07T23:33:57","guid":{"rendered":"https:\/\/diarioregionaldigital.com.br\/?p=223163"},"modified":"2024-06-07T20:33:57","modified_gmt":"2024-06-07T23:33:57","slug":"defesa-civil-realiza-palestra-em-seminario-estadual-sobre-crise-climatica","status":"publish","type":"post","link":"https:\/\/diarioregionaldigital.com.br\/?p=223163","title":{"rendered":"Defesa Civil realiza palestra em semin\u00e1rio estadual sobre crise clim\u00e1tica"},"content":{"rendered":"<p>Segundo informa\u00e7\u00f5es do site da Prefeitura de Juiz de Fora (PJF), nesta sexta-feira, 7, a Defesa Civil da Prefeitura de Juiz de Fora (PJF) participou do \u201cSemin\u00e1rio T\u00e9cnico de Crise Clim\u00e1tica\u201d, promovido pela Assembleia Legislativa de Minas Gerais (ALMG). A palestra da Defesa Civil abordou as a\u00e7\u00f5es preventivas e de gest\u00e3o de riscos de desastres realizadas em Juiz de Fora e que se tornaram refer\u00eancia em \u00e2mbito nacional ao longo dos \u00faltimos anos.<\/p>\n<div>O evento com o tema \u201cDesafios na conviv\u00eancia com a seca e a chuva extrema\u201d foi sediado na C\u00e2mara Municipal de Juiz de Fora (CMJF). A palestra \u201cA\u00e7\u00f5es Preventivas de Gest\u00e3o de Riscos de Desastres no munic\u00edpio de Juiz de Fora\/MG\u201d foi ministrada pelo gerente do Departamento de Gest\u00e3o de Desastres, Joviano Assis, e pela gerente do Departamento de Gest\u00e3o de Riscos de Desastres, Camila Galv\u00e3o.<\/div>\n<p>&nbsp;<\/p>\n<div>Dentre essas a\u00e7\u00f5es, foi relatada a import\u00e2ncia do mapeamento de \u00e1reas de risco.\u00a0O munic\u00edpio realiza mapeamento de \u00e1reas de risco geol\u00f3gico e hidrol\u00f3gico de forma independente desde 2021. Para os mapeamentos do tipo geol\u00f3gico, \u00e9 utilizada a metodologia do Projeto de Fortalecimento da Estrat\u00e9gia Nacional de Gest\u00e3o Integrada em Riscos de Desastres Naturais (Gides), produzida de forma conjunta pelo Servi\u00e7o Geol\u00f3gico do Brasil &#8211; SGB e pela Ag\u00eancia de Coopera\u00e7\u00e3o Internacional do Jap\u00e3o &#8211; JICA. J\u00e1 para os mapeamentos do tipo hidrol\u00f3gica, \u00e9 utilizada a metodologia Florima &#8211; Floods Risk Management (produzida pela pr\u00f3pria Defesa Civil de Juiz de Fora).<\/div>\n<p>&nbsp;<\/p>\n<div>Por meio da metodologia Gides, a PJF mapeou cerca de 19 quil\u00f4metros quadrados da cidade. A Defesa Civil de Juiz de Fora foi a primeira do Brasil a fazer o mapeamento de risco com o uso independente desta metodologia. O trabalho, realizado por servidores do munic\u00edpio, gerou uma economia de R$16,3 milh\u00f5es aos cofres p\u00fablicos e foi reconhecido como\u00a0boa pr\u00e1tica pela Secretaria Nacional de Defesa Civil (Sedec).<\/div>\n","protected":false},"excerpt":{"rendered":"<p>Segundo informa\u00e7\u00f5es do site da Prefeitura de Juiz de Fora (PJF), nesta sexta-feira, 7, a Defesa Civil da Prefeitura de Juiz de Fora (PJF) participou do \u201cSemin\u00e1rio T\u00e9cnico de Crise Clim\u00e1tica\u201d, promovido pela Assembleia Legislativa de Minas Gerais (ALMG). A palestra da Defesa Civil abordou as a\u00e7\u00f5es preventivas e de gest\u00e3o de riscos de desastres [&hellip;]<\/p>\n","protected":false},"author":246,"featured_media":223164,"comment_status":"closed","ping_status":"closed","sticky":false,"template":"","format":"standard","meta":{"footnotes":""},"categories":[253,436,439],"tags":[],"class_list":["post-223163","post","type-post","status-publish","format-standard","has-post-thumbnail","hentry","category-cidade","category-destaque-da-semana","category-ultima-hora"],"_links":{"self":[{"href":"https:\/\/diarioregionaldigital.com.br\/index.php?rest_route=\/wp\/v2\/posts\/223163","targetHints":{"allow":["GET"]}}],"collection":[{"href":"https:\/\/diarioregionaldigital.com.br\/index.php?rest_route=\/wp\/v2\/posts"}],"about":[{"href":"https:\/\/diarioregionaldigital.com.br\/index.php?rest_route=\/wp\/v2\/types\/post"}],"author":[{"embeddable":true,"href":"https:\/\/diarioregionaldigital.com.br\/index.php?rest_route=\/wp\/v2\/users\/246"}],"replies":[{"embeddable":true,"href":"https:\/\/diarioregionaldigital.com.br\/index.php?rest_route=%2Fwp%2Fv2%2Fcomments&post=223163"}],"version-history":[{"count":1,"href":"https:\/\/diarioregionaldigital.com.br\/index.php?rest_route=\/wp\/v2\/posts\/223163\/revisions"}],"predecessor-version":[{"id":223165,"href":"https:\/\/diarioregionaldigital.com.br\/index.php?rest_route=\/wp\/v2\/posts\/223163\/revisions\/223165"}],"wp:featuredmedia":[{"embeddable":true,"href":"https:\/\/diarioregionaldigital.com.br\/index.php?rest_route=\/wp\/v2\/media\/223164"}],"wp:attachment":[{"href":"https:\/\/diarioregionaldigital.com.br\/index.php?rest_route=%2Fwp%2Fv2%2Fmedia&parent=223163"}],"wp:term":[{"taxonomy":"category","embeddable":true,"href":"https:\/\/diarioregionaldigital.com.br\/index.php?rest_route=%2Fwp%2Fv2%2Fcategories&post=223163"},{"taxonomy":"post_tag","embeddable":true,"href":"https:\/\/diarioregionaldigital.com.br\/index.php?rest_route=%2Fwp%2Fv2%2Ftags&post=223163"}],"curies":[{"name":"wp","href":"https:\/\/api.w.org\/{rel}","templated":true}]}}