{"id":223069,"date":"2024-05-31T19:15:12","date_gmt":"2024-05-31T22:15:12","guid":{"rendered":"https:\/\/diarioregionaldigital.com.br\/?p=223069"},"modified":"2024-05-31T19:15:12","modified_gmt":"2024-05-31T22:15:12","slug":"prefeitura-lanca-edital-da-area-gastronomica-do-2o-andar-do-mercado-municipal","status":"publish","type":"post","link":"https:\/\/diarioregionaldigital.com.br\/?p=223069","title":{"rendered":"Prefeitura lan\u00e7a edital da \u00e1rea gastron\u00f4mica do 2\u00ba andar do Mercado Municipal"},"content":{"rendered":"<p>Segundo informa\u00e7\u00f5es do site da Prefeitura de Juiz de Fora (PJF), a PJF lan\u00e7ou nesta ter\u00e7a-feira, 28, o quarto <a href=\"https:\/\/www.pjf.mg.gov.br\/secretarias\/cpl\/editais\/outras_modalidades\/2024\/arquivos\/Edital-CC005-24.pdf\">Edital de ocupa\u00e7\u00e3o do Mercado Municipal<\/a>. Desta vez, o processo licitat\u00f3rio contempla o segundo andar do espa\u00e7o onde ficar\u00e1 a \u00e1rea gastron\u00f4mica. S\u00e3o dez unidades ofertadas, sendo seis lojas e quatro quiosques voltados a bares, restaurantes, caf\u00e9s e similares.<\/p>\n<p>&nbsp;<\/p>\n<div>Para o lan\u00e7amento, a prefeita Margarida Salom\u00e3o e secret\u00e1rios e secret\u00e1rias municipais reuniram-se com empres\u00e1rios e representantes do setor com intuito de apresentar o edital, o projeto arquitet\u00f4nico do novo Mercado Municipal ap\u00f3s a conclus\u00e3o da reforma e sua nova identidade visual.<\/div>\n<p>&nbsp;<\/p>\n<div>\u201cA ideia \u00e9 que possamos dar um passo gigantesco para a reabilita\u00e7\u00e3o do centro da cidade de Juiz de Fora com a reforma do Mercado Municipal. Transform\u00e1-lo em lugar de conv\u00edvio, sendo polo tur\u00edstico, comercial e cultural. \u00c9 um investimento e por isso contamos com a participa\u00e7\u00e3o de voc\u00eas para que ele vire refer\u00eancia no Brasil em gastronomia, cultura e turismo\u201d, destacou a prefeita.<\/div>\n<p>&nbsp;<\/p>\n<div>O secret\u00e1rio de Turismo, Marcelo Do Carmo, complementou dizendo que \u201ccom este projeto, come\u00e7amos a propor \u00e0s pessoas o reconhecimento deste espa\u00e7o, que \u00e9 um local de sociabilidade, identidade, ponto de venda, al\u00e9m de ter um poder de atra\u00e7\u00e3o tur\u00edstica enorme\u201d.<\/div>\n<p>&nbsp;<\/p>\n<div>O secret\u00e1rio de Planejamento Urbano (Sepur), Raphael Rodrigues, apresentou todos os detalhes do projeto arquitet\u00f4nico. \u201cO Mercado Municipal \u00e9 um elemento importante para o centro de Juiz de Fora e o projeto de reforma \u00e9 um mix completo, pois, al\u00e9m de termos uma localiza\u00e7\u00e3o com alto de fluxo de pessoas e com diferentes acessos, temos um espa\u00e7o para abrigar diferentes segmentos, com\u00e9rcios varejistas, produtores locais, e ainda teremos espa\u00e7os culturais integrados, e com esse novo edital, um centro gastron\u00f4mico diversificado com lojas e quiosques\u201d.<\/div>\n<p>&nbsp;<\/p>\n<div><strong>Especifica\u00e7\u00e3o de cada loja e quiosques:<\/strong><\/div>\n<p>&nbsp;<\/p>\n<div><strong>4 Quiosques<\/strong><\/div>\n<div>&#8211; 1 unidade &#8211; Exclusiva para Bar com venda de cervejas artesanais produzidas em Juiz de Fora ou Zona da Mata Mineira<\/div>\n<p>&nbsp;<\/p>\n<div>&#8211; 1 unidade &#8211; Exclusiva para Lanchonete, casa de ch\u00e1, sucos ou similares<\/div>\n<p>&nbsp;<\/p>\n<div>&#8211; 1 unidade &#8211; Exclusiva para Confeitaria ou Loja para com\u00e9rcio varejista de doces, balas, bombons e semelhantes<\/div>\n<div>&#8211; 1 unidade &#8211; Exclusiva para Bar com venda de cervejas artesanais produzidas em Juiz de Fora<\/div>\n<p>&nbsp;<\/p>\n<div><strong>6 Lojas<\/strong><\/div>\n<p>&nbsp;<\/p>\n<div>&#8211; 1 unidade Exclusiva para restaurante de comida \u00c9tnica. Exemplos: Italiana, Alem\u00e3, Mediterr\u00e2nea, Portuguesa, Afro-Brasileira, Japonesa ou \u00c1rabe)<\/div>\n<p>&nbsp;<\/p>\n<div>&#8211; 1 unidade Exclusiva para Restaurante ou Bar com alimenta\u00e7\u00e3o tipo petiscos de \u201cboteco\u201d<\/div>\n<p>&nbsp;<\/p>\n<div>&#8211; 1 unidade Exclusiva para hamburgueria artesanal<\/div>\n<p>&nbsp;<\/p>\n<div>&#8211; 1 unidade Exclusiva para sorveteria ou loja de A\u00e7a\u00ed<\/div>\n<p>&nbsp;<\/p>\n<div>&#8211; 1 unidade loja master &#8211; Exclusiva para restaurante<\/div>\n<p>&nbsp;<\/p>\n<div>&#8211; 1 unidade loja master &#8211; Exclusiva para pizzaria<\/div>\n<p>&nbsp;<\/p>\n<div><strong>Informa\u00e7\u00f5es do Edital<\/strong><\/div>\n<p>&nbsp;<\/p>\n<div>O processo licitat\u00f3rio \u00e9 na modalidade concorr\u00eancia, tipo melhor t\u00e9cnica e pre\u00e7o, e poder\u00e3o pleitear \u00e0s vagas pessoas jur\u00eddicas regularmente constitu\u00eddas at\u00e9 a data de publica\u00e7\u00e3o do edital. Ser\u00e1 permitido a cada proponente, ocupar somente um espa\u00e7o, no qual se incluem box ou loja.<\/div>\n<p>&nbsp;<\/p>\n<div>Para participar os interessados dever\u00e3o apresentar tr\u00eas envelopes. Um com os Documentos de Habilita\u00e7\u00e3o, outro com a Proposta T\u00e9cnica e o terceiro com a Proposta de Pre\u00e7o. Todos os tr\u00eas contendo os documentos de acordo com as exig\u00eancias do Edital, dever\u00e3o ser entregues em sess\u00e3o p\u00fablica que ser\u00e1 realizada no\u00a0<strong>dia 23 de julho, \u00e0s 9h30<\/strong>.<\/div>\n<p>&nbsp;<\/p>\n<div>Confira o edital na \u00edntegra<a href=\"https:\/\/www.pjf.mg.gov.br\/secretarias\/cpl\/editais\/outras_modalidades\/2024\/arquivos\/Edital-CC005-24.pdf\">\u00a0aqui.<\/a><\/div>\n<p>&nbsp;<\/p>\n<div><strong>Novo Mercado Municipal une hist\u00f3ria com modernidade em novo ponto tur\u00edstico de Juiz de Fora<\/strong><\/div>\n<p>&nbsp;<\/p>\n<div>Com investimento de aproximadamente R$ 11 milh\u00f5es de reais, o novo Mercado Municipal ter\u00e1, ao todo, 65 espa\u00e7os de comercializa\u00e7\u00e3o em diversos segmentos, contando com \u00e1rea gastron\u00f4mica, pra\u00e7a de alimenta\u00e7\u00e3o completa e centro de artesanato. O projeto prev\u00ea, ainda, um espa\u00e7o dedicado \u00e0 cultura, com centro audiovisual e sala de exposi\u00e7\u00f5es.<\/div>\n<p>&nbsp;<\/p>\n<div>Com a revitaliza\u00e7\u00e3o, o Mercado Municipal se torna uma refer\u00eancia em gastronomia e turismo na regi\u00e3o. O novo espa\u00e7o ser\u00e1 acess\u00edvel a todas e todos com escadas, elevadores e banheiros adaptados.<\/div>\n<div><\/div>\n","protected":false},"excerpt":{"rendered":"<p>Segundo informa\u00e7\u00f5es do site da Prefeitura de Juiz de Fora (PJF), a PJF lan\u00e7ou nesta ter\u00e7a-feira, 28, o quarto Edital de ocupa\u00e7\u00e3o do Mercado Municipal. Desta vez, o processo licitat\u00f3rio contempla o segundo andar do espa\u00e7o onde ficar\u00e1 a \u00e1rea gastron\u00f4mica. S\u00e3o dez unidades ofertadas, sendo seis lojas e quatro quiosques voltados a bares, restaurantes, [&hellip;]<\/p>\n","protected":false},"author":246,"featured_media":223070,"comment_status":"closed","ping_status":"closed","sticky":false,"template":"","format":"standard","meta":{"footnotes":""},"categories":[253,436,440,439],"tags":[],"class_list":["post-223069","post","type-post","status-publish","format-standard","has-post-thumbnail","hentry","category-cidade","category-destaque-da-semana","category-destaques-do-dia","category-ultima-hora"],"_links":{"self":[{"href":"https:\/\/diarioregionaldigital.com.br\/index.php?rest_route=\/wp\/v2\/posts\/223069","targetHints":{"allow":["GET"]}}],"collection":[{"href":"https:\/\/diarioregionaldigital.com.br\/index.php?rest_route=\/wp\/v2\/posts"}],"about":[{"href":"https:\/\/diarioregionaldigital.com.br\/index.php?rest_route=\/wp\/v2\/types\/post"}],"author":[{"embeddable":true,"href":"https:\/\/diarioregionaldigital.com.br\/index.php?rest_route=\/wp\/v2\/users\/246"}],"replies":[{"embeddable":true,"href":"https:\/\/diarioregionaldigital.com.br\/index.php?rest_route=%2Fwp%2Fv2%2Fcomments&post=223069"}],"version-history":[{"count":1,"href":"https:\/\/diarioregionaldigital.com.br\/index.php?rest_route=\/wp\/v2\/posts\/223069\/revisions"}],"predecessor-version":[{"id":223071,"href":"https:\/\/diarioregionaldigital.com.br\/index.php?rest_route=\/wp\/v2\/posts\/223069\/revisions\/223071"}],"wp:featuredmedia":[{"embeddable":true,"href":"https:\/\/diarioregionaldigital.com.br\/index.php?rest_route=\/wp\/v2\/media\/223070"}],"wp:attachment":[{"href":"https:\/\/diarioregionaldigital.com.br\/index.php?rest_route=%2Fwp%2Fv2%2Fmedia&parent=223069"}],"wp:term":[{"taxonomy":"category","embeddable":true,"href":"https:\/\/diarioregionaldigital.com.br\/index.php?rest_route=%2Fwp%2Fv2%2Fcategories&post=223069"},{"taxonomy":"post_tag","embeddable":true,"href":"https:\/\/diarioregionaldigital.com.br\/index.php?rest_route=%2Fwp%2Fv2%2Ftags&post=223069"}],"curies":[{"name":"wp","href":"https:\/\/api.w.org\/{rel}","templated":true}]}}