{"id":222951,"date":"2024-05-23T21:02:09","date_gmt":"2024-05-24T00:02:09","guid":{"rendered":"https:\/\/diarioregionaldigital.com.br\/?p=222951"},"modified":"2024-05-23T21:02:09","modified_gmt":"2024-05-24T00:02:09","slug":"taxacao-de-super-ricos-ganha-adesao-de-paises-diz-haddad","status":"publish","type":"post","link":"https:\/\/diarioregionaldigital.com.br\/?p=222951","title":{"rendered":"Taxa\u00e7\u00e3o de super-ricos ganha ades\u00e3o de pa\u00edses, diz Haddad"},"content":{"rendered":"<p>Proposta pelo Brasil durante a presid\u00eancia do pa\u00eds no G20, grupo das 19 maiores economias mais Uni\u00e3o Europeia e Uni\u00e3o Africana, a tributa\u00e7\u00e3o global de 2% da renda dos super-ricos est\u00e1 ganhando a ades\u00e3o de pa\u00edses em pouco tempo, disse nesta quinta-feira (23) o ministro da Fazenda, Fernando Haddad. Segundo ele, caso vire realidade, a taxa\u00e7\u00e3o beneficiar\u00e1 a humanidade de forma in\u00e9dita.<\/p>\n<p>\u201cFico muito tocado de ver como essa proposta ganhou peso em muito pouco tempo. N\u00f3s temos pa\u00edses que talvez vacilassem em manifestar uma ades\u00e3o a uma coisa que pode ser disruptiva, mas tivemos pa\u00edses do G7 [grupo dos sete pa\u00edses mais ricos] j\u00e1 se manifestando a favor, tivemos pa\u00edses da Europa\u201d, comentou o ministro. Ele participou do encerramento do Simp\u00f3sio de Tributa\u00e7\u00e3o Internacional do G20, que ocorreu de ter\u00e7a-feira (21) at\u00e9 esta quinta em Bras\u00edlia.<\/p>\n<p>Haddad comparou a proposta brasileira a uma esp\u00e9cie de Pilar 3 da Organiza\u00e7\u00e3o para Coopera\u00e7\u00e3o e Desenvolvimento Econ\u00f4mico (OCDE), organiza\u00e7\u00e3o que estabelece metas para a economia e a administra\u00e7\u00e3o p\u00fablica e \u00e0 qual o Brasil est\u00e1 em processo de ades\u00e3o. At\u00e9 agora, a OCDE promoveu duas fases sobre tributa\u00e7\u00e3o internacional por meio da coopera\u00e7\u00e3o de seus membros, sem car\u00e1ter obrigat\u00f3rio.<\/p>\n<p>Segundo o ministro, o Brasil pretende ampliar as discuss\u00f5es em torno do tema. A ideia \u00e9 reunir representantes pol\u00edticos e das institui\u00e7\u00f5es de ensino de todo o planeta para melhorar a proposta em conjunto.<\/p>\n<p>\u201cDuvido que as teses debatidas aqui v\u00e3o sair da agenda. Elas entraram para ficar na agenda. Quanto mais participa\u00e7\u00e3o houver de pa\u00edses e da sociedade, melhor ser\u00e1 o resultado. Estamos sendo rebeldes, mas colocando a proposta na mesa. Estamos nos insurgindo sobre o estado de coisas, mas apontando um caminho\u201d, afirmou o ministro.<\/p>\n<h2>Hist\u00f3rico<\/h2>\n<p><a href=\"http:\/\/agenciabrasil.ebc.com.br\/economia\/noticia\/2024-02\/haddad-quer-proposta-ambiciosa-para-taxacao-de-super-ricos\" target=\"_blank\" rel=\"noopener\">A proposta de tributa\u00e7\u00e3o global\u00a0<\/a>dos super-ricos foi apresentada pela primeira vez em fevereiro, na reuni\u00e3o dos ministros de Finan\u00e7as e presidentes do Bancos Centrais do G20, em S\u00e3o Paulo.\u00a0<a href=\"http:\/\/agenciabrasil.ebc.com.br\/economia\/noticia\/2024-04\/haddad-diz-esperar-acordo-do-g20-ate-novembro-para-taxar-super-ricos\" target=\"_blank\" rel=\"noopener\">Em abril, em nova reuni\u00e3o do G20 nos Estados Unidos<\/a>, Haddad disse esperar chegar a um acordo at\u00e9 novembro.<\/p>\n<p>At\u00e9 agora, Fran\u00e7a, Espanha, Col\u00f4mbia, Uni\u00e3o Africana e B\u00e9lgica manifestaram apoio direto \u00e0 proposta brasileira. Pa\u00eds que assumir\u00e1 a presid\u00eancia rotativa do G20 no pr\u00f3ximo ano, a \u00c1frica do Sul tamb\u00e9m apoia a taxa\u00e7\u00e3o de super-ricos. Os Estados Unidos, no entanto, rejeitaram a proposta.<\/p>\n<h2>Potencial<\/h2>\n<p>Um dos autores da ideia, o economista franc\u00eas Gabriel Zucman informou recentemente que a taxa\u00e7\u00e3o dos super-ricos afetaria apenas 3 mil indiv\u00edduos em todo o planeta, dos quais cerca de 100 na Am\u00e9rica Latina. Em contrapartida, teria potencial de arrecadar cerca de US$ 250 bilh\u00f5es por ano.<\/p>\n<p>Um estudo divulgado nesta quarta-feira (22) pelo Centro de Pesquisa em Macroeconomia das Desigualdades da Universidade de S\u00e3o Paulo (Made\/USP) levantou o potencial da medida sobre o Brasil. Segundo o estudo, o imposto m\u00ednimo de 2% sobre a renda dos 0,2% mais ricos do pa\u00eds arrecadaria R$ 41,9 bilh\u00f5es por ano. O montante poderia triplicar o or\u00e7amento do Minist\u00e9rio da Ci\u00eancia e Tecnologia e multiplicar por mais de dez vezes o or\u00e7amento do Minist\u00e9rio do Meio Ambiente e Mudan\u00e7as Clim\u00e1ticas em rela\u00e7\u00e3o a 2023.<\/p>\n<p>Fonte: Ag\u00eancia Brasil<\/p>\n","protected":false},"excerpt":{"rendered":"<p>Proposta pelo Brasil durante a presid\u00eancia do pa\u00eds no G20, grupo das 19 maiores economias mais Uni\u00e3o Europeia e Uni\u00e3o Africana, a tributa\u00e7\u00e3o global de 2% da renda dos super-ricos est\u00e1 ganhando a ades\u00e3o de pa\u00edses em pouco tempo, disse nesta quinta-feira (23) o ministro da Fazenda, Fernando Haddad. Segundo ele, caso vire realidade, a [&hellip;]<\/p>\n","protected":false},"author":246,"featured_media":222952,"comment_status":"closed","ping_status":"closed","sticky":false,"template":"","format":"standard","meta":{"footnotes":""},"categories":[302,436,440,261,439],"tags":[],"class_list":["post-222951","post","type-post","status-publish","format-standard","has-post-thumbnail","hentry","category-brasil-mundo","category-destaque-da-semana","category-destaques-do-dia","category-economia","category-ultima-hora"],"_links":{"self":[{"href":"https:\/\/diarioregionaldigital.com.br\/index.php?rest_route=\/wp\/v2\/posts\/222951","targetHints":{"allow":["GET"]}}],"collection":[{"href":"https:\/\/diarioregionaldigital.com.br\/index.php?rest_route=\/wp\/v2\/posts"}],"about":[{"href":"https:\/\/diarioregionaldigital.com.br\/index.php?rest_route=\/wp\/v2\/types\/post"}],"author":[{"embeddable":true,"href":"https:\/\/diarioregionaldigital.com.br\/index.php?rest_route=\/wp\/v2\/users\/246"}],"replies":[{"embeddable":true,"href":"https:\/\/diarioregionaldigital.com.br\/index.php?rest_route=%2Fwp%2Fv2%2Fcomments&post=222951"}],"version-history":[{"count":1,"href":"https:\/\/diarioregionaldigital.com.br\/index.php?rest_route=\/wp\/v2\/posts\/222951\/revisions"}],"predecessor-version":[{"id":222953,"href":"https:\/\/diarioregionaldigital.com.br\/index.php?rest_route=\/wp\/v2\/posts\/222951\/revisions\/222953"}],"wp:featuredmedia":[{"embeddable":true,"href":"https:\/\/diarioregionaldigital.com.br\/index.php?rest_route=\/wp\/v2\/media\/222952"}],"wp:attachment":[{"href":"https:\/\/diarioregionaldigital.com.br\/index.php?rest_route=%2Fwp%2Fv2%2Fmedia&parent=222951"}],"wp:term":[{"taxonomy":"category","embeddable":true,"href":"https:\/\/diarioregionaldigital.com.br\/index.php?rest_route=%2Fwp%2Fv2%2Fcategories&post=222951"},{"taxonomy":"post_tag","embeddable":true,"href":"https:\/\/diarioregionaldigital.com.br\/index.php?rest_route=%2Fwp%2Fv2%2Ftags&post=222951"}],"curies":[{"name":"wp","href":"https:\/\/api.w.org\/{rel}","templated":true}]}}