{"id":222926,"date":"2024-05-21T21:11:54","date_gmt":"2024-05-22T00:11:54","guid":{"rendered":"https:\/\/diarioregionaldigital.com.br\/?p=222926"},"modified":"2024-05-21T21:11:54","modified_gmt":"2024-05-22T00:11:54","slug":"brasileiras-garantem-cinco-podios-2-de-ouro-no-mundial-paralimpico","status":"publish","type":"post","link":"https:\/\/diarioregionaldigital.com.br\/?p=222926","title":{"rendered":"Brasileiras garantem cinco p\u00f3dios, 2 de ouro, no Mundial Paral\u00edmpico"},"content":{"rendered":"<p class=\"col-10 offset-1 animated fadeInDown dealy-750 display-6 display-md-4 display-lg-5 font-weight-bold alt-font text-center my-1\">As brasileiras dominaram o p\u00f3dio nesta ter\u00e7a-feira (21), quinto dia do Mundial de Atletismo Paral\u00edmpico, em Kobe (Jap\u00e3o). Teve dobradinha do pa\u00eds na prova dos 100 metros da classe T11 (defici\u00eancia visual), com tricampeonato da acreana Jerusa Geber e bronze da paranaense Lorena Spoladore. O segundo ouro do dia, com direito a recorde mundial, foi da baiana Raissa Machado, no lan\u00e7amento de dardo F56 (atletas que competem sentados). Outro p\u00f3dio duplo do Brasil foi nos 400m T12 (defici\u00eancia visual), com prata da capixaba Lorraine Aguiar e bronze da rondoniense Ketyla Teodoro.<\/p>\n<p>&nbsp;<\/p>\n<p>Nascida em Rio Branco (AC), Jerusa Jeber venceu nos 100m ap\u00f3s arrancar nos \u00faltimos cinco metros, quando ultrapassou a l\u00edder da prova, a chinesa Cuiqing Liu. A brasileira cruzou a linha de chegada em 11s93, deixando a chinesa com a prata (12s00) e a compatriota Lorena com o bronze (12s26).<\/p>\n<p>\u201cOs 100 metros \u00e9 a prova mais emocionante que tem na competi\u00e7\u00e3o. \u00c9 a mais r\u00e1pida do mundo. A minha largada n\u00e3o \u00e9 das melhores, mas durante a corrida a gente conseguiu recuperar. Minha m\u00e3e e meu esposo est\u00e3o na arquibancada. Isso me motivou ainda mais. \u00c9 a minha 10\u00aa medalha em Mundiais e meu tricampeonato. Mais uma medalha para a nossa cole\u00e7\u00e3o. N\u00e3o tenho palavras para explicar a emo\u00e7\u00e3o. Obrigada pela torcida de todos\u201d, comemorou Jerusa, em depoimento ao Comit\u00ea Paral\u00edmpico Brasileiro (CPB).<\/p>\n<p>A ter\u00e7a (21) tamb\u00e9m foi dourada para a Raissa Machado, vice-campe\u00e3 nos Jogos de T\u00f3quio, que faturou seu primeiro t\u00edtulo mundial no lan\u00e7amento de dardo F56 ao alcan\u00e7ar a marca de 24m22, estabelecendo novo recorde na competi\u00e7\u00e3o. O anterior pertencia \u00e0 iraquiana Hashemiyeh Moavi, atual campe\u00e3 paral\u00edmpica. Em Kobe, Moavi ((22,74m) foi prata e o bronze ficou com a chinesa Lin Sitong (22,68m).<\/p>\n<p>\u201cEstava sempre batendo na trave. Precisava muito dessa medalha. Eu fiz uma marca boa. H\u00e1 tempos, buscava superar os 24m novamente, porque, infelizmente, passei por um per\u00edodo que n\u00e3o foi t\u00e3o f\u00e1cil. Todo atleta passa por isso, por uma estagna\u00e7\u00e3o, mas agora espero s\u00f3 evoluir. A medalha de ouro me d\u00e1 uma tranquilidade. Era um dos crit\u00e9rios para ir aos Jogos de Paris e espero melhorar meu desempenho l\u00e1\u201d, projetou a lan\u00e7adora de 28 anos, nascida na pequena Ibipeba (BA).<\/p>\n<p>Na segunda dobradinha brasileira em Kobe, a capixaba Lorraine Aguiar conquistou a prata, sua primeira medalha em Mundiais, ao completar os 400m T12 em 58s26. \u00a0O bronze ficou com a rondoniense Ketyla Teodoro (1min00s21). A vencedora da prova foi a iraniana Hajar Safarzadeh Ghahderijani (57s56).<\/p>\n<p>O Mundial termina no pr\u00f3ximo s\u00e1bado (25). Ao todo, a competi\u00e7\u00e3o re\u00fane\u00a01.069 atletas de 102 pa\u00edses. A delega\u00e7\u00e3o brasileira conta com 46 atletas e 10\u00a0atletas-guia. <img decoding=\"async\" src=\"file:\/\/\/C:\/Users\/CLAUDI~1.ROD\/AppData\/Local\/Temp\/msohtmlclip1\/01\/clip_image001.png\" \/><\/p>\n<div class=\"col-lg-12 mb-3\">\n<div class=\"row\">Fonte: Ag\u00eancia Brasil<\/div>\n<\/div>\n","protected":false},"excerpt":{"rendered":"<p>As brasileiras dominaram o p\u00f3dio nesta ter\u00e7a-feira (21), quinto dia do Mundial de Atletismo Paral\u00edmpico, em Kobe (Jap\u00e3o). Teve dobradinha do pa\u00eds na prova dos 100 metros da classe T11 (defici\u00eancia visual), com tricampeonato da acreana Jerusa Geber e bronze da paranaense Lorena Spoladore. O segundo ouro do dia, com direito a recorde mundial, foi [&hellip;]<\/p>\n","protected":false},"author":246,"featured_media":222927,"comment_status":"closed","ping_status":"closed","sticky":false,"template":"","format":"standard","meta":{"footnotes":""},"categories":[436,440,257,439],"tags":[],"class_list":["post-222926","post","type-post","status-publish","format-standard","has-post-thumbnail","hentry","category-destaque-da-semana","category-destaques-do-dia","category-esporte","category-ultima-hora"],"_links":{"self":[{"href":"https:\/\/diarioregionaldigital.com.br\/index.php?rest_route=\/wp\/v2\/posts\/222926","targetHints":{"allow":["GET"]}}],"collection":[{"href":"https:\/\/diarioregionaldigital.com.br\/index.php?rest_route=\/wp\/v2\/posts"}],"about":[{"href":"https:\/\/diarioregionaldigital.com.br\/index.php?rest_route=\/wp\/v2\/types\/post"}],"author":[{"embeddable":true,"href":"https:\/\/diarioregionaldigital.com.br\/index.php?rest_route=\/wp\/v2\/users\/246"}],"replies":[{"embeddable":true,"href":"https:\/\/diarioregionaldigital.com.br\/index.php?rest_route=%2Fwp%2Fv2%2Fcomments&post=222926"}],"version-history":[{"count":1,"href":"https:\/\/diarioregionaldigital.com.br\/index.php?rest_route=\/wp\/v2\/posts\/222926\/revisions"}],"predecessor-version":[{"id":222928,"href":"https:\/\/diarioregionaldigital.com.br\/index.php?rest_route=\/wp\/v2\/posts\/222926\/revisions\/222928"}],"wp:featuredmedia":[{"embeddable":true,"href":"https:\/\/diarioregionaldigital.com.br\/index.php?rest_route=\/wp\/v2\/media\/222927"}],"wp:attachment":[{"href":"https:\/\/diarioregionaldigital.com.br\/index.php?rest_route=%2Fwp%2Fv2%2Fmedia&parent=222926"}],"wp:term":[{"taxonomy":"category","embeddable":true,"href":"https:\/\/diarioregionaldigital.com.br\/index.php?rest_route=%2Fwp%2Fv2%2Fcategories&post=222926"},{"taxonomy":"post_tag","embeddable":true,"href":"https:\/\/diarioregionaldigital.com.br\/index.php?rest_route=%2Fwp%2Fv2%2Ftags&post=222926"}],"curies":[{"name":"wp","href":"https:\/\/api.w.org\/{rel}","templated":true}]}}