{"id":222721,"date":"2024-05-09T20:40:59","date_gmt":"2024-05-09T23:40:59","guid":{"rendered":"https:\/\/diarioregionaldigital.com.br\/?p=222721"},"modified":"2024-05-09T20:40:59","modified_gmt":"2024-05-09T23:40:59","slug":"prefeita-margarida-salomao-realiza-vistoria-tecnica-em-obras-realizadas","status":"publish","type":"post","link":"https:\/\/diarioregionaldigital.com.br\/?p=222721","title":{"rendered":"Prefeita Margarida Salom\u00e3o realiza vistoria t\u00e9cnica em obras realizadas"},"content":{"rendered":"<p>Segundo informa\u00e7\u00f5es do site da Prefeitura de Juiz de Fora (PJF), na manh\u00e3 desta quinta-feira, 9, a prefeita Margarida Salom\u00e3o esteve em duas obras que est\u00e3o sendo executadas pelo munic\u00edpio. O objetivo foi verificar o avan\u00e7o da constru\u00e7\u00e3o da rede de drenagem no S\u00e3o Bernardo, na zona leste da cidade, e a reforma do Mercado Municipal. As vistorias t\u00e9cnicas foram acompanhadas pelo Secret\u00e1rio de Obras, Lincoln Santos, e pela Secret\u00e1ria de Agricultura, Pecu\u00e1ria e Abastecimento (Seapa), Fab\u00edola Paulino.<\/p>\n<div id=\"box_texto_noticia\">\n<div>A soma de investimento nas obras visitadas nesta quinta-feira\u00a0atinge\u00a0aproximadamente o montante de R$ 22 milh\u00f5es. \u201cS\u00e3o obras bonitas, importantes e necess\u00e1rias, que estamos realizando com recursos da Prefeitura e que s\u00e3o fundamentais para a cidade de Juiz de Fora, tanto do ponto de vista da infraestrutura, quanto do com\u00e9rcio, economia e turismo\u201d, refor\u00e7a a prefeita.<\/div>\n<div><strong>Redes de drenagem no S\u00e3o Bernardo<\/strong><\/div>\n<div>A primeira visita da prefeita foi realizada na altura da Rua Prof. Joaquim Henrique Viana, onde est\u00e3o sendo constru\u00eddas novas redes de drenagem para captar as \u00e1guas pluviais que caem no bairro e impedir os problemas recorrentes de alagamentos e enxurradas, que danificam o asfalto e atrapalham moradores e comerciantes. As\u00a0<a href=\"https:\/\/www.pjf.mg.gov.br\/noticias\/view.php?modo=link2&amp;idnoticia2=82654\"><strong>obras de drenagem do Complexo Ces\u00e1rio Alvim<\/strong><\/a>\u00a0se comp\u00f5e de 2,2 km de rede pluvial, sendo 1400 de tubula\u00e7\u00e3o PEAD com dimens\u00f5es de 600 a 1500 mm de di\u00e2metro e uma galeria de 800 metros com mais de quatro metros de di\u00e2metro para grandes vaz\u00f5es.<\/div>\n<div>Para a prefeita, o alto investimento \u00e9 necess\u00e1rio para conter os transtornos causados pelas chuvas que afligem a popula\u00e7\u00e3o do S\u00e3o Bernardo. \u201c\u00c9 fundamental o investimento em infraestrutura, investir em conten\u00e7\u00e3o de encosta, investir em drenagem, s\u00e3o obras enormes, mas na hora em que ficarem prontas, ningu\u00e9m mais vai ver, pois estar\u00e3o debaixo da terra. S\u00f3 v\u00e3o tomar conhecimento dela quando chover e a \u00e1gua escoar pelo bueiro. S\u00e3o obras de grande import\u00e2ncia, um problema hist\u00f3rico que estamos enfrentando e resolvendo de uma vez por todas, al\u00e9m de estarmos investindo aqui mais de R$12 milh\u00f5es, que s\u00e3o absolutamente fundamentais para a seguran\u00e7a urbana\u201d, ressalta.<\/div>\n<div>Neste momento da obra, a Prefeitura est\u00e1\u00a0atuando em duas linhas de frente, uma na Rua Goi\u00e1s e outra na Rua Prof. Joaquim Henrique Viana, para conter as inunda\u00e7\u00f5es e enxurradas que atingem o S\u00e3o Bernardo. Como explica o Lincoln Santos, diversas ruas do entorno receberam ou ainda receber\u00e3o as novas galerias de redes pluviais, que ampliar\u00e3o a capacidade de vaz\u00e3o da \u00e1gua das chuvas. \u201cEssa regi\u00e3o da Rua Ces\u00e1rio Alvim, que \u00e9 o bairro S\u00e3o Bernardo, j\u00e1 finalizamos os trabalhos nas ruas Palmira Pessoa, Padre Arnaldo Jansen e Almada Horta. Estamos agora atuando na Rua Goi\u00e1s e na Rua Prof. Joaquim Henrique Viana, que vai captar toda \u00e1gua dessas ruas. Estamos duplicando a rede de coleta de \u00e1guas pluviais, demolindo uma galeria antiga e construindo uma nova, de 2,5 m por 2 metros. Com isso estamos mais que duplicando a capacidade de vaz\u00e3o dessa galeria, passando de 10 m\u00b3 por segundo, para 24 m\u00b3 por segundo, o que faz com que a gente consiga evitar o que acontece em todos os per\u00edodos de chuva, inundando e destruindo o asfalto com enxurradas\u201d.<\/div>\n<div><strong>Mercado Municipal<\/strong><\/div>\n<div>A segunda visita foi realizada dentro do Mercado Municipal, onde a prefeita Margarida fez um\u00a0<em>tour<\/em>\u00a0para conferir as novas instala\u00e7\u00f5es e acompanhar o processo de reforma. A renova\u00e7\u00e3o do espa\u00e7o \u00e9 uma oportunidade de agregar os produtores da regi\u00e3o com a popula\u00e7\u00e3o da cidade.<\/div>\n<div>Segundo Margarida, o novo Mercado Municipal possui um grande potencial tur\u00edstico, gastron\u00f4mico e cultural para Juiz de Fora, e que pode atrair empreendimentos significativos para a cidade. \u201cUma inje\u00e7\u00e3o de qualidade urbana, conviv\u00eancia, modos de produ\u00e7\u00e3o de economia criativa, uma forma mais rica e vibrante, que \u00e9 esse novo espa\u00e7o. Uma divers\u00e3o completa no cora\u00e7\u00e3o da cidade, estamos conquistando esse local que fica dentro da antiga f\u00e1brica Mascarenhas. Estou maravilhada com a beleza da constru\u00e7\u00e3o, com a qualidade desse espa\u00e7o, que agora ter\u00e1 \u00e0 altura de sua pot\u00eancia. O novo mercado vai oferecer uma programa\u00e7\u00e3o completa, n\u00e3o s\u00f3 de compras, mas de lazer tamb\u00e9m. Isso torna esse mercado, lindo, n\u00e3o apenas um equipamento para a cidade de Juiz de Fora, mas, ao ver, um grande atrativo tur\u00edstico ao porte dos grandes mercados de S\u00e3o Paulo e Belo Horizonte. Estamos contribuindo para revitalizar o centro da cidade, e criar novas alternativas econ\u00f4micas para o nosso desenvolvimento\u201d.<\/div>\n<div>A ideia do projeto nasceu em fun\u00e7\u00e3o de algumas diretrizes estabelecidas pela administra\u00e7\u00e3o municipal, em parceria com permission\u00e1rios do mercado e a popula\u00e7\u00e3o juizforana, que buscavam melhorias para o espa\u00e7o, como por exemplo, a amplia\u00e7\u00e3o da quantidade dos servi\u00e7os oferecidos, a fim de resgatar a qualidade e excel\u00eancia de antes e ressignificar o Mercado Municipal como um espa\u00e7o de entretenimento e cultura na cidade.<\/div>\n<div>O projeto prev\u00ea a manuten\u00e7\u00e3o dos quiosques no t\u00e9rreo, com uma grande variedade de produtos voltados \u00e0 atividade central do mercado, e a instala\u00e7\u00e3o de uma grande pra\u00e7a de alimenta\u00e7\u00e3o no segundo andar, com restaurantes, mesas e um pequeno palco, a fim de proporcionar entretenimento inspirado em experi\u00eancias bem sucedidas em diversos locais. Neste mesmo piso, tamb\u00e9m haver\u00e1 uma sala de exposi\u00e7\u00f5es, para estimular o acesso a outras formas de cultura e valorizar artistas locais e da regi\u00e3o.<\/div>\n<div>\nNo pr\u00e9dio anexo, onde funcionava a Secretaria de Educa\u00e7\u00e3o, o projeto prev\u00ea um centro de artesanatos no andar t\u00e9rreo e um centro audiovisual, j\u00e1 no segundo andar, que possui o objetivo de fomentar essa \u00e1rea na cidade, al\u00e9m de um pequeno audit\u00f3rio para proje\u00e7\u00f5es de filmes, curtas e outros produtos.<\/div>\n<div>De acordo com Lincoln, a obra segue o cronograma estabelecido pela Prefeitura e est\u00e3o sendo investidos cerca de R$ 10 milh\u00f5es na reforma do Mercado Municipal. \u201cA gente\u00a0j\u00e1 se encontra\u00a0com 40% do cronograma f\u00edsico executado, a parte de demoli\u00e7\u00e3o j\u00e1 quase totalmente pronta, estamos com a obra dentro do cronograma, uma obra muito bem executada\u201d, refor\u00e7a.<\/div>\n<div>A\u00a0secret\u00e1ria de Agricultura, Pecu\u00e1ria e Abastecimento, Fab\u00edola Paulino, explica como vai ocorrer as ocupa\u00e7\u00f5es do novo mercado, com as barracas e quiosques do primeiro e segundo andar. \u201cNo primeiro piso vai funcionar a \u00e1rea de hortifr\u00fati, bancas com alimentos\u00a0<em>in natura;<\/em>\u00a0resgatamos a tradi\u00e7\u00e3o do mercado, que \u00e9 o a\u00e7ougue e a peixaria, al\u00e9m de manter empreendimentos, como floricultura, loja de embalagens, cafeteria e lanchonete, para que a popula\u00e7\u00e3o tenha uma variedade de estabelecimentos comerciais e possa, num lugar s\u00f3, realizar suas compras, tomar um caf\u00e9 e assistir uma amostra ou exposi\u00e7\u00e3o\u201d.<\/div>\n<div>J\u00e1 o segundo andar tamb\u00e9m ser\u00e1 ocupado por restaurantes e ter\u00e1 um espa\u00e7o cultural para realiza\u00e7\u00e3o de exposi\u00e7\u00f5es e amostras. \u201cO segundo piso foi dedicado \u00e0 \u00e1rea da gastronomia. Teremos ao todo sete restaurantes, sendo dois considerados\u00a0<em>master<\/em>, que em breve lan\u00e7aremos o edital para ocupa\u00e7\u00e3o. Al\u00e9m dos restaurantes, teremos bares e quiosques, voltados para a valoriza\u00e7\u00e3o dos produtores locais e lanchonetes. Um espa\u00e7o muito prestigiado para valorizar a nossa gastronomia local\u201d, afirma Fab\u00edola.<\/div>\n<\/div>\n<p>&nbsp;<\/p>\n<div id=\"box_compartilhar\" align=\"right\"><\/div>\n","protected":false},"excerpt":{"rendered":"<p>Segundo informa\u00e7\u00f5es do site da Prefeitura de Juiz de Fora (PJF), na manh\u00e3 desta quinta-feira, 9, a prefeita Margarida Salom\u00e3o esteve em duas obras que est\u00e3o sendo executadas pelo munic\u00edpio. O objetivo foi verificar o avan\u00e7o da constru\u00e7\u00e3o da rede de drenagem no S\u00e3o Bernardo, na zona leste da cidade, e a reforma do Mercado [&hellip;]<\/p>\n","protected":false},"author":246,"featured_media":222722,"comment_status":"closed","ping_status":"closed","sticky":false,"template":"","format":"standard","meta":{"footnotes":""},"categories":[253,436,440,439],"tags":[],"class_list":["post-222721","post","type-post","status-publish","format-standard","has-post-thumbnail","hentry","category-cidade","category-destaque-da-semana","category-destaques-do-dia","category-ultima-hora"],"_links":{"self":[{"href":"https:\/\/diarioregionaldigital.com.br\/index.php?rest_route=\/wp\/v2\/posts\/222721","targetHints":{"allow":["GET"]}}],"collection":[{"href":"https:\/\/diarioregionaldigital.com.br\/index.php?rest_route=\/wp\/v2\/posts"}],"about":[{"href":"https:\/\/diarioregionaldigital.com.br\/index.php?rest_route=\/wp\/v2\/types\/post"}],"author":[{"embeddable":true,"href":"https:\/\/diarioregionaldigital.com.br\/index.php?rest_route=\/wp\/v2\/users\/246"}],"replies":[{"embeddable":true,"href":"https:\/\/diarioregionaldigital.com.br\/index.php?rest_route=%2Fwp%2Fv2%2Fcomments&post=222721"}],"version-history":[{"count":1,"href":"https:\/\/diarioregionaldigital.com.br\/index.php?rest_route=\/wp\/v2\/posts\/222721\/revisions"}],"predecessor-version":[{"id":222723,"href":"https:\/\/diarioregionaldigital.com.br\/index.php?rest_route=\/wp\/v2\/posts\/222721\/revisions\/222723"}],"wp:featuredmedia":[{"embeddable":true,"href":"https:\/\/diarioregionaldigital.com.br\/index.php?rest_route=\/wp\/v2\/media\/222722"}],"wp:attachment":[{"href":"https:\/\/diarioregionaldigital.com.br\/index.php?rest_route=%2Fwp%2Fv2%2Fmedia&parent=222721"}],"wp:term":[{"taxonomy":"category","embeddable":true,"href":"https:\/\/diarioregionaldigital.com.br\/index.php?rest_route=%2Fwp%2Fv2%2Fcategories&post=222721"},{"taxonomy":"post_tag","embeddable":true,"href":"https:\/\/diarioregionaldigital.com.br\/index.php?rest_route=%2Fwp%2Fv2%2Ftags&post=222721"}],"curies":[{"name":"wp","href":"https:\/\/api.w.org\/{rel}","templated":true}]}}