{"id":222603,"date":"2024-05-03T19:14:46","date_gmt":"2024-05-03T22:14:46","guid":{"rendered":"https:\/\/diarioregionaldigital.com.br\/?p=222603"},"modified":"2024-05-03T19:14:46","modified_gmt":"2024-05-03T22:14:46","slug":"mundial-de-revezamento-brasil-busca-vaga-olimpica-neste-fim-de-semana","status":"publish","type":"post","link":"https:\/\/diarioregionaldigital.com.br\/?p=222603","title":{"rendered":"Mundial de revezamento: Brasil busca vaga ol\u00edmpica neste fim de semana"},"content":{"rendered":"<p>O atletismo brasileiro, com 17 das\u00a0<a href=\"https:\/\/www.cob.org.br\/pt\/galerias\/noticias\/lista-de-vagas-garantidas-pelo-time-brasil-nos-jogos-olimpicos-paris-2024\/\"><strong>203 vagas asseguradas pelo pa\u00eds na Olimp\u00edada de Paris<\/strong><\/a>, pode ampliar ainda mais o este n\u00famero neste fim de semana, durante o Campeonato Mundial de Revezamento em Nassau (Bahamas). A competi\u00e7\u00e3o, classificat\u00f3ria para Paris, contar\u00e1 com\u00a0<a href=\"https:\/\/cbat.pressroom.com.br\/4373081a79\"><strong>23 velocistas brasileiros (masculino e feminino),<\/strong><\/a>\u00a0entre os 1.600 atletas inscritos, entre eles campe\u00f5es ol\u00edmpicos e mundiais. O Mundial ter\u00e1<a href=\"https:\/\/worldathletics.org\/inside-track\"><strong>\u00a0transmiss\u00e3o ao vivo (on streaming)\u00a0<\/strong><\/a>no site da Federa\u00e7\u00e3o Internacional de Atletismo (World Atletics) &#8211; confira a agenda no final do texto.<\/p>\n<p>O Brasil busca manter a sequ\u00eancia de bons resultados em Mundiais. Obteve ouro in\u00e9dito na edi\u00e7\u00e3o de 2019 no revezamento 4x100m masculino e prata dois anos depois no 4&#215;400 misto. Tamb\u00e9m foi ouro ano passado, nos Jogos Pan-Americanos de Santiago, tanto nos 4&#215;100, quanto nos 4x400m masculino. As provas de revezamento j\u00e1 asseguram\u00a0quatro medalhas ol\u00edmpicas para o Brasil nos 4x100m:\u00a0\u00a0uma prata e dois bronzes no masculino, al\u00e9m de um bronze no feminino.<\/p>\n<p>O quarteto masculino 4&#215;100 ter\u00e1 dois medalhistas de ouro no Mundial de 2019 &#8211; Rodrigo Nascimento e Paulo Camilo Andr\u00e9, conhecido como PA \u2013 jovens talentos como Felipe Bardi e Renan Gallina. Os dois, ao lado de Eric Cardoso e Gabriel Garc\u00eda \u2013 tamb\u00e9m convocados \u2013 foram a equipe campe\u00e3 no Pan de Santiago no 4&#215;100. Outros destaque na delega\u00e7\u00e3o s\u00e3o\u00a0Matheus Lima &#8211; que j\u00e1 obteve o \u00edndice ol\u00edmpico nos 400m rasos e nos 400m com barreiras &#8211; e Lucas Concei\u00e7\u00e3o (ouro nos 400m no Pan de Santiago). J\u00e1 o campe\u00e3o mundial Alison dos Santos, o Piu, especialista 400m com barreiras, n\u00e3o competir\u00e1 no Mundial\u00a0pois se recupera de uma les\u00e3o.<\/p>\n<blockquote><p>&#8220;Fizemos um bom camping [treinamento] na Fl\u00f3rida, com boas instala\u00e7\u00f5es e log\u00edstica para o treinamento e refei\u00e7\u00f5es. Foi bem assertiva a escolha porque tamb\u00e9m encontramos um bom n\u00edvel de competi\u00e7\u00f5es, com s\u00e9ries fortes. Fizemos treinos bons, com evolu\u00e7\u00e3o na velocidade de passagem do bast\u00e3o, e estamos confiantes no nosso objetivo que \u00e9 a vaga ol\u00edmpica&#8221;, afirmou Victor Fernandes, treinador-coordenador pela Confedera\u00e7\u00e3o Brasileira de Atletismo (CBAt).<\/p><\/blockquote>\n<div class=\"dnd-widget-wrapper context-cheio_8colunas type-image\">\n<div class=\"dnd-atom-rendered\">\n<div class=\"shadow overflow-hidden rounded-lg d-block w-100\"><img decoding=\"async\" class=\"flex-fill img-cover\" title=\"CBAt\/Wagner Carmo\/Direitos Reservados\" src=\"https:\/\/imagens.ebc.com.br\/JKJSf2TgD4vn3DoYDPm1wMZLoC4=\/754x0\/smart\/https:\/\/agenciabrasil.ebc.com.br\/sites\/default\/files\/thumbnails\/image\/2024\/05\/02\/vitoria_rosa_e_ana_azevedo_atletismo_fem.jpeg?itok=7pBzWDgs\" alt=\"Vit\u00f3ria Rosa e Ana Azevedo - atletismo\" \/><\/div>\n<\/div>\n<div class=\"dnd-caption-wrapper\">\n<div class=\"meta\">Vit\u00f3ria Rosa e Ana Azevedo brigar\u00e3o pela vaga ol\u00edmpica na provas dos 4&#215;100 m no Mundial de Revezamento nas Bahamas, que ocorre s\u00e1bado (4) e domingo (5)-\u00a0\u00a0<strong>CBAt\/Wagner Carmo\/Direitos Reservados<\/strong><\/div>\n<\/div>\n<\/div>\n<p>Na equipe feminina o Brasil contar\u00e1 com tr\u00eas das quatro medalhista de bronze que conquistaram o bronze ano passado no Pan de Santiago: Anny de Bassi, Let\u00edcia Nonato e Jayni Barreto. As demais convocadas s\u00e3o\u00a0Let\u00edcia Maria Nonato, Maria Vict\u00f3ria Belo de Sena, T\u00e1bata Vitorino de Carvalho, Ana Carolina Azevedo, Gabriela Aline Grunow,\u00a0Gabriela Silva Mour\u00e3o, Lorraine Barbosa Martins e\u00a0 Vit\u00f3ria\u00a0Rosa.<\/p>\n<blockquote><p>\u00a0&#8220;No per\u00edodo de qualifica\u00e7\u00e3o, desde o ano passado e o Trof\u00e9u Brasil, as atletas correram muito bem, fizeram grandes marcas&#8221;, lembrou o Diogo Dias Gamboa, treinador da equipe brasileira feminina. &#8220;A prova dos 400 metros no Brasil est\u00e1 com uma cara nova, atletas correndo bem e motivados no feminino e no masculino. A gente precisa transferir isso para o revezamento. Foi uma oportunidade que tanto pediram e acho que agora \u00e9 hora de mostrar for\u00e7a\u201d, concluiu.<\/p><\/blockquote>\n<h2>Classifica\u00e7\u00e3o a Paris<\/h2>\n<p>O Mundial nas Bahamas, classificar\u00e1 14 equipes para os Jogos de Paris, em cada revezamento. No s\u00e1bado (4), primeiro dia de competi\u00e7\u00e3o, ser\u00e3o 32 equipes participantes divididas em quatro s\u00e9ries. Apenas as duas primeiras colocadas em cada uma delas carimbam a vaga ol\u00edmpica e avan\u00e7am \u00e0s finais do Mundial.<\/p>\n<p>No domingo (5), as equipes restantes disputar\u00e3o a rodada de repescagem. Os dois primeiros colocados de cada bateria ir\u00e3o a Paris (total de seis equipes).<\/p>\n<h2>Agenda*<\/h2>\n<p><strong>S\u00e1bado (4)<\/strong><\/p>\n<p>20:05 &#8211; Baterias do 4x400m misto<\/p>\n<p>20:50 &#8211; Baterias do 4x100m feminino<\/p>\n<p>21:25 &#8211; Baterias do 4x100m masculino<\/p>\n<p>22:05 &#8211; Baterias do 4x400m feminino<\/p>\n<p>22:49 &#8211; Baterias do 4x400m masculino<\/p>\n<p><strong>Domingo (5)\u00a0<\/strong><\/p>\n<p>20:05 &#8211; Repescagem 4x100m masculino<\/p>\n<p>20:40 &#8211; Repescagem 4x100m feminino<\/p>\n<p>21:05 &#8211; Repescagem 4x400m masculino<\/p>\n<p>21:30 &#8211; Repescagem 4x400m feminino<\/p>\n<p>22:04 &#8211; Repescagem 4x400m misto<\/p>\n<p>22:40 &#8211; Final 4x400m misto<\/p>\n<p>22:50 &#8211; Final 4x100m feminino<\/p>\n<p>23:00 &#8211; Final 4x100m masculino<\/p>\n<p>23:10 &#8211; Final 4x400m feminino<\/p>\n<p>23:20 &#8211; Final 4x400m masculino<\/p>\n<p>Fonte: Ag\u00eancia Brasil<\/p>\n","protected":false},"excerpt":{"rendered":"<p>O atletismo brasileiro, com 17 das\u00a0203 vagas asseguradas pelo pa\u00eds na Olimp\u00edada de Paris, pode ampliar ainda mais o este n\u00famero neste fim de semana, durante o Campeonato Mundial de Revezamento em Nassau (Bahamas). A competi\u00e7\u00e3o, classificat\u00f3ria para Paris, contar\u00e1 com\u00a023 velocistas brasileiros (masculino e feminino),\u00a0entre os 1.600 atletas inscritos, entre eles campe\u00f5es ol\u00edmpicos e [&hellip;]<\/p>\n","protected":false},"author":246,"featured_media":222605,"comment_status":"closed","ping_status":"closed","sticky":false,"template":"","format":"standard","meta":{"footnotes":""},"categories":[436,257,439],"tags":[],"class_list":["post-222603","post","type-post","status-publish","format-standard","has-post-thumbnail","hentry","category-destaque-da-semana","category-esporte","category-ultima-hora"],"_links":{"self":[{"href":"https:\/\/diarioregionaldigital.com.br\/index.php?rest_route=\/wp\/v2\/posts\/222603","targetHints":{"allow":["GET"]}}],"collection":[{"href":"https:\/\/diarioregionaldigital.com.br\/index.php?rest_route=\/wp\/v2\/posts"}],"about":[{"href":"https:\/\/diarioregionaldigital.com.br\/index.php?rest_route=\/wp\/v2\/types\/post"}],"author":[{"embeddable":true,"href":"https:\/\/diarioregionaldigital.com.br\/index.php?rest_route=\/wp\/v2\/users\/246"}],"replies":[{"embeddable":true,"href":"https:\/\/diarioregionaldigital.com.br\/index.php?rest_route=%2Fwp%2Fv2%2Fcomments&post=222603"}],"version-history":[{"count":1,"href":"https:\/\/diarioregionaldigital.com.br\/index.php?rest_route=\/wp\/v2\/posts\/222603\/revisions"}],"predecessor-version":[{"id":222606,"href":"https:\/\/diarioregionaldigital.com.br\/index.php?rest_route=\/wp\/v2\/posts\/222603\/revisions\/222606"}],"wp:featuredmedia":[{"embeddable":true,"href":"https:\/\/diarioregionaldigital.com.br\/index.php?rest_route=\/wp\/v2\/media\/222605"}],"wp:attachment":[{"href":"https:\/\/diarioregionaldigital.com.br\/index.php?rest_route=%2Fwp%2Fv2%2Fmedia&parent=222603"}],"wp:term":[{"taxonomy":"category","embeddable":true,"href":"https:\/\/diarioregionaldigital.com.br\/index.php?rest_route=%2Fwp%2Fv2%2Fcategories&post=222603"},{"taxonomy":"post_tag","embeddable":true,"href":"https:\/\/diarioregionaldigital.com.br\/index.php?rest_route=%2Fwp%2Fv2%2Ftags&post=222603"}],"curies":[{"name":"wp","href":"https:\/\/api.w.org\/{rel}","templated":true}]}}