{"id":222430,"date":"2024-04-24T14:24:05","date_gmt":"2024-04-24T17:24:05","guid":{"rendered":"https:\/\/diarioregionaldigital.com.br\/?p=222430"},"modified":"2024-04-24T14:24:05","modified_gmt":"2024-04-24T17:24:05","slug":"processo-n-41-24-04-2024","status":"publish","type":"post","link":"https:\/\/diarioregionaldigital.com.br\/?p=222430","title":{"rendered":"PROCESSO N\u00b0 41 &#8211; 24\/04\/2024"},"content":{"rendered":"<p class=\"s5\" style=\"text-align: center;\"><span class=\"s6\"><span class=\"bumpedFont15\">PROCESSO N\u00ba 041\/2024<\/span><\/span><\/p>\n<p class=\"s5\" style=\"text-align: center;\"><span class=\"s6\"><span class=\"bumpedFont15\">AVISO DE<\/span><\/span> <span class=\"s6\"><span class=\"bumpedFont15\">DISPENSA PRESENCIAL N\u00ba 012\/2024<\/span><\/span><\/p>\n<p class=\"s8\" style=\"text-align: center;\"><span class=\"s6\"><span class=\"bumpedFont15\">CONTRATANTE: <\/span><\/span><span class=\"s7\"><span class=\"bumpedFont15\">Prefeitura Municipal de Descoberto \u2013 MG.<\/span><\/span><\/p>\n<p class=\"s8\" style=\"text-align: center;\"><span class=\"s6\"><span class=\"bumpedFont15\">OBJETO<\/span><\/span><span class=\"s7\"><span class=\"bumpedFont15\">: A \u00a0presente contrata\u00e7\u00e3o direta \u00a0tem por objeto a contrata\u00e7\u00e3o de empresa ou profissional para presta\u00e7\u00e3o de servi\u00e7o de Cobertura em <\/span><\/span><span class=\"s7\"><span class=\"bumpedFont15\">Foto e V\u00eddeo para os eventos do munic\u00edpio, atendendo \u00e0 Secretaria de Cultura e Turismo.<\/span><\/span><\/p>\n<p class=\"s8\" style=\"text-align: center;\"><span class=\"s6\"><span class=\"bumpedFont15\">VALOR TOTAL ESTIMADO DA CONTRATA\u00c7\u00c3O: <\/span><\/span><span class=\"s7\"><span class=\"bumpedFont15\">R$ <\/span><\/span><span class=\"s7\"><span class=\"bumpedFont15\">28.399,92 <\/span><\/span><span class=\"s7\"><span class=\"bumpedFont15\">(vinte e oito mil, trezentos e noventa e nove reais e noventa e dois centavos).<\/span><\/span><\/p>\n<p class=\"s8\" style=\"text-align: center;\"><span class=\"s6\"><span class=\"bumpedFont15\">DATA DE ENTREGA DAS PROPOSTAS: <\/span><\/span><span class=\"s7\"><span class=\"bumpedFont15\">10\/05\/<\/span><\/span><span class=\"s7\"><span class=\"bumpedFont15\">2024 10:30 horas<\/span><\/span><\/p>\n<p class=\"s8\" style=\"text-align: center;\"><span class=\"s6\"><span class=\"bumpedFont15\">DATA DA SESS\u00c3O DE LANCES: <\/span><\/span><span class=\"s7\"><span class=\"bumpedFont15\">10\/05\/2024 \u2013 10:30 horas<\/span><\/span><\/p>\n<p class=\"s8\" style=\"text-align: center;\"><span class=\"s6\"><span class=\"bumpedFont15\">LOCAL DA ENTREGA DAS PROPOSTAS E DA SESS\u00c3O DE LANCES: <\/span><\/span><span class=\"s7\"><span class=\"bumpedFont15\">Sala de Licita\u00e7\u00f5es da Prefeitura, estabelecida na rua Capit\u00e3o Bas\u00edlio, n\u00ba 39 \u2013 Centro, Descoberto-MG.<\/span><\/span><\/p>\n<p class=\"s8\" style=\"text-align: center;\"><span class=\"s6\"><span class=\"bumpedFont15\">LINK PARA ACESSO AO AVISO DE CON<\/span><\/span><span class=\"s6\"><span class=\"bumpedFont15\">TRATA\u00c7\u00c3O: <\/span><\/span><a href=\"http:\/\/www.descoberto.mg.gov.br\/\"><span class=\"s10\"><span class=\"bumpedFont15\">http:\/\/www.descoberto.mg.gov.br\/<\/span><\/span><\/a><\/p>\n<p class=\"s8\" style=\"text-align: center;\"><span class=\"s6\"><span class=\"bumpedFont15\">PREFER\u00caNCIA ME\/EPP\/EQUIPARADAS: <\/span><\/span><span class=\"s7\"><span class=\"bumpedFont15\">SIM <\/span><\/span><\/p>\n<p class=\"s8\" style=\"text-align: center;\"><span class=\"s7\"><span class=\"bumpedFont15\">Descoberto, 2<\/span><\/span><span class=\"s7\"><span class=\"bumpedFont15\">4 <\/span><\/span><span class=\"s7\"><span class=\"bumpedFont15\">de <\/span><\/span><span class=\"s7\"><span class=\"bumpedFont15\">a<\/span><\/span><span class=\"s7\"><span class=\"bumpedFont15\">bril de 2024.<\/span><\/span><\/p>\n<p class=\"s11\" style=\"text-align: center;\">\n<p class=\"s4\" style=\"text-align: center;\"><span class=\"s12\"><span class=\"bumpedFont15\">_______________________________________________________________<\/span><\/span><\/p>\n<p class=\"s4\" style=\"text-align: center;\"><span class=\"s12\"><span class=\"bumpedFont15\">Rua: Capit\u00e3o Bas\u00edlio n\u00ba 39 &#8211; Centro &#8211; Descoberto &#8211; MG &#8211; Cep 36690-000<\/span><\/span><\/p>\n<p class=\"s4\" style=\"text-align: center;\"><span class=\"s12\"><span class=\"bumpedFont15\">Tele-fax (32)<\/span><\/span><span class=\"s12\"><span class=\"bumpedFont15\"> 3265-1<\/span><\/span><span class=\"s12\"><span class=\"bumpedFont15\">740 \u2013 e-mail: <\/span><\/span><span class=\"s12\"><span class=\"bumpedFont15\">licitaca<\/span><\/span><span class=\"s12\"><span class=\"bumpedFont15\">o@descoberto.mg.gov.br<\/span><\/span><\/p>\n","protected":false},"excerpt":{"rendered":"<p>PROCESSO N\u00ba 041\/2024 AVISO DE DISPENSA PRESENCIAL N\u00ba 012\/2024 CONTRATANTE: Prefeitura Municipal de Descoberto \u2013 MG. OBJETO: A \u00a0presente contrata\u00e7\u00e3o direta \u00a0tem por objeto a contrata\u00e7\u00e3o de empresa ou profissional para presta\u00e7\u00e3o de servi\u00e7o de Cobertura em Foto e V\u00eddeo para os eventos do munic\u00edpio, atendendo \u00e0 Secretaria de Cultura e Turismo. VALOR TOTAL ESTIMADO [&hellip;]<\/p>\n","protected":false},"author":246,"featured_media":0,"comment_status":"closed","ping_status":"closed","sticky":false,"template":"","format":"standard","meta":{"footnotes":""},"categories":[307],"tags":[],"class_list":["post-222430","post","type-post","status-publish","format-standard","hentry","category-editais"],"_links":{"self":[{"href":"https:\/\/diarioregionaldigital.com.br\/index.php?rest_route=\/wp\/v2\/posts\/222430","targetHints":{"allow":["GET"]}}],"collection":[{"href":"https:\/\/diarioregionaldigital.com.br\/index.php?rest_route=\/wp\/v2\/posts"}],"about":[{"href":"https:\/\/diarioregionaldigital.com.br\/index.php?rest_route=\/wp\/v2\/types\/post"}],"author":[{"embeddable":true,"href":"https:\/\/diarioregionaldigital.com.br\/index.php?rest_route=\/wp\/v2\/users\/246"}],"replies":[{"embeddable":true,"href":"https:\/\/diarioregionaldigital.com.br\/index.php?rest_route=%2Fwp%2Fv2%2Fcomments&post=222430"}],"version-history":[{"count":1,"href":"https:\/\/diarioregionaldigital.com.br\/index.php?rest_route=\/wp\/v2\/posts\/222430\/revisions"}],"predecessor-version":[{"id":222431,"href":"https:\/\/diarioregionaldigital.com.br\/index.php?rest_route=\/wp\/v2\/posts\/222430\/revisions\/222431"}],"wp:attachment":[{"href":"https:\/\/diarioregionaldigital.com.br\/index.php?rest_route=%2Fwp%2Fv2%2Fmedia&parent=222430"}],"wp:term":[{"taxonomy":"category","embeddable":true,"href":"https:\/\/diarioregionaldigital.com.br\/index.php?rest_route=%2Fwp%2Fv2%2Fcategories&post=222430"},{"taxonomy":"post_tag","embeddable":true,"href":"https:\/\/diarioregionaldigital.com.br\/index.php?rest_route=%2Fwp%2Fv2%2Ftags&post=222430"}],"curies":[{"name":"wp","href":"https:\/\/api.w.org\/{rel}","templated":true}]}}