{"id":222428,"date":"2024-04-24T14:23:30","date_gmt":"2024-04-24T17:23:30","guid":{"rendered":"https:\/\/diarioregionaldigital.com.br\/?p=222428"},"modified":"2024-04-24T14:23:30","modified_gmt":"2024-04-24T17:23:30","slug":"oxigenio-aviso-de-adiamento-24-04-2024","status":"publish","type":"post","link":"https:\/\/diarioregionaldigital.com.br\/?p=222428","title":{"rendered":"OXIG\u00caNIO &#8211; AVISO DE ADIAMENTO &#8211; 24\/04\/2024"},"content":{"rendered":"<div>\n<p class=\"s3\" style=\"text-align: center;\"><span class=\"s4\">PREFEITURA MUNICIPAL DE<\/span> <span class=\"s4\">DESCOBERTO<\/span><\/p>\n<p class=\"s3\" style=\"text-align: center;\">\n<\/div>\n<p class=\"s7\" style=\"text-align: center;\"><span class=\"s5\"><span class=\"bumpedFont15\">Processo n\u00ba<\/span><\/span><span class=\"s5\"><span class=\"bumpedFont15\"> 032<\/span><\/span><span class=\"s5\"><span class=\"bumpedFont15\">\/2024. Preg\u00e3o Presencial n\u00ba <\/span><\/span><span class=\"s5\"><span class=\"bumpedFont15\">012<\/span><\/span><span class=\"s5\"><span class=\"bumpedFont15\">\/2024. Objeto: <\/span><\/span><span class=\"s5\"><span class=\"bumpedFont15\">F<\/span><\/span><span class=\"s5\"><span class=\"bumpedFont15\">ornecimento de bal<\/span><\/span><span class=\"s5\"><span class=\"bumpedFont15\">\u00e3o<\/span><\/span><span class=\"s5\"><span class=\"bumpedFont15\"> de oxig\u00eanio e aluguel de concentrador de oxig\u00eanio<\/span><\/span><span class=\"s5\"><span class=\"bumpedFont15\">. Tendo em vista impugna\u00e7\u00e3o <\/span><\/span><span class=\"s5\"><span class=\"bumpedFont15\">recebida ao edital, a sess\u00e3o p\u00fablica agenda<\/span><\/span><span class=\"s5\"><span class=\"bumpedFont15\">da para o dia 25\/0<\/span><\/span><span class=\"s5\"><span class=\"bumpedFont15\">4<\/span><\/span><span class=\"s5\"><span class=\"bumpedFont15\">\/2024 \u00e0s<\/span><\/span> <span class=\"s5\"><span class=\"bumpedFont15\">0<\/span><\/span><span class=\"s5\"><span class=\"bumpedFont15\">9<\/span><\/span><span class=\"s5\"><span class=\"bumpedFont15\">:<\/span><\/span><span class=\"s5\"><span class=\"bumpedFont15\">00<\/span><\/span><span class=\"s5\"><span class=\"bumpedFont15\"> horas, fica adiada<\/span><\/span><span class=\"s5\"><span class=\"bumpedFont15\"> para o dia <\/span><\/span><span class=\"s5\"><span class=\"bumpedFont15\">10\/05<\/span><\/span><span class=\"s5\"><span class=\"bumpedFont15\">\/<\/span><\/span><span class=\"s5\"><span class=\"bumpedFont15\">2024, \u00e0s <\/span><\/span><span class=\"s5\"><span class=\"bumpedFont15\">13<\/span><\/span><span class=\"s5\"><span class=\"bumpedFont15\">:<\/span><\/span><span class=\"s5\"><span class=\"bumpedFont15\">00 <\/span><\/span><span class=\"s5\"><span class=\"bumpedFont15\">horas, estando <\/span><\/span><span class=\"s5\"><span class=\"bumpedFont15\">o novo edital disponibilizado na p\u00e1gina da prefeitura:<\/span><\/span><a href=\"http:\/\/www.descoberto.mg.gov.br\/\"><span class=\"s6\"><span class=\"bumpedFont15\">http:\/\/www.descoberto.mg.go<\/span><\/span><span class=\"s6\"><span class=\"bumpedFont15\">v<\/span><\/span><span class=\"s6\"><span class=\"bumpedFont15\">.br<\/span><\/span><\/a><span class=\"s5\"><span class=\"bumpedFont15\">, com a inclus\u00e3o dos <\/span><\/span><span class=\"s5\"><span class=\"bumpedFont15\">i<\/span><\/span><span class=\"s5\"><span class=\"bumpedFont15\">tens 6.5.2 e 6.5.3.<\/span><\/span><span class=\"s5\"><span class=\"bumpedFont15\"> Valcione<\/span><\/span><span class=\"s5\"><span class=\"bumpedFont15\"> Jorgina de Faria<\/span><\/span><span class=\"s5\"><span class=\"bumpedFont15\">, Agente de Contrata\u00e7\u00e3o.<\/span><\/span><\/p>\n<p class=\"s3\" style=\"text-align: center;\">\n<p class=\"s3\" style=\"text-align: center;\">\n<p class=\"s3\" style=\"text-align: center;\">Rua: Capit\u00e3o Bas\u00edlio n\u00ba 39 &#8211; Centro &#8211; Descoberto &#8211; MG &#8211; CEP36690-000<\/p>\n<p class=\"s3\" style=\"text-align: center;\">Telefax (32) 3265-1740 \u2013 e-mail: prefeitura@descoberto.mg.gov.br<\/p>\n","protected":false},"excerpt":{"rendered":"<p>PREFEITURA MUNICIPAL DE DESCOBERTO Processo n\u00ba 032\/2024. Preg\u00e3o Presencial n\u00ba 012\/2024. Objeto: Fornecimento de bal\u00e3o de oxig\u00eanio e aluguel de concentrador de oxig\u00eanio. Tendo em vista impugna\u00e7\u00e3o recebida ao edital, a sess\u00e3o p\u00fablica agendada para o dia 25\/04\/2024 \u00e0s 09:00 horas, fica adiada para o dia 10\/05\/2024, \u00e0s 13:00 horas, estando o novo edital disponibilizado [&hellip;]<\/p>\n","protected":false},"author":246,"featured_media":0,"comment_status":"closed","ping_status":"closed","sticky":false,"template":"","format":"standard","meta":{"footnotes":""},"categories":[307],"tags":[],"class_list":["post-222428","post","type-post","status-publish","format-standard","hentry","category-editais"],"_links":{"self":[{"href":"https:\/\/diarioregionaldigital.com.br\/index.php?rest_route=\/wp\/v2\/posts\/222428","targetHints":{"allow":["GET"]}}],"collection":[{"href":"https:\/\/diarioregionaldigital.com.br\/index.php?rest_route=\/wp\/v2\/posts"}],"about":[{"href":"https:\/\/diarioregionaldigital.com.br\/index.php?rest_route=\/wp\/v2\/types\/post"}],"author":[{"embeddable":true,"href":"https:\/\/diarioregionaldigital.com.br\/index.php?rest_route=\/wp\/v2\/users\/246"}],"replies":[{"embeddable":true,"href":"https:\/\/diarioregionaldigital.com.br\/index.php?rest_route=%2Fwp%2Fv2%2Fcomments&post=222428"}],"version-history":[{"count":1,"href":"https:\/\/diarioregionaldigital.com.br\/index.php?rest_route=\/wp\/v2\/posts\/222428\/revisions"}],"predecessor-version":[{"id":222429,"href":"https:\/\/diarioregionaldigital.com.br\/index.php?rest_route=\/wp\/v2\/posts\/222428\/revisions\/222429"}],"wp:attachment":[{"href":"https:\/\/diarioregionaldigital.com.br\/index.php?rest_route=%2Fwp%2Fv2%2Fmedia&parent=222428"}],"wp:term":[{"taxonomy":"category","embeddable":true,"href":"https:\/\/diarioregionaldigital.com.br\/index.php?rest_route=%2Fwp%2Fv2%2Fcategories&post=222428"},{"taxonomy":"post_tag","embeddable":true,"href":"https:\/\/diarioregionaldigital.com.br\/index.php?rest_route=%2Fwp%2Fv2%2Ftags&post=222428"}],"curies":[{"name":"wp","href":"https:\/\/api.w.org\/{rel}","templated":true}]}}