{"id":222400,"date":"2024-04-04T21:39:13","date_gmt":"2024-04-05T00:39:13","guid":{"rendered":"https:\/\/diarioregionaldigital.com.br\/?p=222400"},"modified":"2024-04-22T21:41:47","modified_gmt":"2024-04-23T00:41:47","slug":"edital-de-convocacao-assembleia-geral-ordinaria-04-04-2023","status":"publish","type":"post","link":"https:\/\/diarioregionaldigital.com.br\/?p=222400","title":{"rendered":"EDITAL DE CONVOCA\u00c7\u00c3O ASSEMBLEIA GERAL ORDIN\u00c1RIA &#8211; 04\/04\/2023"},"content":{"rendered":"<p style=\"text-align: center;\">ASCOMCER<\/p>\n<p style=\"text-align: center;\">ASSOCIA\u00c7\u00c3O FEMININA DE PREVEN\u00c7\u00c3O E COMBATE AO C\u00c2NCER DE JUIZ DE FORA<br \/>\nEDITAL DE CONVOCA\u00c7\u00c3O<br \/>\nASSEMBLEIA GERAL ORDIN\u00c1RIA<\/p>\n<p style=\"text-align: center;\">A PRESIDENTE DA ASCOMCER NO USO DE SUAS ATRIBUI\u00c7\u00d5ES E DE CONFORMIDADE COM A LETRA \u201cB\u201d DO ART. 16 DO ESTATUTO, CONVOCA OS SENHORES ASSOCIADOS FUNDADORES E EFETIVOS PARA A ASSEMBLEIA GERAL ORDIN\u00c1RIA A SER REALIZADA NO DIA 09 DE ABRIL DE 2024, PRESENCIALMENTE, NO AUDIT\u00d3RIO DO HOSPITAL MARIA JOS\u00c9 BA\u00caTA REIS, NA AV. PRESIDENTE ITAMAR FRANCO, 3500, BAIRRO CASCATINHA, NESTA CIDADE DE JUIZ DE FORA\/MG.<\/p>\n<p style=\"text-align: center;\">EM 1\u00aa CONVOCA\u00c7\u00c3O \u00c0S 13:00 HORAS COM A PRESEN\u00c7A DA METADE MAIS UM DOS ASSOCIADOS EM PLENO GOZO DE SEUS DIREITOS, EM 2\u00aa CONVOCA\u00c7\u00c3O \u00c0S 13:30 HORAS COM 1\/3 DOS ASSOCIADOS E EM 3\u00aa E \u00daLTIMA CONVOCA\u00c7\u00c3O \u00c0S 14:00 HORAS, COM QUALQUER N\u00daMERO DE ASSOCIADOS.<\/p>\n<p style=\"text-align: center;\">ASSUNTO:<br \/>\nPRESTA\u00c7\u00c3O DE CONTAS E RESPECTIVO RELAT\u00d3RIO ANUAL DO EXERC\u00cdCIO FISCAL DE 2023.<br \/>\nJUIZ DE FORA-MG, 02 DE ABRIL DE 2024.<br \/>\nALESSANDRA SAMPAIO FARIA DE SOUZA<br \/>\nPRESIDENTE\u00a0DA\u00a0ASCOMCER<\/p>\n","protected":false},"excerpt":{"rendered":"<p>ASCOMCER ASSOCIA\u00c7\u00c3O FEMININA DE PREVEN\u00c7\u00c3O E COMBATE AO C\u00c2NCER DE JUIZ DE FORA EDITAL DE CONVOCA\u00c7\u00c3O ASSEMBLEIA GERAL ORDIN\u00c1RIA A PRESIDENTE DA ASCOMCER NO USO DE SUAS ATRIBUI\u00c7\u00d5ES E DE CONFORMIDADE COM A LETRA \u201cB\u201d DO ART. 16 DO ESTATUTO, CONVOCA OS SENHORES ASSOCIADOS FUNDADORES E EFETIVOS PARA A ASSEMBLEIA GERAL ORDIN\u00c1RIA A SER REALIZADA [&hellip;]<\/p>\n","protected":false},"author":246,"featured_media":0,"comment_status":"closed","ping_status":"closed","sticky":false,"template":"","format":"standard","meta":{"footnotes":""},"categories":[307],"tags":[],"class_list":["post-222400","post","type-post","status-publish","format-standard","hentry","category-editais"],"_links":{"self":[{"href":"https:\/\/diarioregionaldigital.com.br\/index.php?rest_route=\/wp\/v2\/posts\/222400","targetHints":{"allow":["GET"]}}],"collection":[{"href":"https:\/\/diarioregionaldigital.com.br\/index.php?rest_route=\/wp\/v2\/posts"}],"about":[{"href":"https:\/\/diarioregionaldigital.com.br\/index.php?rest_route=\/wp\/v2\/types\/post"}],"author":[{"embeddable":true,"href":"https:\/\/diarioregionaldigital.com.br\/index.php?rest_route=\/wp\/v2\/users\/246"}],"replies":[{"embeddable":true,"href":"https:\/\/diarioregionaldigital.com.br\/index.php?rest_route=%2Fwp%2Fv2%2Fcomments&post=222400"}],"version-history":[{"count":2,"href":"https:\/\/diarioregionaldigital.com.br\/index.php?rest_route=\/wp\/v2\/posts\/222400\/revisions"}],"predecessor-version":[{"id":222402,"href":"https:\/\/diarioregionaldigital.com.br\/index.php?rest_route=\/wp\/v2\/posts\/222400\/revisions\/222402"}],"wp:attachment":[{"href":"https:\/\/diarioregionaldigital.com.br\/index.php?rest_route=%2Fwp%2Fv2%2Fmedia&parent=222400"}],"wp:term":[{"taxonomy":"category","embeddable":true,"href":"https:\/\/diarioregionaldigital.com.br\/index.php?rest_route=%2Fwp%2Fv2%2Fcategories&post=222400"},{"taxonomy":"post_tag","embeddable":true,"href":"https:\/\/diarioregionaldigital.com.br\/index.php?rest_route=%2Fwp%2Fv2%2Ftags&post=222400"}],"curies":[{"name":"wp","href":"https:\/\/api.w.org\/{rel}","templated":true}]}}