{"id":222373,"date":"2024-04-19T18:51:15","date_gmt":"2024-04-19T21:51:15","guid":{"rendered":"https:\/\/diarioregionaldigital.com.br\/?p=222373"},"modified":"2024-04-19T18:56:54","modified_gmt":"2024-04-19T21:56:54","slug":"prefeita-margarida-salomao-inaugura-primeira-etapa-das-obras-de-drenagem-de-santa-luzia-e-nova-iluminacao-no-parque-da-lajinha","status":"publish","type":"post","link":"https:\/\/diarioregionaldigital.com.br\/?p=222373","title":{"rendered":"Prefeita Margarida Salom\u00e3o inaugura primeira etapa das obras de drenagem de Santa Luzia e nova ilumina\u00e7\u00e3o no Parque da Lajinha"},"content":{"rendered":"<p>Segundo informa\u00e7\u00f5es do site da Prefeitura de Juiz de Fora (PJF), a prefeita de Juiz de Fora, Margarida Salom\u00e3o, inaugurou nesta quinta-feira, 18, a primeira etapa das obras de macrodrenagem do bairro Santa Luzia, al\u00e9m da nova ilumina\u00e7\u00e3o do Parque da Lajinha. O novo vertedouro do <a href=\"https:\/\/www.pjf.mg.gov.br\/noticias\/view.php?modo=link2&amp;idnoticia2=80767\"><strong>Parque da Lajinha<\/strong><\/a><strong>\u00a0<\/strong>tem como objetivo fazer do lago do parque uma grande bacia de reten\u00e7\u00e3o de \u00e1guas de chuva, impedindo o alagamento em outras regi\u00f5es da cidade. Al\u00e9m disso, 44 novas lumin\u00e1rias LED, com pot\u00eancia de 100W cada, foram instaladas ao longo do parque, para trazer mais conforto e seguran\u00e7a aos transeuntes.<\/p>\n<div id=\"box_texto_noticia\">\n<p>&nbsp;<\/p>\n<\/div>\n<p>&#8220;Esse vertedouro do Parque da Lajinha \u00e9 uma grande sacada, pois a gente abaixa o n\u00edvel da \u00e1gua quando precisa e retemos as \u00e1guas que est\u00e3o no bairro Aeroporto. O vale de Santa Luzia, que \u00e9 uma grande bacia, recebe \u00e1gua de diversas regi\u00f5es, \u00e9 muita \u00e1gua que chega, e quando chega, n\u00e3o d\u00e1 conta. Chegamos a ter uma comunidade muito sofrida, que h\u00e1 muitos anos reclama uma solu\u00e7\u00e3o mais definitiva pelo poder p\u00fablico. Por isso estamos investindo pesado e corajosamente para enfrentarmos e solucionarmos de vez este problema hist\u00f3rico&#8221;, afirma a prefeita.<\/p>\n<p>Como explica o secret\u00e1rio de Obras, Lincoln Santos Lima, o novo vertedouro garantir\u00e1 que o c\u00f3rrego Santa Luzia n\u00e3o aumente de vaz\u00e3o com as chuvas que caem em outras partes. \u201cEssa \u00e9 a primeira etapa da obra do controle de cheias do bairro Santa Luzia. Vamos utilizar o lago do Parque da Lajinha como um reservat\u00f3rio, como uma bacia de deten\u00e7\u00e3o de tudo aquilo que chove em outros pontos, como no bairro Aeroporto. Tudo o que chove neste bairro, vai para o lago do Parque da Lajinha. Esse lago, com o ac\u00famulo de \u00e1gua, acaba subindo e verte em dire\u00e7\u00e3o ao c\u00f3rrego Santa Luzia. O que foi feito, ent\u00e3o, \u00e9 segurar toda a chuva destes locais, segurar essa \u00e1gua no Parque da Lajinha, at\u00e9 que, com a estiagem, a gente possa, aos poucos, abrir esse vertedouro, para que n\u00e3o haja um ac\u00famulo de \u00e1gua no c\u00f3rrego Santa Luzia, impedindo assim os alagamentos no bairro\u201d<\/p>\n<p>A nova estrutura do Parque da Lajinha possui capacidade de reten\u00e7\u00e3o de at\u00e9 12 milh\u00f5es de litros de \u00e1gua, o equivalente a seis piscinas ol\u00edmpicas. O novo equipamento \u00e9 uma das partes mais importantes de uma barragem, pois \u00e9 por meio dele que nos tempos de chuvas intensas \u00e9 permitida a evacua\u00e7\u00e3o da \u00e1gua de forma segura, evitando que a mesma passe por cima da barragem, gerando uma sobrecarga na estrutura.<\/p>\n<p>Essa foi a primeira etapa do programa de macrodrenagem da bacia do c\u00f3rrego de Santa Luzia, dentro do projeto Juiz de Fora +100, que busca eliminar os problemas hist\u00f3ricos de enchentes e alagamentos em\u00a0diversas regi\u00f5es do munic\u00edpio. Al\u00e9m da prefeita Margarida Salom\u00e3o, estiveram presentes no evento o secret\u00e1rio de Obras, Lincoln Santos; os vereadores Jos\u00e9 M\u00e1rcio Garotinho e Bejani Jr; Rodrigo Mendon\u00e7a, diretor da empresa Estrela Urbanidade; Jos\u00e9 Eduardo Modesto do Patroc\u00ednio, inspetor-chefe do Conselho Regional de Engenharia e Agronomia de Minas Gerais (Crea); e as lideran\u00e7as comunit\u00e1rias do bairro Santa Luzia, Jo\u00e3o Victor e Sebasti\u00e3o Augusto Ferreira.<\/p>\n<div id=\"box_compartilhar\" align=\"right\"><\/div>\n","protected":false},"excerpt":{"rendered":"<p>Segundo informa\u00e7\u00f5es do site da Prefeitura de Juiz de Fora (PJF), a prefeita de Juiz de Fora, Margarida Salom\u00e3o, inaugurou nesta quinta-feira, 18, a primeira etapa das obras de macrodrenagem do bairro Santa Luzia, al\u00e9m da nova ilumina\u00e7\u00e3o do Parque da Lajinha. O novo vertedouro do Parque da Lajinha\u00a0tem como objetivo fazer do lago do [&hellip;]<\/p>\n","protected":false},"author":246,"featured_media":222375,"comment_status":"closed","ping_status":"closed","sticky":false,"template":"","format":"standard","meta":{"footnotes":""},"categories":[253,436,440,439],"tags":[],"class_list":["post-222373","post","type-post","status-publish","format-standard","has-post-thumbnail","hentry","category-cidade","category-destaque-da-semana","category-destaques-do-dia","category-ultima-hora"],"_links":{"self":[{"href":"https:\/\/diarioregionaldigital.com.br\/index.php?rest_route=\/wp\/v2\/posts\/222373","targetHints":{"allow":["GET"]}}],"collection":[{"href":"https:\/\/diarioregionaldigital.com.br\/index.php?rest_route=\/wp\/v2\/posts"}],"about":[{"href":"https:\/\/diarioregionaldigital.com.br\/index.php?rest_route=\/wp\/v2\/types\/post"}],"author":[{"embeddable":true,"href":"https:\/\/diarioregionaldigital.com.br\/index.php?rest_route=\/wp\/v2\/users\/246"}],"replies":[{"embeddable":true,"href":"https:\/\/diarioregionaldigital.com.br\/index.php?rest_route=%2Fwp%2Fv2%2Fcomments&post=222373"}],"version-history":[{"count":2,"href":"https:\/\/diarioregionaldigital.com.br\/index.php?rest_route=\/wp\/v2\/posts\/222373\/revisions"}],"predecessor-version":[{"id":222386,"href":"https:\/\/diarioregionaldigital.com.br\/index.php?rest_route=\/wp\/v2\/posts\/222373\/revisions\/222386"}],"wp:featuredmedia":[{"embeddable":true,"href":"https:\/\/diarioregionaldigital.com.br\/index.php?rest_route=\/wp\/v2\/media\/222375"}],"wp:attachment":[{"href":"https:\/\/diarioregionaldigital.com.br\/index.php?rest_route=%2Fwp%2Fv2%2Fmedia&parent=222373"}],"wp:term":[{"taxonomy":"category","embeddable":true,"href":"https:\/\/diarioregionaldigital.com.br\/index.php?rest_route=%2Fwp%2Fv2%2Fcategories&post=222373"},{"taxonomy":"post_tag","embeddable":true,"href":"https:\/\/diarioregionaldigital.com.br\/index.php?rest_route=%2Fwp%2Fv2%2Ftags&post=222373"}],"curies":[{"name":"wp","href":"https:\/\/api.w.org\/{rel}","templated":true}]}}