{"id":222358,"date":"2024-04-19T18:42:43","date_gmt":"2024-04-19T21:42:43","guid":{"rendered":"https:\/\/diarioregionaldigital.com.br\/?p=222358"},"modified":"2024-04-19T18:42:43","modified_gmt":"2024-04-19T21:42:43","slug":"governo-de-minas-informa-trabalhadores-rurais-sobre-regularizacao-ambiental","status":"publish","type":"post","link":"https:\/\/diarioregionaldigital.com.br\/?p=222358","title":{"rendered":"Governo de Minas informa trabalhadores rurais sobre regulariza\u00e7\u00e3o ambiental"},"content":{"rendered":"<p>O\u00a0<a href=\"http:\/\/www.ief.mg.gov.br\/\" target=\"_blank\" rel=\"noopener\">Instituto Estadual de Florestas (IEF)<\/a>\u00a0participou, em Caratinga, no Leste de Minas, do workshop rural de regulariza\u00e7\u00e3o ambiental e cr\u00e9dito rural. O evento, realizado nos dias 16 e 17\/4, abordou a import\u00e2ncia do produtor rural estar livre de pend\u00eancias com o estado para que possa ter \u00eaxito na obten\u00e7\u00e3o de cr\u00e9dito junto a institui\u00e7\u00f5es financeiras.<\/p>\n<p>Tiago Franco, gerente de neg\u00f3cios na Sicoob Credcooper, destacou a a\u00e7\u00e3o. \u201cO Workshop Rural quer instruir o produtor rural, seja ele cooperado ou n\u00e3o, sobre a import\u00e2ncia da regulariza\u00e7\u00e3o ambiental e das formas de cr\u00e9dito dispon\u00edveis, para que ele possa crescer e contribuir com a comunidade local\u201d.<\/p>\n<p>Analista ambiental do IEF, C\u00e9sar Donato refor\u00e7ou as a\u00e7\u00f5es do Governo de Minas aos gerentes de unidades do Sicoob Credcooper, que promoveu o evento, al\u00e9m de t\u00e9cnicos de campo, sobre as a\u00e7\u00f5es voltadas \u00e0 regulariza\u00e7\u00e3o ambiental como o Cadastro Ambiental Rural (CAR). A inten\u00e7\u00e3o \u00e9 que as orienta\u00e7\u00f5es sejam repassadas aos produtores rurais associados \u00e0 institui\u00e7\u00e3o financeira.<\/p>\n<p>C\u00e9sar tamb\u00e9m falou diretamente aos produtores rurais cooperados. A conversa\u00a0tamb\u00e9m\u00a0abordou temas como as normas atreladas \u00e0 regulariza\u00e7\u00e3o ambiental que o Banco Central exige para a libera\u00e7\u00e3o de recursos financeiros por parte de bancos e cooperativas.<\/p>\n<p>Conforme Resolu\u00e7\u00e3o n\u00b0 5.081, editada em junho de 2023, os bancos e cooperativas n\u00e3o podem conceder financiamento, por exemplo, ao produtor rural que estiver com o CAR suspenso ou cancelado.<\/p>\n<p><b>Cadastro Ambiental Rural<\/b><\/p>\n<p>O Cadastro Ambiental Rural tem a finalidade de integrar as informa\u00e7\u00f5es ambientais das propriedades e posses rurais referentes \u00e0s \u00c1reas de Preserva\u00e7\u00e3o Permanente (APP), de uso restrito, de reserva legal, de remanescentes de florestas e demais formas de vegeta\u00e7\u00e3o nativa, e das \u00e1reas consolidadas. Assim, o CAR comp\u00f5e uma base de dados para controle, monitoramento, planejamento ambiental e econ\u00f4mico e para o combate ao desmatamento.<\/p>\n<p>Clique\u00a0<a href=\"http:\/\/www.ief.mg.gov.br\/cadastro-ambiental-rural-car\" target=\"_blank\" rel=\"noopener\">aqui<\/a>\u00a0para mais informa\u00e7\u00f5es sobre o CAR.<\/p>\n<p>Fonte: Ag\u00eancia Minas<\/p>\n","protected":false},"excerpt":{"rendered":"<p>O\u00a0Instituto Estadual de Florestas (IEF)\u00a0participou, em Caratinga, no Leste de Minas, do workshop rural de regulariza\u00e7\u00e3o ambiental e cr\u00e9dito rural. O evento, realizado nos dias 16 e 17\/4, abordou a import\u00e2ncia do produtor rural estar livre de pend\u00eancias com o estado para que possa ter \u00eaxito na obten\u00e7\u00e3o de cr\u00e9dito junto a institui\u00e7\u00f5es financeiras. Tiago [&hellip;]<\/p>\n","protected":false},"author":246,"featured_media":222359,"comment_status":"closed","ping_status":"closed","sticky":false,"template":"","format":"standard","meta":{"footnotes":""},"categories":[436,440,254,439],"tags":[],"class_list":["post-222358","post","type-post","status-publish","format-standard","has-post-thumbnail","hentry","category-destaque-da-semana","category-destaques-do-dia","category-politica","category-ultima-hora"],"_links":{"self":[{"href":"https:\/\/diarioregionaldigital.com.br\/index.php?rest_route=\/wp\/v2\/posts\/222358","targetHints":{"allow":["GET"]}}],"collection":[{"href":"https:\/\/diarioregionaldigital.com.br\/index.php?rest_route=\/wp\/v2\/posts"}],"about":[{"href":"https:\/\/diarioregionaldigital.com.br\/index.php?rest_route=\/wp\/v2\/types\/post"}],"author":[{"embeddable":true,"href":"https:\/\/diarioregionaldigital.com.br\/index.php?rest_route=\/wp\/v2\/users\/246"}],"replies":[{"embeddable":true,"href":"https:\/\/diarioregionaldigital.com.br\/index.php?rest_route=%2Fwp%2Fv2%2Fcomments&post=222358"}],"version-history":[{"count":1,"href":"https:\/\/diarioregionaldigital.com.br\/index.php?rest_route=\/wp\/v2\/posts\/222358\/revisions"}],"predecessor-version":[{"id":222360,"href":"https:\/\/diarioregionaldigital.com.br\/index.php?rest_route=\/wp\/v2\/posts\/222358\/revisions\/222360"}],"wp:featuredmedia":[{"embeddable":true,"href":"https:\/\/diarioregionaldigital.com.br\/index.php?rest_route=\/wp\/v2\/media\/222359"}],"wp:attachment":[{"href":"https:\/\/diarioregionaldigital.com.br\/index.php?rest_route=%2Fwp%2Fv2%2Fmedia&parent=222358"}],"wp:term":[{"taxonomy":"category","embeddable":true,"href":"https:\/\/diarioregionaldigital.com.br\/index.php?rest_route=%2Fwp%2Fv2%2Fcategories&post=222358"},{"taxonomy":"post_tag","embeddable":true,"href":"https:\/\/diarioregionaldigital.com.br\/index.php?rest_route=%2Fwp%2Fv2%2Ftags&post=222358"}],"curies":[{"name":"wp","href":"https:\/\/api.w.org\/{rel}","templated":true}]}}