{"id":222355,"date":"2024-04-19T18:41:28","date_gmt":"2024-04-19T21:41:28","guid":{"rendered":"https:\/\/diarioregionaldigital.com.br\/?p=222355"},"modified":"2024-04-19T18:41:28","modified_gmt":"2024-04-19T21:41:28","slug":"governo-lanca-campanha-para-incentivar-doacao-de-parte-do-ir-para-fundos-sociais","status":"publish","type":"post","link":"https:\/\/diarioregionaldigital.com.br\/?p=222355","title":{"rendered":"Governo lan\u00e7a campanha para incentivar doa\u00e7\u00e3o de parte do IR para fundos sociais"},"content":{"rendered":"<p>Com o objetivo de aumentar os recursos concedidos aos Fundos para a Inf\u00e2ncia e a Adolesc\u00eancia (FIA) e Estadual dos Direitos do Idoso (FEI), a\u00a0<a href=\"https:\/\/social.mg.gov.br\/\" target=\"_blank\" rel=\"noopener\">Secretaria de Estado de Desenvolvimento Social de Minas Gerais\u00a0(Sedese-MG)<\/a>\u00a0lan\u00e7a a edi\u00e7\u00e3o 2024 da Campanha Doe Legal.<\/p>\n<p>Por meio da declara\u00e7\u00e3o de Imposto de Renda (IR), os contribuintes mineiros podem, at\u00e9 o dia 31\/5, destinar parte do imposto devido ou da restitui\u00e7\u00e3o aos fundos e contribuir com o desenvolvimento social do estado. A op\u00e7\u00e3o para doa\u00e7\u00e3o est\u00e1 dispon\u00edvel no pr\u00f3prio programa de declara\u00e7\u00e3o anual, que permite deduzir at\u00e9 6% do imposto devido ou o abatimento de at\u00e9 6% da restitui\u00e7\u00e3o, limitada a 3% para cada fundo.<\/p>\n<p>J\u00e1 as empresas, que apuram o Imposto de Renda pelo Lucro Real, podem destinar 1% para o FIA e 1% para o FEI. Nas doa\u00e7\u00f5es a projetos sociais, os contribuintes n\u00e3o podem escolher uma entidade espec\u00edfica. Eles devem escolher o modelo completo e entrar na op\u00e7\u00e3o \u201cDoa\u00e7\u00f5es Diretamente na Declara\u00e7\u00e3o\u201d. No formul\u00e1rio, devem clicar no bot\u00e3o \u201cnovo\u201d e escolher o fundo para o qual pretende doar. Acesse o\u00a0<a href=\"https:\/\/www.youtube.com\/watch?v=ulYECmnnu0g\" target=\"_blank\" rel=\"noopener\">v\u00eddeo<\/a>\u00a0ou a\u00a0<a href=\"https:\/\/social.mg.gov.br\/images\/Docs2023\/docs_2024\/Cartilha_2024_1_compressed.pdf\" target=\"_blank\" rel=\"noopener\">cartilha<\/a>\u00a0da campanha Doe Legal com o passo a passo para efetivar a doa\u00e7\u00e3o.<\/p>\n<p>O subsecret\u00e1rio de Direitos Humanos, Andr\u00e9 Oliveira, refor\u00e7a a import\u00e2ncia da campanha para a promo\u00e7\u00e3o de pol\u00edticas p\u00fablicas voltadas para crian\u00e7as, adolescentes e pessoas idosas em Minas Gerais. \u201cA sua doa\u00e7\u00e3o vai ajudar a financiar projetos que v\u00e3o garantir a prote\u00e7\u00e3o integral dessas popula\u00e7\u00f5es\u201d.<\/p>\n<p>Andr\u00e9 enfatiza ainda que \u201co destino do recurso arrecadado \u00e9 fiscalizado de perto pelo Conselho Estadual da pol\u00edtica, garantindo que a doa\u00e7\u00e3o chegue a quem mais precisa, al\u00e9m de promover os direitos de crian\u00e7as, adolescentes e pessoas idosas\u201d.<\/p>\n<p><strong>Fundos<\/strong><\/p>\n<p>Em Minas Gerais, o Fundo para a Inf\u00e2ncia e a Adolesc\u00eancia (FIA) foi criado pela Lei 11.397\/94 e busca financiar o desenvolvimento de pol\u00edticas, programas e a\u00e7\u00f5es de promo\u00e7\u00e3o, prote\u00e7\u00e3o e defesa dos direitos da crian\u00e7a e adolescente. O Conselho Estadual dos Direitos da Crian\u00e7a e do Adolescente de Minas Gerais (Cedca-MG), \u00e9 respons\u00e1vel por fiscalizar a destina\u00e7\u00e3o dos recursos do Fundo.<\/p>\n<p>J\u00e1 o Fundo Estadual dos Direitos do Idoso (FEI), criado pela Lei 21.144, de 14\/1\/2014, busca tamb\u00e9m captar recursos e financiar pol\u00edticas p\u00fablicas, programas, projetos e a\u00e7\u00f5es voltadas para esse p\u00fablico. A aplica\u00e7\u00e3o dos recursos \u00e9 fiscalizada pelo Conselho Estadual da Pessoa Idosa de Minas Gerais (CEI-MG).<\/p>\n<p>Fonte: Ag\u00eancia Minas<\/p>\n","protected":false},"excerpt":{"rendered":"<p>Com o objetivo de aumentar os recursos concedidos aos Fundos para a Inf\u00e2ncia e a Adolesc\u00eancia (FIA) e Estadual dos Direitos do Idoso (FEI), a\u00a0Secretaria de Estado de Desenvolvimento Social de Minas Gerais\u00a0(Sedese-MG)\u00a0lan\u00e7a a edi\u00e7\u00e3o 2024 da Campanha Doe Legal. Por meio da declara\u00e7\u00e3o de Imposto de Renda (IR), os contribuintes mineiros podem, at\u00e9 o [&hellip;]<\/p>\n","protected":false},"author":246,"featured_media":222356,"comment_status":"closed","ping_status":"closed","sticky":false,"template":"","format":"standard","meta":{"footnotes":""},"categories":[436,261,252,439],"tags":[],"class_list":["post-222355","post","type-post","status-publish","format-standard","has-post-thumbnail","hentry","category-destaque-da-semana","category-economia","category-regiao","category-ultima-hora"],"_links":{"self":[{"href":"https:\/\/diarioregionaldigital.com.br\/index.php?rest_route=\/wp\/v2\/posts\/222355","targetHints":{"allow":["GET"]}}],"collection":[{"href":"https:\/\/diarioregionaldigital.com.br\/index.php?rest_route=\/wp\/v2\/posts"}],"about":[{"href":"https:\/\/diarioregionaldigital.com.br\/index.php?rest_route=\/wp\/v2\/types\/post"}],"author":[{"embeddable":true,"href":"https:\/\/diarioregionaldigital.com.br\/index.php?rest_route=\/wp\/v2\/users\/246"}],"replies":[{"embeddable":true,"href":"https:\/\/diarioregionaldigital.com.br\/index.php?rest_route=%2Fwp%2Fv2%2Fcomments&post=222355"}],"version-history":[{"count":1,"href":"https:\/\/diarioregionaldigital.com.br\/index.php?rest_route=\/wp\/v2\/posts\/222355\/revisions"}],"predecessor-version":[{"id":222357,"href":"https:\/\/diarioregionaldigital.com.br\/index.php?rest_route=\/wp\/v2\/posts\/222355\/revisions\/222357"}],"wp:featuredmedia":[{"embeddable":true,"href":"https:\/\/diarioregionaldigital.com.br\/index.php?rest_route=\/wp\/v2\/media\/222356"}],"wp:attachment":[{"href":"https:\/\/diarioregionaldigital.com.br\/index.php?rest_route=%2Fwp%2Fv2%2Fmedia&parent=222355"}],"wp:term":[{"taxonomy":"category","embeddable":true,"href":"https:\/\/diarioregionaldigital.com.br\/index.php?rest_route=%2Fwp%2Fv2%2Fcategories&post=222355"},{"taxonomy":"post_tag","embeddable":true,"href":"https:\/\/diarioregionaldigital.com.br\/index.php?rest_route=%2Fwp%2Fv2%2Ftags&post=222355"}],"curies":[{"name":"wp","href":"https:\/\/api.w.org\/{rel}","templated":true}]}}