{"id":222352,"date":"2024-04-19T18:40:03","date_gmt":"2024-04-19T21:40:03","guid":{"rendered":"https:\/\/diarioregionaldigital.com.br\/?p=222352"},"modified":"2024-04-19T18:40:03","modified_gmt":"2024-04-19T21:40:03","slug":"emater-e-epamig-ampliam-areas-de-trigo-para-regioes-quentes-de-minas","status":"publish","type":"post","link":"https:\/\/diarioregionaldigital.com.br\/?p=222352","title":{"rendered":"Emater e Epamig ampliam \u00e1reas de trigo para regi\u00f5es quentes de Minas"},"content":{"rendered":"<p>O trigo, conhecido como uma cultura de clima frio, \u00e9 uma novidade que agora chega em algumas das regi\u00f5es mais quentes de Minas. Nas \u00faltimas semanas, a\u00a0<a href=\"https:\/\/www.emater.mg.gov.br\/\" target=\"_blank\" rel=\"noopener\">Emater-MG<\/a>\u00a0e a\u00a0<a href=\"https:\/\/www.epamig.br\/\" target=\"_blank\" rel=\"noopener\">Epamig<\/a>\u00a0implantaram 20 unidades demonstrativas da cultivar de trigo MGS Brilhante, da Epamig, em v\u00e1rias regi\u00f5es do estado, dentre elas o Norte de Minas e o Vale do Jequitinhonha. A proposta \u00e9 usar o gr\u00e3o na produ\u00e7\u00e3o de silagem para alimenta\u00e7\u00e3o de bovinos.<\/p>\n<p>Em 2023,\u00a0as duas empresas\u00a0implantaram unidades demonstrativas\u00a0da cultura\u00a0em munic\u00edpios do Sul\u00a0e Sudoeste\u00a0de Minas\u00a0e\u00a0no\u00a0Campo das Vertentes.\u00a0Este ano, o projeto foi ampliado tamb\u00e9m para a Zona da Mata, Leste, Central e Norte de Minas, al\u00e9m dos Vales do Jequitinhonha e Mucuri.\u00a0A pesquisa,\u00a0financiada pela\u00a0<a href=\"http:\/\/www.fapemig.br\/pt\/\" target=\"_blank\" rel=\"noopener\">Funda\u00e7\u00e3o de Amparo \u00e0 Pesquisa do Estado de Minas Gerais\u00a0(Fapemig)<\/a>,\u00a0tem\u00a0apresentado\u00a0resultados promissores.<\/p>\n<p>Resistente ao calor<\/p>\n<p>\u201cA\u00a0cultivar de trigo MGS3 Brilhante\u00a0\u00e9\u00a0resistente\u00a0\u00e0 seca e ao calor\u00a0e nas unidades demonstrativas implantadas os\u00a0produtores obtiveram\u00a0uma forragem de \u00f3tima qualidade nutricional para os animais, com boa produtividade em um per\u00edodo de entressafras de culturas de ver\u00e3o, como milho e soja, que costuma ser uma \u00e9poca em que\u00a0a terra\u00a0fica parada\u201d, explica o pesquisador da Epamig e coordenador do projeto \u201cUnidades Demonstrativas de Trigo para Produ\u00e7\u00e3o de Silagem\u201d, Maur\u00edcio Coelho.<\/p>\n<p>A\u00a0Emater-MG selecionou os produtores para a implanta\u00e7\u00e3o das lavouras experimentais\u00a0e\u00a0d\u00e1 as\u00a0orienta\u00e7\u00f5es\u00a0aos agricultores durante todo o processo de produ\u00e7\u00e3o. \u201cA\u00a0produtividade\u00a0das unidades implantadas em 2023\u00a0foi\u00a0muito boa, por isso decidimos ampliar as \u00e1reas de cultivo para outras regi\u00f5es do estado.\u00a0A\u00a0cultivar de trigo MGS3 Brilhante\u00a0\u00e9\u00a0uma\u00a0op\u00e7\u00e3o\u00a0vi\u00e1vel\u00a0e\u00a0nutritiva\u00a0para a\u00a0silagem,\u00a0com qualidade\u00a0demonstrada pelo bom\u00a0desempenho zoot\u00e9cnico dos animais avaliados\u201d,\u00a0explica o\u00a0coordenador t\u00e9cnico\u00a0regional\u00a0da Emater-MG, Marcelo Martins.<\/p>\n<p>A\u00a0proposta de\u00a0expandir o n\u00famero de Unidades Demonstrativas pelo estado de Minas Gerais\u00a0visa\u00a0levar essa tecnologia ao maior n\u00famero de produtores poss\u00edvel. \u201cA possibilidade de produzir com a pr\u00f3pria semente reduz o custo de produ\u00e7\u00e3o e os agricultores participantes se tornam multiplicadores\u00a0do sistema em\u00a0suas respectivas regi\u00f5es\u201d,\u00a0diz Maur\u00edcio.<\/p>\n<p>Cultura de inverno<\/p>\n<p>O pesquisador da Epamig esclarece que, gra\u00e7as ao trabalho de melhoramento gen\u00e9tico do trigo, hoje \u00e9 poss\u00edvel levar a cultura para regi\u00f5es mais quentes do estado. \u201cO trigo n\u00e3o vai produzir no ver\u00e3o. Mas como Minas Gerais tem muitas \u00e1reas com altitudes acima de 600 metros do n\u00edvel do mar, procuramos plantar a partir de mar\u00e7o e em locais com altitudes maiores\u201d, explica Maur\u00edcio.<\/p>\n<p>De acordo com o coordenador t\u00e9cnico da Emater-MG, Marcelo Martins, a produ\u00e7\u00e3o do trigo \u00e9 bem mais barata que a do milho safrinha, que j\u00e1 tem um custo menor que a primeira safra. \u201cO trigo \u00e9 uma \u00f3tima op\u00e7\u00e3o de cultura de inverno, porque protege o solo, evitando o ressecamento com o vento e pragas invasoras\u201d, conta Marcelo.<\/p>\n<p>Outra vantagem \u00e9 que com a rota\u00e7\u00e3o de cultura (do milho para o trigo) n\u00e3o surgiu a necessidade de combater pragas. \u201cO uso de produtos qu\u00edmicos foi quase zero, o que al\u00e9m de ser melhor ambientalmente, reduz muito os custos de produ\u00e7\u00e3o\u201d, explica o coordenador da Emater-MG. Mas como o trigo \u00e9 rico em prote\u00edna e pobre em energia, o coordenador diz que o ideal n\u00e3o \u00e9 substituir a silagem de milho pela de trigo, mas fazer uma rota\u00e7\u00e3o de culturas.<\/p>\n<p>Fonte: Ag\u00eancia Minas<\/p>\n","protected":false},"excerpt":{"rendered":"<p>O trigo, conhecido como uma cultura de clima frio, \u00e9 uma novidade que agora chega em algumas das regi\u00f5es mais quentes de Minas. Nas \u00faltimas semanas, a\u00a0Emater-MG\u00a0e a\u00a0Epamig\u00a0implantaram 20 unidades demonstrativas da cultivar de trigo MGS Brilhante, da Epamig, em v\u00e1rias regi\u00f5es do estado, dentre elas o Norte de Minas e o Vale do Jequitinhonha. [&hellip;]<\/p>\n","protected":false},"author":246,"featured_media":222353,"comment_status":"closed","ping_status":"closed","sticky":false,"template":"","format":"standard","meta":{"footnotes":""},"categories":[436,261,252,439],"tags":[],"class_list":["post-222352","post","type-post","status-publish","format-standard","has-post-thumbnail","hentry","category-destaque-da-semana","category-economia","category-regiao","category-ultima-hora"],"_links":{"self":[{"href":"https:\/\/diarioregionaldigital.com.br\/index.php?rest_route=\/wp\/v2\/posts\/222352","targetHints":{"allow":["GET"]}}],"collection":[{"href":"https:\/\/diarioregionaldigital.com.br\/index.php?rest_route=\/wp\/v2\/posts"}],"about":[{"href":"https:\/\/diarioregionaldigital.com.br\/index.php?rest_route=\/wp\/v2\/types\/post"}],"author":[{"embeddable":true,"href":"https:\/\/diarioregionaldigital.com.br\/index.php?rest_route=\/wp\/v2\/users\/246"}],"replies":[{"embeddable":true,"href":"https:\/\/diarioregionaldigital.com.br\/index.php?rest_route=%2Fwp%2Fv2%2Fcomments&post=222352"}],"version-history":[{"count":1,"href":"https:\/\/diarioregionaldigital.com.br\/index.php?rest_route=\/wp\/v2\/posts\/222352\/revisions"}],"predecessor-version":[{"id":222354,"href":"https:\/\/diarioregionaldigital.com.br\/index.php?rest_route=\/wp\/v2\/posts\/222352\/revisions\/222354"}],"wp:featuredmedia":[{"embeddable":true,"href":"https:\/\/diarioregionaldigital.com.br\/index.php?rest_route=\/wp\/v2\/media\/222353"}],"wp:attachment":[{"href":"https:\/\/diarioregionaldigital.com.br\/index.php?rest_route=%2Fwp%2Fv2%2Fmedia&parent=222352"}],"wp:term":[{"taxonomy":"category","embeddable":true,"href":"https:\/\/diarioregionaldigital.com.br\/index.php?rest_route=%2Fwp%2Fv2%2Fcategories&post=222352"},{"taxonomy":"post_tag","embeddable":true,"href":"https:\/\/diarioregionaldigital.com.br\/index.php?rest_route=%2Fwp%2Fv2%2Ftags&post=222352"}],"curies":[{"name":"wp","href":"https:\/\/api.w.org\/{rel}","templated":true}]}}