{"id":222349,"date":"2024-04-19T18:38:40","date_gmt":"2024-04-19T21:38:40","guid":{"rendered":"https:\/\/diarioregionaldigital.com.br\/?p=222349"},"modified":"2024-04-19T18:38:40","modified_gmt":"2024-04-19T21:38:40","slug":"minas-inicia-construcao-de-ferramenta-de-monitoramento-de-metas-para-descarbonizacao","status":"publish","type":"post","link":"https:\/\/diarioregionaldigital.com.br\/?p=222349","title":{"rendered":"Minas inicia constru\u00e7\u00e3o de ferramenta de monitoramento de metas para descarboniza\u00e7\u00e3o"},"content":{"rendered":"<p>O\u00a0<a href=\"https:\/\/www.mg.gov.br\/\" target=\"_blank\" rel=\"noopener\">Governo de Minas<\/a>, por meio da\u00a0<a href=\"http:\/\/www.meioambiente.mg.gov.br\/\" target=\"_blank\" rel=\"noopener\">Secretaria de Estado de Meio Ambiente e Desenvolvimento Sustent\u00e1vel (Semad)<\/a>, lan\u00e7ou, nesta sexta-feira (19\/4), o projeto que ir\u00e1 construir a Ferramenta de Monitoramento, Reporte e Verifica\u00e7\u00e3o (MRV Clim\u00e1tico), instrumento fundamental para mensurar o avan\u00e7o sistem\u00e1tico da execu\u00e7\u00e3o do Plano Estadual de A\u00e7\u00e3o Clim\u00e1tica (PLAC). Para marcar o pontap\u00e9 inicial, uma reuni\u00e3o foi realizada na Cidade Administrativa.<\/p>\n<p>A ferramenta ser\u00e1 capaz de gerenciar resultados e impactos de a\u00e7\u00f5es priorit\u00e1rias, implementadas pelo Governo de Minas rumo \u00e0 neutralidade de emiss\u00f5es l\u00edquidas de gases de efeito estufa no estado at\u00e9 2050 e \u00e0 redu\u00e7\u00e3o da vulnerabilidade clim\u00e1tica dos munic\u00edpios, conforme objetivos firmados nas campanhas Race To Zero e Race to Resilience.<\/p>\n<p>No processo de constru\u00e7\u00e3o da ferramenta tamb\u00e9m ser\u00e1 poss\u00edvel identificar quais s\u00e3o os recursos necess\u00e1rios para essas metas do PLAC, para que sejam investidos aportes financeiros p\u00fablicos, privados ou de fundos internacionais. H\u00e1 uma expectativa de que a ferramenta, num pr\u00f3ximo ciclo, possa incluir mais a\u00e7\u00f5es do PLAC, tornando-se cada vez mais completa e abrangente.<\/p>\n<p>Para a secret\u00e1ria de Estado de Meio Ambiente e Desenvolvimento Sustent\u00e1vel, Mar\u00edlia Melo, era necess\u00e1rio desenvolver uma ferramenta que pudesse dar uma capacidade gerencial de acompanhar a implementa\u00e7\u00e3o das a\u00e7\u00f5es do Governo de Minas e as metas impostas aos setores econ\u00f4micos do estado, para proporcionar transpar\u00eancia \u00e0 popula\u00e7\u00e3o. Al\u00e9m disso, a funcionalidade tamb\u00e9m ser\u00e1 fundamental para atrair investimentos verdes.<\/p>\n<p>\u201cEssa \u00e9 uma ferramenta que nos facilita no processo de financiamento de grandes projetos em Minas dentro da agenda do clima, que, inclusive, tem sido investida e apoiada por atores internacionais, como a parceria forte que temos com o governo brit\u00e2nico e, tamb\u00e9m, com o governo franc\u00eas\u201d, afirma Mar\u00edlia.<\/p>\n<p>Durante a reuni\u00e3o, que marcou o in\u00edcio do projeto, a superintendente de Qualidade Ambiental e Mudan\u00e7as Clim\u00e1ticas da Semad, Renata Ara\u00fajo, apresentou o PLAC e o contextualizou com a ferramenta. Servidores da Semad e de outras secretarias estaduais tamb\u00e9m tiveram a oportunidade de tirar d\u00favidas sobre o projeto.<\/p>\n<p>A previs\u00e3o \u00e9 que a plataforma esteja dispon\u00edvel ao p\u00fablico em dezembro.<\/p>\n<p><b>Parcerias<\/b><\/p>\n<p>O MRV Clim\u00e1tico faz parte do projeto \u201cMelhorando o desempenho clim\u00e1tico do estado de Minas Gerais como for\u00e7a motriz para mobilizar investimentos verdes\u201d foi aprovado no Edital de financiamento clim\u00e1tico do Reino Unido, o UK PACT do ano de 2023 e elaborado pelo Centro Brasil no Clima e pela WayCarbon, em parceria com o Governo de Minas e o\u00a0<a href=\"https:\/\/www.bdmg.mg.gov.br\/\" target=\"_blank\" rel=\"noopener\">Banco de Desenvolvimento de Minas Gerais (BDMG)<\/a>.<\/p>\n<p>A diretora do Consulado do Reino Unido em Belo Horizonte, Maria Bueno, destacou que o governo brit\u00e2nico pretende seguir colaborando com Minas Gerais na agenda clim\u00e1tica, uma vez que o objetivo em comum entre eles \u00e9 a descarboniza\u00e7\u00e3o de suas respectivas economias.<\/p>\n<p>\u201c\u00c9 um projeto que mobiliza investimentos verdes para Minas Gerais, o que representa um avan\u00e7o significativo na gest\u00e3o de projetos clim\u00e1ticos e \u00e9 um exemplo concreto do que podemos alcan\u00e7ar quando unimos for\u00e7as\u201d.<\/p>\n<p>J\u00e1 o CEO da Way Carbon, Henrique Pereira, enfatizou que uma das prioridades da empresa \u00e9 entregar ao Governo de Minas uma ferramenta capaz de agilizar processos de tomadas de decis\u00e3o e que seja capaz de mensurar impactos de determinadas pol\u00edticas ou projetos, al\u00e9m de monitorar o resultado dessas a\u00e7\u00f5es ao longo do tempo. Henrique tamb\u00e9m ressaltou a oportunidade de a funcionalidade contribuir com o financiamento de projetos sustent\u00e1veis.<\/p>\n<p>\u201cA expectativa \u00e9 que o projeto possa contribuir com a estrutura\u00e7\u00e3o de um portf\u00f3lio financi\u00e1vel, que \u00e9 o que o mercado est\u00e1 buscando. N\u00e3o falta dinheiro para a agenda clim\u00e1tica, mas faltam bons projetos e capacidade de implementa\u00e7\u00e3o\u201d.<\/p>\n<p>A parceria para a constru\u00e7\u00e3o desse instrumento inovador para a execu\u00e7\u00e3o de a\u00e7\u00f5es de enfrentamento \u00e0 crise clim\u00e1tica foi apresentada pela primeira vez no workshop Minas Day, no dia 5 de dezembro, na COP28, em Dubai, nos Emirados \u00c1rabes, pelo vice-governador de Minas Gerais, Professor Mateus, e a secret\u00e1ria de Estado de Meio Ambiente e Desenvolvimento Sustent\u00e1vel, Mar\u00edlia Melo.<\/p>\n<p><b>PLAC-MG<\/b><\/p>\n<p>O Plano Estadual de A\u00e7\u00e3o Clim\u00e1tica (PLAC) estabelece 199 metas para redu\u00e7\u00e3o de emiss\u00e3o de gases de efeito estufa e captura de carbono, para mitiga\u00e7\u00e3o e adapta\u00e7\u00e3o aos efeitos adversos do clima para o territ\u00f3rio mineiro. No PLAC foram estabelecidas ainda metas intermedi\u00e1rias a cada cinco anos.<\/p>\n<p>O Plano Estadual de A\u00e7\u00e3o Clim\u00e1tica foi desenvolvido com apoio internacional e participa\u00e7\u00e3o efetiva da sociedade civil, setor produtivo e universidades. Seu objetivo principal \u00e9 orientar o Estado em dire\u00e7\u00e3o a uma economia verde de baixo carbono, proporcionando resili\u00eancia diante das mudan\u00e7as clim\u00e1ticas e promovendo uma sociedade mais inclusiva e sustent\u00e1vel do ponto de vista socioambiental.<\/p>\n<p>Fonte: Ag\u00eancia Minas<\/p>\n","protected":false},"excerpt":{"rendered":"<p>O\u00a0Governo de Minas, por meio da\u00a0Secretaria de Estado de Meio Ambiente e Desenvolvimento Sustent\u00e1vel (Semad), lan\u00e7ou, nesta sexta-feira (19\/4), o projeto que ir\u00e1 construir a Ferramenta de Monitoramento, Reporte e Verifica\u00e7\u00e3o (MRV Clim\u00e1tico), instrumento fundamental para mensurar o avan\u00e7o sistem\u00e1tico da execu\u00e7\u00e3o do Plano Estadual de A\u00e7\u00e3o Clim\u00e1tica (PLAC). Para marcar o pontap\u00e9 inicial, uma [&hellip;]<\/p>\n","protected":false},"author":246,"featured_media":222350,"comment_status":"closed","ping_status":"closed","sticky":false,"template":"","format":"standard","meta":{"footnotes":""},"categories":[436,261,439],"tags":[],"class_list":["post-222349","post","type-post","status-publish","format-standard","has-post-thumbnail","hentry","category-destaque-da-semana","category-economia","category-ultima-hora"],"_links":{"self":[{"href":"https:\/\/diarioregionaldigital.com.br\/index.php?rest_route=\/wp\/v2\/posts\/222349","targetHints":{"allow":["GET"]}}],"collection":[{"href":"https:\/\/diarioregionaldigital.com.br\/index.php?rest_route=\/wp\/v2\/posts"}],"about":[{"href":"https:\/\/diarioregionaldigital.com.br\/index.php?rest_route=\/wp\/v2\/types\/post"}],"author":[{"embeddable":true,"href":"https:\/\/diarioregionaldigital.com.br\/index.php?rest_route=\/wp\/v2\/users\/246"}],"replies":[{"embeddable":true,"href":"https:\/\/diarioregionaldigital.com.br\/index.php?rest_route=%2Fwp%2Fv2%2Fcomments&post=222349"}],"version-history":[{"count":1,"href":"https:\/\/diarioregionaldigital.com.br\/index.php?rest_route=\/wp\/v2\/posts\/222349\/revisions"}],"predecessor-version":[{"id":222351,"href":"https:\/\/diarioregionaldigital.com.br\/index.php?rest_route=\/wp\/v2\/posts\/222349\/revisions\/222351"}],"wp:featuredmedia":[{"embeddable":true,"href":"https:\/\/diarioregionaldigital.com.br\/index.php?rest_route=\/wp\/v2\/media\/222350"}],"wp:attachment":[{"href":"https:\/\/diarioregionaldigital.com.br\/index.php?rest_route=%2Fwp%2Fv2%2Fmedia&parent=222349"}],"wp:term":[{"taxonomy":"category","embeddable":true,"href":"https:\/\/diarioregionaldigital.com.br\/index.php?rest_route=%2Fwp%2Fv2%2Fcategories&post=222349"},{"taxonomy":"post_tag","embeddable":true,"href":"https:\/\/diarioregionaldigital.com.br\/index.php?rest_route=%2Fwp%2Fv2%2Ftags&post=222349"}],"curies":[{"name":"wp","href":"https:\/\/api.w.org\/{rel}","templated":true}]}}