{"id":222346,"date":"2024-04-19T18:37:12","date_gmt":"2024-04-19T21:37:12","guid":{"rendered":"https:\/\/diarioregionaldigital.com.br\/?p=222346"},"modified":"2024-04-19T18:37:12","modified_gmt":"2024-04-19T21:37:12","slug":"governo-apresenta-projeto-inovador-para-a-administracao-publica-em-forum-nacional","status":"publish","type":"post","link":"https:\/\/diarioregionaldigital.com.br\/?p=222346","title":{"rendered":"Governo apresenta projeto inovador para a administra\u00e7\u00e3o p\u00fablica em f\u00f3rum nacional"},"content":{"rendered":"<p>Como o uso de rob\u00f4s e a intelig\u00eancia artificial podem ser usados para otimizar procedimentos de governo? \u00c9 essa iniciativa que a\u00a0<a href=\"https:\/\/www.mg.gov.br\/planejamento\" target=\"_blank\" rel=\"noopener\">Secretaria de Estado de Planejamento e Gest\u00e3o (Seplag-MG)<\/a>\u00a0apresentou, quinta-feira (18\/4), em painel sobre o Automatiza.MG, no 128\u00ba F\u00f3rum do Conselho Nacional de Secret\u00e1rios de Estado da Administra\u00e7\u00e3o (Consad). O projeto foi lan\u00e7ado pelo\u00a0<a href=\"https:\/\/www.mg.gov.br\/\" target=\"_blank\" rel=\"noopener\">Governo de Minas<\/a>\u00a0neste m\u00eas.<\/p>\n<p>A apresenta\u00e7\u00e3o foi feita pela subsecret\u00e1ria de Inova\u00e7\u00e3o e Gest\u00e3o da Seplag-MG, Camila Neves, em um painel que teve como t\u00edtulo \u201cAutomatiza.MG &#8211; uso de rob\u00f4s e IA na otimiza\u00e7\u00e3o de processos de governo\u201d. Com v\u00e1rios exemplos pr\u00e1ticos, Camila Neves demonstrou como o projeto j\u00e1 tem beneficiado muito o Governo de Minas.<\/p>\n<p>\u201cMuitos servidores perdem tempo com tarefas para solucionar problemas burocr\u00e1ticos e repetitivos. Come\u00e7amos, ent\u00e3o, a buscar formas que facilitassem o trabalho e beneficiassem ainda mais o cidad\u00e3o mineiro. Encontramos no uso da automatiza\u00e7\u00e3o, na intelig\u00eancia artificial e em outras tend\u00eancias de tecnologia formas de simplificar alguns processos, poupando tempo e recursos do Estado\u201d afirma Camila.<\/p>\n<p>O projeto foi elogiado por v\u00e1rios gestores de outros estados, inclusive pelo Minist\u00e9rio da Gest\u00e3o e da Inova\u00e7\u00e3o em Servi\u00e7os P\u00fablicos (MGI). Muitos \u00f3rg\u00e3os fizeram perguntas sobre o sistema e tamb\u00e9m solicitaram o acesso e ajuda na implementa\u00e7\u00e3o em seus trabalhos.<\/p>\n<p>O Automatiza.MG funciona como um assistente digital que executa tarefas, liberando as pessoas para atividades mais criativas e estrat\u00e9gicas. Por meio dele, preenchimentos de sistemas, analises de processos, emiss\u00e3o de pareceres, relat\u00f3rios e memorandos poderiam ser automatizados e conclu\u00eddos de forma mais r\u00e1pida.<\/p>\n<p><strong>Automatiza.MG na pr\u00e1tica<\/strong><\/p>\n<p>Na apresenta\u00e7\u00e3o, Camila Neves demonstrou como alguns comandos criados pelo Automatiza.MG j\u00e1 otimizam o trabalho no servi\u00e7o p\u00fablico. Em um dos exemplos, a ferramenta produziu, em aproximadamente dois minutos, 53 relat\u00f3rios de institui\u00e7\u00f5es diferentes.<\/p>\n<p>Outra simula\u00e7\u00e3o foi de confer\u00eancia de documentos. No processo com o power automate, foram gastos 3 minutos e 20 segundos, enquanto o processo manual demandou mais de sete minutos.<\/p>\n<p>At\u00e9 o momento, o Automatiza.MG j\u00e1 capacitou 298 servidores, reduziu 372 horas de trabalho por m\u00eas, al\u00e9m de ter viabilizado a economia de 1,3 milh\u00f5es de reais.<\/p>\n<p><strong>Consad<\/strong><\/p>\n<p>O Consad \u00e9 uma entidade de direito privado, sem fins lucrativos, que re\u00fane representantes de todos os estados brasileiros e do Distrito Federal. O objetivo \u00e9 promover a melhoria da gest\u00e3o p\u00fablica nacional para gerar bem-estar e desenvolvimento.<\/p>\n<p>A Seplag-MG tamb\u00e9m est\u00e1 representada por gestores de outras subsecretarias da pasta na 128\u00aa edi\u00e7\u00e3o do F\u00f3rum. S\u00e3o promovidos encontros peri\u00f3dicos para troca de experi\u00eancias e busca de solu\u00e7\u00f5es criativas para o aperfei\u00e7oamento da gest\u00e3o p\u00fablica no Brasil.<\/p>\n<p>Fonte: Ag\u00eancia Minas<\/p>\n","protected":false},"excerpt":{"rendered":"<p>Como o uso de rob\u00f4s e a intelig\u00eancia artificial podem ser usados para otimizar procedimentos de governo? \u00c9 essa iniciativa que a\u00a0Secretaria de Estado de Planejamento e Gest\u00e3o (Seplag-MG)\u00a0apresentou, quinta-feira (18\/4), em painel sobre o Automatiza.MG, no 128\u00ba F\u00f3rum do Conselho Nacional de Secret\u00e1rios de Estado da Administra\u00e7\u00e3o (Consad). O projeto foi lan\u00e7ado pelo\u00a0Governo de [&hellip;]<\/p>\n","protected":false},"author":246,"featured_media":222347,"comment_status":"closed","ping_status":"closed","sticky":false,"template":"","format":"standard","meta":{"footnotes":""},"categories":[436,440,261,252,439],"tags":[],"class_list":["post-222346","post","type-post","status-publish","format-standard","has-post-thumbnail","hentry","category-destaque-da-semana","category-destaques-do-dia","category-economia","category-regiao","category-ultima-hora"],"_links":{"self":[{"href":"https:\/\/diarioregionaldigital.com.br\/index.php?rest_route=\/wp\/v2\/posts\/222346","targetHints":{"allow":["GET"]}}],"collection":[{"href":"https:\/\/diarioregionaldigital.com.br\/index.php?rest_route=\/wp\/v2\/posts"}],"about":[{"href":"https:\/\/diarioregionaldigital.com.br\/index.php?rest_route=\/wp\/v2\/types\/post"}],"author":[{"embeddable":true,"href":"https:\/\/diarioregionaldigital.com.br\/index.php?rest_route=\/wp\/v2\/users\/246"}],"replies":[{"embeddable":true,"href":"https:\/\/diarioregionaldigital.com.br\/index.php?rest_route=%2Fwp%2Fv2%2Fcomments&post=222346"}],"version-history":[{"count":1,"href":"https:\/\/diarioregionaldigital.com.br\/index.php?rest_route=\/wp\/v2\/posts\/222346\/revisions"}],"predecessor-version":[{"id":222348,"href":"https:\/\/diarioregionaldigital.com.br\/index.php?rest_route=\/wp\/v2\/posts\/222346\/revisions\/222348"}],"wp:featuredmedia":[{"embeddable":true,"href":"https:\/\/diarioregionaldigital.com.br\/index.php?rest_route=\/wp\/v2\/media\/222347"}],"wp:attachment":[{"href":"https:\/\/diarioregionaldigital.com.br\/index.php?rest_route=%2Fwp%2Fv2%2Fmedia&parent=222346"}],"wp:term":[{"taxonomy":"category","embeddable":true,"href":"https:\/\/diarioregionaldigital.com.br\/index.php?rest_route=%2Fwp%2Fv2%2Fcategories&post=222346"},{"taxonomy":"post_tag","embeddable":true,"href":"https:\/\/diarioregionaldigital.com.br\/index.php?rest_route=%2Fwp%2Fv2%2Ftags&post=222346"}],"curies":[{"name":"wp","href":"https:\/\/api.w.org\/{rel}","templated":true}]}}