{"id":222268,"date":"2024-04-18T20:25:14","date_gmt":"2024-04-18T23:25:14","guid":{"rendered":"https:\/\/diarioregionaldigital.com.br\/?p=222268"},"modified":"2024-04-18T20:25:14","modified_gmt":"2024-04-18T23:25:14","slug":"tecnico-petrovic-retorna-a-selecao-de-basquete-com-equipe-experiente","status":"publish","type":"post","link":"https:\/\/diarioregionaldigital.com.br\/?p=222268","title":{"rendered":"T\u00e9cnico Petrovic retorna \u00e0 sele\u00e7\u00e3o de basquete com equipe experiente"},"content":{"rendered":"<p>O t\u00e9cnico croata Aleksander Petrovic, de 65 anos, est\u00e1 de volta \u00e0 sele\u00e7\u00e3o brasileira masculina de basquete, ap\u00f3s um hiato de dois anos e sete meses. Ele assumir\u00e1 o comando da equipe, um dia depois da sa\u00edda de Gustavo Conti. O principal desafio de Petrovic ser\u00e1 preparar a sele\u00e7\u00e3o para garantir presen\u00e7a nos Jogos de Paris, no \u00faltimo torneio classificat\u00f3rio antes do evento: o Pr\u00e9-Ol\u00edmpico em Riga (Let\u00f4nia), no per\u00edodo de 2 a 7 de julho.<\/p>\n<p>O treinador croata contar\u00e1 com auxiliares t\u00e9cnicos experientes tanto dentro quanto fora de quadra: Tiago Splitter, auxiliar no Houston Rockets, da NBA (Estados Unidos),), Bruno Savignani, t\u00e9cnico do B\u00e9tis (Espanha), Helinho Garcia (Sesi-Franca) e Dem\u00e9trius Ferracci\u00fa (Paulistano). Em mar\u00e7o,\u00a0<a href=\"https:\/\/twitter.com\/basquetebrasil\/status\/1775141752912945184\"><strong>Savignani foi eleito o melhor treinador da LEB ORO<\/strong><\/a>\u00a0(Liga de Baquete da Espanha).<\/p>\n<blockquote><p>\u201cEstou muito feliz de retornar ao comando da sele\u00e7\u00e3o brasileira. Agora \u00e9 focar no Pr\u00e9-Ol\u00edmpico da Let\u00f4nia em busca da vaga ol\u00edmpica para Paris\u201d, projetou Petrovic, em declara\u00e7\u00e3o \u00e0 Confedera\u00e7\u00e3o Brasileira de Basquete (CBB).<\/p><\/blockquote>\n<p>No Pr\u00e9-Ol\u00edmpico da Let\u00f4nia,\u00a0em julho,\u00a0o Brasil enfrentar\u00e1 Camar\u00f5es e Montenegro na primeira fase. Em caso de classifica\u00e7\u00e3o \u00e0s semifinais, a sele\u00e7\u00e3o ter\u00e1 pela frente Let\u00f4nia, Filipinas ou Ge\u00f3rgia. Apenas o campe\u00e3o do Pr\u00e9-Ol\u00edmpico carimbar\u00e1 a vaga a Paris.<\/p>\n<p>A primeira passagem de Petrovic pela sele\u00e7\u00e3o come\u00e7ou em 2017 e foi at\u00e9 setembro de 2021, quando o\u00a0<a href=\"https:\/\/agenciabrasil.ebc.com.br\/esportes\/noticia\/2021-09\/aleksandar-petrovic-deixa-comando-tecnico-da-selecao-de-basquete\"><strong>t\u00e9cnico pediu demiss\u00e3o<\/strong><\/a>, quase dois meses ap\u00f3s o Brasil dar adeus \u00e0 vaga nos \u00a0Jogos de T\u00f3quio: a sele\u00e7\u00e3o foi superada pela Alemanha (75 a 64) na final do Pr\u00e9-Ol\u00edmpico de Split (Cro\u00e1cia). Ao longo do per\u00edodo, o treinador\u00a0lan\u00e7ou na sele\u00e7\u00e3o atletas como Yago, Gui Santos e Didi, nomes de destaque no cen\u00e1rio internacional (Euroliga, Eurocup e NBA).<\/p>\n<p>Fonte: Ag\u00eancia Brasil<\/p>\n","protected":false},"excerpt":{"rendered":"<p>O t\u00e9cnico croata Aleksander Petrovic, de 65 anos, est\u00e1 de volta \u00e0 sele\u00e7\u00e3o brasileira masculina de basquete, ap\u00f3s um hiato de dois anos e sete meses. Ele assumir\u00e1 o comando da equipe, um dia depois da sa\u00edda de Gustavo Conti. O principal desafio de Petrovic ser\u00e1 preparar a sele\u00e7\u00e3o para garantir presen\u00e7a nos Jogos de [&hellip;]<\/p>\n","protected":false},"author":246,"featured_media":222269,"comment_status":"closed","ping_status":"closed","sticky":false,"template":"","format":"standard","meta":{"footnotes":""},"categories":[436,440,257,439],"tags":[],"class_list":["post-222268","post","type-post","status-publish","format-standard","has-post-thumbnail","hentry","category-destaque-da-semana","category-destaques-do-dia","category-esporte","category-ultima-hora"],"_links":{"self":[{"href":"https:\/\/diarioregionaldigital.com.br\/index.php?rest_route=\/wp\/v2\/posts\/222268","targetHints":{"allow":["GET"]}}],"collection":[{"href":"https:\/\/diarioregionaldigital.com.br\/index.php?rest_route=\/wp\/v2\/posts"}],"about":[{"href":"https:\/\/diarioregionaldigital.com.br\/index.php?rest_route=\/wp\/v2\/types\/post"}],"author":[{"embeddable":true,"href":"https:\/\/diarioregionaldigital.com.br\/index.php?rest_route=\/wp\/v2\/users\/246"}],"replies":[{"embeddable":true,"href":"https:\/\/diarioregionaldigital.com.br\/index.php?rest_route=%2Fwp%2Fv2%2Fcomments&post=222268"}],"version-history":[{"count":1,"href":"https:\/\/diarioregionaldigital.com.br\/index.php?rest_route=\/wp\/v2\/posts\/222268\/revisions"}],"predecessor-version":[{"id":222270,"href":"https:\/\/diarioregionaldigital.com.br\/index.php?rest_route=\/wp\/v2\/posts\/222268\/revisions\/222270"}],"wp:featuredmedia":[{"embeddable":true,"href":"https:\/\/diarioregionaldigital.com.br\/index.php?rest_route=\/wp\/v2\/media\/222269"}],"wp:attachment":[{"href":"https:\/\/diarioregionaldigital.com.br\/index.php?rest_route=%2Fwp%2Fv2%2Fmedia&parent=222268"}],"wp:term":[{"taxonomy":"category","embeddable":true,"href":"https:\/\/diarioregionaldigital.com.br\/index.php?rest_route=%2Fwp%2Fv2%2Fcategories&post=222268"},{"taxonomy":"post_tag","embeddable":true,"href":"https:\/\/diarioregionaldigital.com.br\/index.php?rest_route=%2Fwp%2Fv2%2Ftags&post=222268"}],"curies":[{"name":"wp","href":"https:\/\/api.w.org\/{rel}","templated":true}]}}