{"id":222230,"date":"2024-04-05T17:17:11","date_gmt":"2024-04-05T20:17:11","guid":{"rendered":"https:\/\/diarioregionaldigital.com.br\/?p=222230"},"modified":"2024-04-16T17:17:59","modified_gmt":"2024-04-16T20:17:59","slug":"perguntas-razoaveis-sobre-a-bondade-de-deus","status":"publish","type":"post","link":"https:\/\/diarioregionaldigital.com.br\/?p=222230","title":{"rendered":"Perguntas razo\u00e1veis sobre a bondade de Deus"},"content":{"rendered":"<p>Salmos 107: 20. Enviou a sua palavra, e os sarou, e os livrou da sua destrui\u00e7\u00e3o. &#8211; \u00a0B\u00edblia ARC<\/p>\n<p>&nbsp;<\/p>\n<p>A Palavra de Deus realiza milagres e maravilhas, ela cura e salva.<\/p>\n<p>&nbsp;<\/p>\n<p>A B\u00edblia nos ensina que o Pai \u00e9 bom (Sl 100.5), a Sua vontade \u00e9 boa, perfeita e agrad\u00e1vel (Rm 12.2). Ele deseja que sejamos felizes, pois nos criou para sermos pessoas completas (Gn 1.31).<\/p>\n<p>&nbsp;<\/p>\n<p>Sendo assim, n\u00e3o devemos errar achando que existe prop\u00f3sito na doen\u00e7a ou castigo na condena\u00e7\u00e3o. Nada disso! De Deus s\u00f3 v\u00eam coisas boas (Tg 1.17).<\/p>\n<p>&nbsp;<\/p>\n<p>Por isso, apesar de sermos culpados pela nossa condi\u00e7\u00e3o de pecadores, que traz sobre n\u00f3s as maldi\u00e7\u00f5es de satan\u00e1s, Deus nos livra e guarda.<\/p>\n<p>&nbsp;<\/p>\n<p>A doen\u00e7a n\u00e3o \u00e9 de Deus, por isso Deus cura.<\/p>\n<p>O inferno n\u00e3o deve ser o destino do ser humano, por isso, Deus nos salva.<\/p>\n<p>&nbsp;<\/p>\n<p>Tais opera\u00e7\u00f5es s\u00e3o explicadas na Palavra e \u00e9 compreendendo a Palavra que somos aperfei\u00e7oados para nos revestirmos com as b\u00ean\u00e7\u00e3os da sa\u00fade e da salva\u00e7\u00e3o.<\/p>\n<p>&nbsp;<\/p>\n<p>Sabendo disso, vamos ponderar algumas perguntas razo\u00e1veis acerca da bondade de Deus.<\/p>\n<p>&nbsp;<\/p>\n<p>Porque o Senhor \u00e9 bom, e eterna, a sua miseric\u00f3rdia; e a sua verdade estende-se de gera\u00e7\u00e3o a gera\u00e7\u00e3o (Salmos 100: 5).<\/p>\n<p>&nbsp;<\/p>\n<p>Deus \u00e9 bom, 100% bom, Ele \u00e9 o pr\u00f3prio conceito de bem. N\u00e3o h\u00e1 nada em Deus que remeta a maldade e aos seus cognatos ou efeitos: infelicidade, dor, desespero, doen\u00e7a, morte,\u2026 nada disso faz parte da obra de Deus.<\/p>\n<p>&nbsp;<\/p>\n<p>A vontade de Deus \u00e9 boa, indiscutivelmente boa:<\/p>\n<p>&nbsp;<\/p>\n<p>\u201cE n\u00e3o vos conformeis com este mundo, mas transformai-vos pela renova\u00e7\u00e3o do vosso entendimento, para que experimenteis qual seja a boa, agrad\u00e1vel e perfeita vontade de Deus\u201d (Romanos 12: 2).<\/p>\n<p>&nbsp;<\/p>\n<p>Mas podemos pensar em um questionamento leg\u00edtimo: se Deus \u00e9 todo poderoso, n\u00e3o ser\u00e1 ele o autor do mal? A resposta \u00e9: n\u00e3o! Deus n\u00e3o faz o que n\u00e3o harmoniza com o Seu pr\u00f3prio Ser. A obra de Deus expressa a ess\u00eancia do Eterno, ela \u00e9 boa, porque Ele \u00e9 bom:<\/p>\n<p>&nbsp;<\/p>\n<p>\u201cE viu Deus tudo quanto tinha feito, e eis que era muito bom; e foi a tarde e a manh\u00e3: o dia sexto\u201d (G\u00eanesis 1: 31).<\/p>\n<p>&nbsp;<\/p>\n<p>Veja como Jesus enfatiza a bondade do Pai no trecho abaixo de Mateus 19: 16, 17:<\/p>\n<p>&nbsp;<\/p>\n<p>\u201cE eis que, aproximando-se dele um jovem, disse-lhe: Bom Mestre, que bem farei, para conseguir a vida eterna? E ele disse-lhe: Por que me chamas bom? N\u00e3o h\u00e1 bom, sen\u00e3o um s\u00f3 que \u00e9 Deus. Se queres, por\u00e9m, entrar na vida, guarda os mandamentos\u201d.<\/p>\n<p>&nbsp;<\/p>\n<p>Jesus enfatiza de tal modo a bondade do Pai que n\u00e3o admite ele pr\u00f3prio ser chamado \u201cbom\u201d. Isso porque tudo o que \u00e9 bom no mundo \u00e9 uma c\u00f3pia da bondade verdadeira que est\u00e1 no Senhor.<\/p>\n<p>&nbsp;<\/p>\n<p>De Deus n\u00e3o procede nada ruim:<\/p>\n<p>&nbsp;<\/p>\n<p>\u201cNingu\u00e9m, sendo tentado, diga: De Deus sou tentado; porque Deus n\u00e3o pode ser tentado pelo mal e a ningu\u00e9m tenta\u201d (Tiago 1: 13).<\/p>\n<p>&nbsp;<\/p>\n<p>Tudo que \u00e9 dEle \u00e9 bom, o que vem dEle \u00e9 igualmente bom:<\/p>\n<p>&nbsp;<\/p>\n<p>\u201cToda boa d\u00e1diva e todo dom perfeito v\u00eam do alto, descendo do Pai das luzes, em quem n\u00e3o h\u00e1 mudan\u00e7a, nem sombra de varia\u00e7\u00e3o\u201d (Tiago 1: 17).<\/p>\n<p>&nbsp;<\/p>\n<p>Tais afirma\u00e7\u00f5es enseja uma segunda d\u00favida leg\u00edtima: se Deus n\u00e3o criou o mal, por que o mal existe?<\/p>\n<p>&nbsp;<\/p>\n<p>Devemos entender que Deus opera criando, mas que existe o espa\u00e7o em que Ele decide soberanamente n\u00e3o agir. A melhor forma de compreender isso \u00e9 pensar na rela\u00e7\u00e3o entre luz e trevas.<\/p>\n<p>&nbsp;<\/p>\n<p>As trevas n\u00e3o s\u00e3o algo mas a aus\u00eancia de algo. As trevas s\u00e3o a aus\u00eancia de luz, onde a luz n\u00e3o se propaga, as sombras dominam. Mas quando a luz chega ela triunfa, aplaca a escurid\u00e3o e imp\u00f5e-se iluminando o que antes estava apagado.<\/p>\n<p>&nbsp;<\/p>\n<p>A luz \u00e9 o bem, as trevas representam o mal.<\/p>\n<p>Deus \u00e9 o bem, representado pela luz: onde Deus est\u00e1, a luz ilumina e se propaga, mostrando que onde Deus se faz presente, o mal \u00e9 eliminado:<\/p>\n<p>&nbsp;<\/p>\n<p>\u201cEle revela o profundo e o escondido e conhece o que est\u00e1 em trevas; e com ele mora a luz\u201d(Daniel 2: 22).<\/p>\n<p>&nbsp;<\/p>\n<p>Deus permite que haja aus\u00eancia de Deus para que compreendamos pelo contraste a bondade que Ele \u00c9.<\/p>\n<p>&nbsp;<\/p>\n<p>O Filho \u00e9 a imagem do Pai: Luz!<\/p>\n<p>&nbsp;<\/p>\n<p>\u201ce a luz resplandece nas trevas, e as trevas n\u00e3o a compreenderam\u201d (Jo\u00e3o 1: 5).<\/p>\n<p>&nbsp;<\/p>\n<p>O mau \u00e9 a aus\u00eancia de Deus, simples assim:<\/p>\n<p>Hebreus 3: 12. Vede, irm\u00e3os, que nunca haja em qualquer de v\u00f3s um cora\u00e7\u00e3o mau e infiel, para se apartar do Deus vivo.<\/p>\n<p>&nbsp;<\/p>\n<p>Mas Deus nos deu liberdade para escolher, de maneira que devemos ter uma escolha que fuja \u00e0 presen\u00e7a dele. Do contr\u00e1rio, n\u00e3o poder\u00edamos escolher genuinamente.<\/p>\n<p>&nbsp;<\/p>\n<p>E ordenou o Senhor Deus ao homem, dizendo: De toda \u00e1rvore do jardim comer\u00e1s livremente, mas da \u00e1rvore da ci\u00eancia do bem e do mal, dela n\u00e3o comer\u00e1s; porque, no dia em que dela comeres, certamente morrer\u00e1s (G\u00eanesis 2: 16, 17).<\/p>\n<p>&nbsp;<\/p>\n<p>&nbsp;<\/p>\n","protected":false},"excerpt":{"rendered":"<p>Salmos 107: 20. Enviou a sua palavra, e os sarou, e os livrou da sua destrui\u00e7\u00e3o. &#8211; \u00a0B\u00edblia ARC &nbsp; A Palavra de Deus realiza milagres e maravilhas, ela cura e salva. &nbsp; A B\u00edblia nos ensina que o Pai \u00e9 bom (Sl 100.5), a Sua vontade \u00e9 boa, perfeita e agrad\u00e1vel (Rm 12.2). Ele [&hellip;]<\/p>\n","protected":false},"author":246,"featured_media":0,"comment_status":"closed","ping_status":"closed","sticky":false,"template":"","format":"standard","meta":{"footnotes":""},"categories":[1244],"tags":[],"class_list":["post-222230","post","type-post","status-publish","format-standard","hentry","category-oleg-abramov"],"_links":{"self":[{"href":"https:\/\/diarioregionaldigital.com.br\/index.php?rest_route=\/wp\/v2\/posts\/222230","targetHints":{"allow":["GET"]}}],"collection":[{"href":"https:\/\/diarioregionaldigital.com.br\/index.php?rest_route=\/wp\/v2\/posts"}],"about":[{"href":"https:\/\/diarioregionaldigital.com.br\/index.php?rest_route=\/wp\/v2\/types\/post"}],"author":[{"embeddable":true,"href":"https:\/\/diarioregionaldigital.com.br\/index.php?rest_route=\/wp\/v2\/users\/246"}],"replies":[{"embeddable":true,"href":"https:\/\/diarioregionaldigital.com.br\/index.php?rest_route=%2Fwp%2Fv2%2Fcomments&post=222230"}],"version-history":[{"count":1,"href":"https:\/\/diarioregionaldigital.com.br\/index.php?rest_route=\/wp\/v2\/posts\/222230\/revisions"}],"predecessor-version":[{"id":222231,"href":"https:\/\/diarioregionaldigital.com.br\/index.php?rest_route=\/wp\/v2\/posts\/222230\/revisions\/222231"}],"wp:attachment":[{"href":"https:\/\/diarioregionaldigital.com.br\/index.php?rest_route=%2Fwp%2Fv2%2Fmedia&parent=222230"}],"wp:term":[{"taxonomy":"category","embeddable":true,"href":"https:\/\/diarioregionaldigital.com.br\/index.php?rest_route=%2Fwp%2Fv2%2Fcategories&post=222230"},{"taxonomy":"post_tag","embeddable":true,"href":"https:\/\/diarioregionaldigital.com.br\/index.php?rest_route=%2Fwp%2Fv2%2Ftags&post=222230"}],"curies":[{"name":"wp","href":"https:\/\/api.w.org\/{rel}","templated":true}]}}