{"id":222228,"date":"2024-03-21T17:15:09","date_gmt":"2024-03-21T20:15:09","guid":{"rendered":"https:\/\/diarioregionaldigital.com.br\/?p=222228"},"modified":"2024-04-16T17:16:50","modified_gmt":"2024-04-16T20:16:50","slug":"a-humilhacao-dos-que-negam-a-deus","status":"publish","type":"post","link":"https:\/\/diarioregionaldigital.com.br\/?p=222228","title":{"rendered":"A humilha\u00e7\u00e3o dos que negam a Deus"},"content":{"rendered":"<p>\u201cDisse o n\u00e9scio no seu cora\u00e7\u00e3o: N\u00e3o h\u00e1 Deus. T\u00eam-se corrompido e t\u00eam cometido abomin\u00e1vel iniquidade; n\u00e3o h\u00e1 ningu\u00e9m que fa\u00e7a o bem\u201d (Salmos 53: 1).<\/p>\n<p>&nbsp;<\/p>\n<p>O paradigma cient\u00edfico naturalista\/materialista tenta encontrar explica\u00e7\u00f5es para os temas da realidade afirmando n\u00e3o haver Deus. O que tem conseguido? Vergonha!<\/p>\n<p>&nbsp;<\/p>\n<p>\u201cDeus olhou desde os c\u00e9us para os filhos dos homens, para ver se havia algum que tivesse entendimento e buscasse a Deus\u201d (Salmos 53: 2).<\/p>\n<p>&nbsp;<\/p>\n<p>A cada passo dado no progresso intelectual, a cada nova descoberta levantada, fica claro que n\u00e3o faz o menor sentido atribuir a exist\u00eancia ao mero acaso ou a processos n\u00e3o controlados, n\u00e3o decididos, n\u00e3o organizados por um mente superior e criativa.<\/p>\n<p>&nbsp;<\/p>\n<p>Ao contr\u00e1rio, as evid\u00eancias apontam para um Deus que tudo criou, para o nosso Deus Todo-Poderoso.<\/p>\n<p>&nbsp;<\/p>\n<p>Mas por que os livros did\u00e1ticos falam diferente? Porque o que est\u00e1 em jogo n\u00e3o \u00e9 a boa ci\u00eancia, mas a ideologia.<\/p>\n<p>&nbsp;<\/p>\n<p>O dilema tem sido o seguinte: se o problema de crer em Deus \u00e9 a incapacidade de prov\u00e1-lo, como admitir uma teoria alternativa igualmente n\u00e3o provada? Ora, quem cr\u00ea em Deus n\u00e3o tem a pretens\u00e3o de prov\u00e1-lo, mas quem o nega, o faz exigindo uma explica\u00e7\u00e3o alternativa que possa ser comprovada. Logo, quem nega Deus por falta de provas deve apresentar uma explica\u00e7\u00e3o alternativa sustentada em provas. At\u00e9 aqui conseguiram fazer isso? N\u00e3o! Quem provou algo sobre as origens c\u00f3smicas ou biol\u00f3gicas de costas para Deus? Ningu\u00e9m!<\/p>\n<p>&nbsp;<\/p>\n<p>Dizem que a religi\u00e3o \u00e9 uma inven\u00e7\u00e3o, mas tudo o que tentam colocar no lugar de Deus \u00e9 ridiculamente faccioso: teoria das cordas, multiverso, \u2026 cada modelo mais fantasioso do que o outro. Cada um mais descabido que o outro e todos igualmente carentes de provas.<\/p>\n<p>&nbsp;<\/p>\n<p>O que conseguiram at\u00e9 aqui? Humilha\u00e7\u00e3o!<\/p>\n<p>&nbsp;<\/p>\n<p>O prop\u00f3sito do paradigma n\u00e3o \u00e9 cultivar mentes livres, mas controlar o pensamento. Jogar ci\u00eancia contra a f\u00e9 faz parte do processo de negar a raz\u00e3o em nome da raz\u00e3o. Ou seja, de tornar a raz\u00e3o um objeto de culto religioso, uma poderosa arma de controle para um novo tipo de sacerd\u00f3cio, completamente liberto de qualquer moral transcendente.<\/p>\n<p>&nbsp;<\/p>\n<p>O resultado est\u00e1 a\u00ed. A humanidade se torna menos humana na medida em que cultua mais o pr\u00f3prio ser humano.<\/p>\n<p>&nbsp;<\/p>\n<p>\u201cDesviaram-se todos e juntamente se fizeram imundos; n\u00e3o h\u00e1 quem fa\u00e7a o bem, n\u00e3o h\u00e1 sequer um\u201d (Salmos 53: 3).<\/p>\n<p>&nbsp;<\/p>\n<p>Colocaram a criatura no lugar do Criador, mas n\u00e3o conseguem sustentar a sua decis\u00e3o. Declararam: Deus est\u00e1 morto! Por\u00e9m, n\u00e3o conseguiram cessar os milagres, n\u00e3o conseguiram calar as ora\u00e7\u00f5es, n\u00e3o conseguiram fechar os templos, embora venham tentando, tentando, tentando,\u2026<\/p>\n<p>&nbsp;<\/p>\n<p>\u201cAcaso n\u00e3o t\u00eam conhecimento estes obreiros da iniquidade, os quais comem o meu povo como se comessem p\u00e3o? Eles n\u00e3o invocam a Deus\u201d (Salmos 53: 4).<\/p>\n<p>&nbsp;<\/p>\n<p>E quanto mais estudamos sem as amarras do paradigma, mais luz \u00e9 jogada sobre as pistas que apontam para Deus, envergonhando aqueles que insistem em neg\u00e1-lo.<\/p>\n<p>&nbsp;<\/p>\n<p>\u201cEis que se acharam em grande temor, onde temor n\u00e3o havia, porque Deus espalhou os ossos daquele que te cercava; tu os confundiste, porque Deus os rejeitou. Oh! Se de Si\u00e3o j\u00e1 viesse a salva\u00e7\u00e3o de Israel! Quando Deus fizer voltar os cativos do seu povo, ent\u00e3o, se regozijar\u00e1 Jac\u00f3 e se alegrar\u00e1 Israel\u201d (Salmos 53: 5, 6).<\/p>\n<p>&nbsp;<\/p>\n","protected":false},"excerpt":{"rendered":"<p>\u201cDisse o n\u00e9scio no seu cora\u00e7\u00e3o: N\u00e3o h\u00e1 Deus. T\u00eam-se corrompido e t\u00eam cometido abomin\u00e1vel iniquidade; n\u00e3o h\u00e1 ningu\u00e9m que fa\u00e7a o bem\u201d (Salmos 53: 1). &nbsp; O paradigma cient\u00edfico naturalista\/materialista tenta encontrar explica\u00e7\u00f5es para os temas da realidade afirmando n\u00e3o haver Deus. O que tem conseguido? Vergonha! &nbsp; \u201cDeus olhou desde os c\u00e9us para [&hellip;]<\/p>\n","protected":false},"author":246,"featured_media":0,"comment_status":"closed","ping_status":"closed","sticky":false,"template":"","format":"standard","meta":{"footnotes":""},"categories":[1244],"tags":[],"class_list":["post-222228","post","type-post","status-publish","format-standard","hentry","category-oleg-abramov"],"_links":{"self":[{"href":"https:\/\/diarioregionaldigital.com.br\/index.php?rest_route=\/wp\/v2\/posts\/222228","targetHints":{"allow":["GET"]}}],"collection":[{"href":"https:\/\/diarioregionaldigital.com.br\/index.php?rest_route=\/wp\/v2\/posts"}],"about":[{"href":"https:\/\/diarioregionaldigital.com.br\/index.php?rest_route=\/wp\/v2\/types\/post"}],"author":[{"embeddable":true,"href":"https:\/\/diarioregionaldigital.com.br\/index.php?rest_route=\/wp\/v2\/users\/246"}],"replies":[{"embeddable":true,"href":"https:\/\/diarioregionaldigital.com.br\/index.php?rest_route=%2Fwp%2Fv2%2Fcomments&post=222228"}],"version-history":[{"count":1,"href":"https:\/\/diarioregionaldigital.com.br\/index.php?rest_route=\/wp\/v2\/posts\/222228\/revisions"}],"predecessor-version":[{"id":222229,"href":"https:\/\/diarioregionaldigital.com.br\/index.php?rest_route=\/wp\/v2\/posts\/222228\/revisions\/222229"}],"wp:attachment":[{"href":"https:\/\/diarioregionaldigital.com.br\/index.php?rest_route=%2Fwp%2Fv2%2Fmedia&parent=222228"}],"wp:term":[{"taxonomy":"category","embeddable":true,"href":"https:\/\/diarioregionaldigital.com.br\/index.php?rest_route=%2Fwp%2Fv2%2Fcategories&post=222228"},{"taxonomy":"post_tag","embeddable":true,"href":"https:\/\/diarioregionaldigital.com.br\/index.php?rest_route=%2Fwp%2Fv2%2Ftags&post=222228"}],"curies":[{"name":"wp","href":"https:\/\/api.w.org\/{rel}","templated":true}]}}