{"id":222218,"date":"2024-04-16T00:19:45","date_gmt":"2024-04-16T03:19:45","guid":{"rendered":"https:\/\/diarioregionaldigital.com.br\/?p=222218"},"modified":"2024-04-16T00:19:45","modified_gmt":"2024-04-16T03:19:45","slug":"extrato-de-contrato-027-16-04-2024","status":"publish","type":"post","link":"https:\/\/diarioregionaldigital.com.br\/?p=222218","title":{"rendered":"EXTRATO DE CONTRATO 027 &#8211; 16\/04\/2024"},"content":{"rendered":"<p class=\"s2\" style=\"text-align: center;\"><span class=\"s3\"><span class=\"bumpedFont17\">EXTRATO DE CONTRATO<\/span><\/span><\/p>\n<p class=\"s2\" style=\"text-align: center;\">\n<p class=\"s4\" style=\"text-align: center;\"><span class=\"s3\"><span class=\"bumpedFont17\">Pref. Municipal de Descoberto x<\/span><\/span> <span class=\"s3\"><span class=\"bumpedFont17\">M4 Consultoria LTDA <\/span><\/span><span class=\"s3\"><span class=\"bumpedFont17\">&#8211; Objeto: <\/span><\/span><span class=\"s3\"><span class=\"bumpedFont17\">Contrata\u00e7\u00e3o de empresa para organiza\u00e7\u00e3o de campeonato<\/span><\/span> <span class=\"s3\"><span class=\"bumpedFont17\">municipal de futsal 2024 de Descoberto\/MG<\/span><\/span><span class=\"s3\"><span class=\"bumpedFont17\">&#8211; <\/span><\/span><span class=\"s3\"><span class=\"bumpedFont17\">Fundamento:<\/span><\/span> <span class=\"s3\"><span class=\"bumpedFont17\">Preg\u00e3o Presencial<\/span><\/span> <span class=\"s3\"><span class=\"bumpedFont17\">n\u00ba <\/span><\/span><span class=\"s3\"><span class=\"bumpedFont17\">0<\/span><\/span><span class=\"s3\"><span class=\"bumpedFont17\">08<\/span><\/span><span class=\"s3\"><span class=\"bumpedFont17\">\/<\/span><\/span><span class=\"s3\"><span class=\"bumpedFont17\">2024<\/span><\/span> <span class=\"s3\"><span class=\"bumpedFont17\">&#8211; <\/span><\/span><span class=\"s3\"><span class=\"bumpedFont17\">Valor Global: <\/span><\/span><span class=\"s3\"><span class=\"bumpedFont17\">R$<\/span><\/span><span class=\"s3\"><span class=\"bumpedFont17\">31.000,<\/span><\/span><span class=\"s3\"><span class=\"bumpedFont17\">00<\/span><\/span> <span class=\"s3\"><span class=\"bumpedFont17\">&#8211; <\/span><\/span><span class=\"s3\"><span class=\"bumpedFont17\">Vig\u00eancia: <\/span><\/span><span class=\"s3\"><span class=\"bumpedFont17\">12 meses <\/span><\/span><span class=\"s3\"><span class=\"bumpedFont17\">&#8211; \u00a0Dot or\u00e7:<\/span><\/span><span class=\"s3\"><span class=\"bumpedFont17\">02.015.000.27.812.0016.2072.339039.00\/150 <\/span><\/span><span class=\"s3\"><span class=\"bumpedFont17\">&#8211; <\/span><\/span><span class=\"s3\"><span class=\"bumpedFont17\">Ass:<\/span><\/span> <span class=\"s3\"><span class=\"bumpedFont17\">15<\/span><\/span><span class=\"s3\"><span class=\"bumpedFont17\">\/04\/2024<\/span><\/span> <span class=\"s3\"><span class=\"bumpedFont17\">&#8211; Foro: S\u00e3o Jo\u00e3o Nepomuceno\/MG.<\/span><\/span><\/p>\n<p class=\"s4\" style=\"text-align: center;\">\n<p class=\"s4\" style=\"text-align: center;\">\n<p class=\"s4\" style=\"text-align: center;\">\n<p class=\"s4\" style=\"text-align: center;\">\n<p class=\"s2\" style=\"text-align: center;\">\n<p class=\"s2\" style=\"text-align: center;\"><span class=\"s3\"><span class=\"bumpedFont17\">Marcos de Ara\u00fajo Lima<\/span><\/span><\/p>\n<p class=\"s2\" style=\"text-align: center;\"><span class=\"s3\"><span class=\"bumpedFont17\">Prefeito <\/span><\/span><span class=\"s3\"><span class=\"bumpedFont17\">Municipal <\/span><\/span><\/p>\n<p class=\"s2\" style=\"text-align: center;\">\n","protected":false},"excerpt":{"rendered":"<p>EXTRATO DE CONTRATO Pref. Municipal de Descoberto x M4 Consultoria LTDA &#8211; Objeto: Contrata\u00e7\u00e3o de empresa para organiza\u00e7\u00e3o de campeonato municipal de futsal 2024 de Descoberto\/MG&#8211; Fundamento: Preg\u00e3o Presencial n\u00ba 008\/2024 &#8211; Valor Global: R$31.000,00 &#8211; Vig\u00eancia: 12 meses &#8211; \u00a0Dot or\u00e7:02.015.000.27.812.0016.2072.339039.00\/150 &#8211; Ass: 15\/04\/2024 &#8211; Foro: S\u00e3o Jo\u00e3o Nepomuceno\/MG. Marcos de Ara\u00fajo Lima Prefeito [&hellip;]<\/p>\n","protected":false},"author":246,"featured_media":0,"comment_status":"closed","ping_status":"closed","sticky":false,"template":"","format":"standard","meta":{"footnotes":""},"categories":[307],"tags":[],"class_list":["post-222218","post","type-post","status-publish","format-standard","hentry","category-editais"],"_links":{"self":[{"href":"https:\/\/diarioregionaldigital.com.br\/index.php?rest_route=\/wp\/v2\/posts\/222218","targetHints":{"allow":["GET"]}}],"collection":[{"href":"https:\/\/diarioregionaldigital.com.br\/index.php?rest_route=\/wp\/v2\/posts"}],"about":[{"href":"https:\/\/diarioregionaldigital.com.br\/index.php?rest_route=\/wp\/v2\/types\/post"}],"author":[{"embeddable":true,"href":"https:\/\/diarioregionaldigital.com.br\/index.php?rest_route=\/wp\/v2\/users\/246"}],"replies":[{"embeddable":true,"href":"https:\/\/diarioregionaldigital.com.br\/index.php?rest_route=%2Fwp%2Fv2%2Fcomments&post=222218"}],"version-history":[{"count":1,"href":"https:\/\/diarioregionaldigital.com.br\/index.php?rest_route=\/wp\/v2\/posts\/222218\/revisions"}],"predecessor-version":[{"id":222219,"href":"https:\/\/diarioregionaldigital.com.br\/index.php?rest_route=\/wp\/v2\/posts\/222218\/revisions\/222219"}],"wp:attachment":[{"href":"https:\/\/diarioregionaldigital.com.br\/index.php?rest_route=%2Fwp%2Fv2%2Fmedia&parent=222218"}],"wp:term":[{"taxonomy":"category","embeddable":true,"href":"https:\/\/diarioregionaldigital.com.br\/index.php?rest_route=%2Fwp%2Fv2%2Fcategories&post=222218"},{"taxonomy":"post_tag","embeddable":true,"href":"https:\/\/diarioregionaldigital.com.br\/index.php?rest_route=%2Fwp%2Fv2%2Ftags&post=222218"}],"curies":[{"name":"wp","href":"https:\/\/api.w.org\/{rel}","templated":true}]}}