{"id":222145,"date":"2024-04-12T17:30:30","date_gmt":"2024-04-12T20:30:30","guid":{"rendered":"https:\/\/diarioregionaldigital.com.br\/?p=222145"},"modified":"2024-04-12T17:30:30","modified_gmt":"2024-04-12T20:30:30","slug":"problemas-estruturais-graves-impedem-retomada-de-obras-do-hospital-regional-de-juiz-de-fora","status":"publish","type":"post","link":"https:\/\/diarioregionaldigital.com.br\/?p=222145","title":{"rendered":"Problemas estruturais graves impedem retomada de obras do Hospital Regional de Juiz de Fora"},"content":{"rendered":"<p>Uma s\u00e9rie de erros graves no processo de constru\u00e7\u00e3o da unidade do Hospital Regional de Juiz de Fora, iniciada em 2009, apontados em laudos e diagn\u00f3sticos da\u00a0<a href=\"http:\/\/www.infraestrutura.mg.gov.br\/\" target=\"_blank\" rel=\"noopener\">Secretaria de Estado de Infraestrutura, Mobilidade e Parcerias do Governo de Minas Gerais (Seinfra)<\/a>, colocou em d\u00favida a estabilidade do edif\u00edcio destinado ao Hospital Regional de Juiz de Fora.<\/p>\n<p>Abandonada desde 2017, a estrutura foi vandalizada e se deteriorou com o decorrer do tempo.<\/p>\n<p>O diagn\u00f3stico orientou novos estudos realizados nas funda\u00e7\u00f5es e estruturas da edifica\u00e7\u00e3o para conseguir mensurar qual seria a necessidade de refor\u00e7o necess\u00e1rio e garantir a estabilidade e seguran\u00e7a da edifica\u00e7\u00e3o.<\/p>\n<figure class=\"image\"><img decoding=\"async\" src=\"https:\/\/www.agenciaminas.mg.gov.br\/ckeditor_assets\/pictures\/20714\/content_hrjf_6.jpeg\" alt=\"\" \/><figcaption><em><sub>Relat\u00f3rio Lumens \/ Divulga\u00e7\u00e3o<\/sub><\/em><\/figcaption><\/figure>\n<p>A obra do Hospital Regional de Juiz de Fora teve v\u00e1rios problemas de execu\u00e7\u00e3o e na presta\u00e7\u00e3o de contas.<\/p>\n<p>Atualmente, h\u00e1 uma d\u00edvida da Prefeitura de Juiz de Fora com o Estado por conta dos repasses feitos para a constru\u00e7\u00e3o do hospital no valor de aproximadamente R$ 151,3 milh\u00f5es, que foram indevidamente executados, e resultaram em um processo de tomada de contas especial. Este passivo seria quitado com o repasse oneroso do terreno do hospital para o Estado, que assumiria a continuidade das obras, mas que ainda n\u00e3o ocorreu.<\/p>\n<p>Por estas raz\u00f5es, e tendo em vista o recente pedido oficial da Empresa Brasileira de Servi\u00e7os Hospitalares (EBSERH), em 1\/4\/2024, solicitando apoio da\u00a0<a href=\"https:\/\/www.saude.mg.gov.br\/\" target=\"_blank\" rel=\"noopener\">Secretaria de Estado de Sa\u00fade (SES-MG)<\/a>\u00a0para repasse de recursos voltados para amplia\u00e7\u00e3o do Hospital Universit\u00e1rio da UFJF, o\u00a0<a href=\"https:\/\/www.mg.gov.br\/\" target=\"_blank\" rel=\"noopener\">Governo de Minas<\/a>\u00a0optou por investir na sa\u00fade da regi\u00e3o de outra forma.<\/p>\n<figure class=\"image\"><img decoding=\"async\" src=\"https:\/\/www.agenciaminas.mg.gov.br\/ckeditor_assets\/pictures\/20713\/content_hrjf_12.jpeg\" alt=\"\" \/><figcaption><em><sub>Relat\u00f3rio Lumens \/ Divulga\u00e7\u00e3o<\/sub><\/em><\/figcaption><\/figure>\n<p>Garante-se que os investimentos que seriam feitos na retomada das obras da unidade hospitalar, na ordem de R$ 150 milh\u00f5es, ser\u00e3o destinados para facilitar e melhorar o acesso \u00e0 sa\u00fade da popula\u00e7\u00e3o da Zona da Mata.<\/p>\n<p>\u201cNo decorrer do processo, o Hospital Universit\u00e1rio de Juiz de Fora foi inclu\u00eddo no PAC, e um investimento de dobrar este hospital nos foi apresentado. Junto, veio um pleito para o Governo de Minas: foi pedido para equip\u00e1-lo, porque o recurso n\u00e3o est\u00e1 vinculado aos equipamentos para os mais de 170 leitos de amplia\u00e7\u00e3o&#8221;, explica \u00a0o secret\u00e1rio de Estado de Sa\u00fade de Minas Gerais, F\u00e1bio Baccheretti.<\/p>\n<p>Ele detalha: &#8220;diante disso, olhando os fatos, essa constru\u00e7\u00e3o mal feita, os riscos de demorar essa obra, decidiu-se que este recurso ser\u00e1, sim, investido em Juiz de Fora, mas em outros locais. Estamos avaliando junto \u00e0 toda a regi\u00e3o como ser\u00e1, tamb\u00e9m teremos conversas com a \u00a0Prefeitura de Juiz de Fora para ver onde teremos melhor investimento e garantir que a cidade e regi\u00e3o tenham uma sa\u00fade melhor\u201d.<\/p>\n<p><strong>Cen\u00e1rios<\/strong><\/p>\n<p>Um dos poss\u00edveis investimentos pode ser o repasse de recursos para viabilizar e agilizar as obras de amplia\u00e7\u00e3o do Hospital Universit\u00e1rio da Universidade Federal de Juiz de Fora, que \u00e9 administrado pelo Minist\u00e9rio da Educa\u00e7\u00e3o.<\/p>\n<p>Ap\u00f3s a expans\u00e3o, o hospital universit\u00e1rio ter\u00e1 356 leitos destinados a atendimento de pacientes do SUS, dobrando o quantitativo atual, de 137 leitos.<\/p>\n<p>Al\u00e9m disso, o novo HU-UFJF contar\u00e1 com 18 salas cir\u00fargicas, \u00e1rea de hemodin\u00e2mica, 40 leitos de UTI para adultos (leitos cl\u00ednicos, cir\u00fargicos, coronarianos e neurol\u00f3gicos), leitos de UTI pedi\u00e1trica e neonatal, leitos psiqui\u00e1tricos, centro obst\u00e9trico, pronto atendimento e espa\u00e7os destinados a transplantes.<\/p>\n<p>Tamb\u00e9m um centro de tratamento de queimados e centro oncol\u00f3gico, em que est\u00e1 prevista a implanta\u00e7\u00e3o de um acelerador linear, servi\u00e7o de quimioterapia, \u00e1rea de recrea\u00e7\u00e3o\/brinquedoteca e ambulat\u00f3rio de oncologia e onco-hematologia. Ou seja, atendimento similar ao proposto no Hospital Regional.<\/p>\n<p><strong>Sa\u00fade descentralizada<\/strong><\/p>\n<p>Em 5 anos, o Governo de Minas aumentou em 444% os repasses de verba para o Fundo Municipal de Sa\u00fade de Juiz de Fora.<\/p>\n<p>Em 2019, os repasses foram de R$ 21,2 milh\u00f5es e em 2023, o valor ultrapassou R$ 115 milh\u00f5es.<\/p>\n<p>Al\u00e9m disso, os oito hospitais de Juiz de Fora que atendem ao Sistema \u00danico de Sa\u00fade (SUS) receberam, at\u00e9 agora, R$ 71,3 milh\u00f5es do programa Valora, implementado em 2021, para fortalecer e otimizar o financiamento das unidades assistenciais do Estado.<\/p>\n<p>Tamb\u00e9m houve fortalecimento na sa\u00fade nos demais munic\u00edpios da macrorregi\u00e3o atendida por Juiz de Fora. Os repasses aumentaram oito vezes, passando de R$ 10 milh\u00f5es para R$ 80 milh\u00f5es no mesmo per\u00edodo.<\/p>\n<p>Com o intuito de equipar e fortalecer os equipamentos de sa\u00fade, Juiz de Fora recebeu tr\u00eas novos tom\u00f3grafos e outros sete foram encaminhados para cidades da macrorregi\u00e3o, o que contribui para aumentar a capacidade destes munic\u00edpios de fazerem diagn\u00f3sticos de alta complexidade sem necessidade de encaminhamentos ao munic\u00edpio refer\u00eancia.<\/p>\n<p>Com rela\u00e7\u00e3o \u00e0s cirurgias eletivas, o programa Opera Mais j\u00e1 destinou para a macrorregi\u00e3o de Juiz de Fora cerca de R$ 19 milh\u00f5es, o que permitiu a realiza\u00e7\u00e3o de 18.920 procedimentos cirurgicos.<\/p>\n<p>Outros R$ 19 milh\u00f5es foram destinados ao Hospital Jo\u00e3o Penido, administrado pela\u00a0<a href=\"https:\/\/www.fhemig.mg.gov.br\/\" target=\"_blank\" rel=\"noopener\">Funda\u00e7\u00e3o Hospitalar de Minas Gerais (Fhemig)<\/a>, para a moderniza\u00e7\u00e3o dos equipamentos, e revitaliza\u00e7\u00e3o e amplia\u00e7\u00e3o da ala pedi\u00e1trica e cria\u00e7\u00e3o de dez leitos de UTI adulto.<\/p>\n<p>Os recursos possibilitaram, ainda, a cria\u00e7\u00e3o do Centro de Tratamento de Queimados n\u00edvel 2, que garante o tratamento a queimaduras, com possibilidade de realiza\u00e7\u00e3o de cirurgias dessa especialidade. Tudo isso contribuiu para o crescimento de 115% no n\u00famero de cirurgias realizadas em 2023 no hospital, na compara\u00e7\u00e3o com 2022.<\/p>\n<p>Fonte: Ag\u00eancia Minas<\/p>\n","protected":false},"excerpt":{"rendered":"<p>Uma s\u00e9rie de erros graves no processo de constru\u00e7\u00e3o da unidade do Hospital Regional de Juiz de Fora, iniciada em 2009, apontados em laudos e diagn\u00f3sticos da\u00a0Secretaria de Estado de Infraestrutura, Mobilidade e Parcerias do Governo de Minas Gerais (Seinfra), colocou em d\u00favida a estabilidade do edif\u00edcio destinado ao Hospital Regional de Juiz de Fora. [&hellip;]<\/p>\n","protected":false},"author":246,"featured_media":222146,"comment_status":"closed","ping_status":"closed","sticky":false,"template":"","format":"standard","meta":{"footnotes":""},"categories":[253,436,261,439],"tags":[],"class_list":["post-222145","post","type-post","status-publish","format-standard","has-post-thumbnail","hentry","category-cidade","category-destaque-da-semana","category-economia","category-ultima-hora"],"_links":{"self":[{"href":"https:\/\/diarioregionaldigital.com.br\/index.php?rest_route=\/wp\/v2\/posts\/222145","targetHints":{"allow":["GET"]}}],"collection":[{"href":"https:\/\/diarioregionaldigital.com.br\/index.php?rest_route=\/wp\/v2\/posts"}],"about":[{"href":"https:\/\/diarioregionaldigital.com.br\/index.php?rest_route=\/wp\/v2\/types\/post"}],"author":[{"embeddable":true,"href":"https:\/\/diarioregionaldigital.com.br\/index.php?rest_route=\/wp\/v2\/users\/246"}],"replies":[{"embeddable":true,"href":"https:\/\/diarioregionaldigital.com.br\/index.php?rest_route=%2Fwp%2Fv2%2Fcomments&post=222145"}],"version-history":[{"count":1,"href":"https:\/\/diarioregionaldigital.com.br\/index.php?rest_route=\/wp\/v2\/posts\/222145\/revisions"}],"predecessor-version":[{"id":222147,"href":"https:\/\/diarioregionaldigital.com.br\/index.php?rest_route=\/wp\/v2\/posts\/222145\/revisions\/222147"}],"wp:featuredmedia":[{"embeddable":true,"href":"https:\/\/diarioregionaldigital.com.br\/index.php?rest_route=\/wp\/v2\/media\/222146"}],"wp:attachment":[{"href":"https:\/\/diarioregionaldigital.com.br\/index.php?rest_route=%2Fwp%2Fv2%2Fmedia&parent=222145"}],"wp:term":[{"taxonomy":"category","embeddable":true,"href":"https:\/\/diarioregionaldigital.com.br\/index.php?rest_route=%2Fwp%2Fv2%2Fcategories&post=222145"},{"taxonomy":"post_tag","embeddable":true,"href":"https:\/\/diarioregionaldigital.com.br\/index.php?rest_route=%2Fwp%2Fv2%2Ftags&post=222145"}],"curies":[{"name":"wp","href":"https:\/\/api.w.org\/{rel}","templated":true}]}}